{"id":87628,"date":"2024-10-11T05:09:23","date_gmt":"2024-10-11T10:09:23","guid":{"rendered":"https:\/\/losperiodistas.com.mx\/portal\/?p=87628"},"modified":"2024-10-11T05:09:26","modified_gmt":"2024-10-11T10:09:26","slug":"preocupante-mensaje-de-la-oms-adios-a-siglos-de-avances-medicos-vozpopuli","status":"publish","type":"post","link":"https:\/\/losperiodistas.com.mx\/portal\/preocupante-mensaje-de-la-oms-adios-a-siglos-de-avances-medicos-vozpopuli\/","title":{"rendered":"Preocupante mensaje de la OMS: adi\u00f3s a siglos de avances m\u00e9dicos | VozP\u00f3puli"},"content":{"rendered":"\n<h2 class=\"wp-block-heading\">La OMS pide a los l\u00edderes mundiales medidas \u00aburgentes\u00bb para hacer frente a la \u00abamenaza\u00bb que supone la resistencia a los antimicrobianos (RAM)<\/h2>\n\n\n\n<ul class=\"wp-block-list\">\n<li><a href=\"https:\/\/www.vozpopuli.com\/actualidad\/enfermedades-hongos-cientificos-sd.html\">Nueva amenaza mundial de las enfermedades causadas por hongos: los cient\u00edficos env\u00edan un mensaje de alarma<\/a><\/li>\n<\/ul>\n\n\n\n<figure class=\"wp-block-image\"><img decoding=\"async\" src=\"https:\/\/media.vozpopuli.com\/2024\/09\/OMS-a-1024x576.jpg\" alt=\"\"\/><figcaption class=\"wp-element-caption\">La OMS pide medidas urgentes para luchar frente a la resistencia a los antimicrobianos.&nbsp;<strong>Freepik<\/strong><\/figcaption><\/figure>\n\n\n\n<p><a href=\"https:\/\/www.vozpopuli.com\/redaccion\/marcos_rodriguez\"><\/a><\/p>\n\n\n\n<p class=\"has-vivid-red-color has-text-color has-link-color has-medium-font-size wp-elements-48421afabe15809e7b891a26f4447559\"><strong><a href=\"https:\/\/www.vozpopuli.com\/redaccion\/marcos_rodriguez\">Marcos Rodr\u00edguez L\u00f3pez<\/a> \/ VozP\u00f3puli<\/strong><\/p>\n\n\n\n<p>11\/10\/2024 <\/p>\n\n\n\n<p><\/p>\n\n\n\n<p>La<strong><a href=\"https:\/\/www.vozpopuli.com\/actualidad\/oms-alerta-sartenes-ollas-salud-sd.html\">&nbsp;Organizaci\u00f3n Mundial de la Salud (OMS)<\/a><\/strong>&nbsp;ha lanzado una seria&nbsp;<strong>advertencia&nbsp;<\/strong>sobre una&nbsp;<strong>amenaza&nbsp;<\/strong>que podr\u00eda revertir m\u00e1s de un siglo de avances m\u00e9dicos: la&nbsp;<strong>resistencia a los antimicrobianos (RAM)<\/strong>. En un llamado urgente dirigido a los l\u00edderes mundiales, que se reunir\u00e1n la pr\u00f3xima semana en la Asamblea General de la ONU en Nueva York, la OMS ha subrayado la necesidad de tomar medidas \u00aben\u00e9rgicas y coordinadas\u00bb para combatir esta creciente crisis global, tal y como recoge&nbsp;<em>Europa Press<\/em>.<\/p>\n\n\n\n<p><a href=\"https:\/\/www.who.int\/es\/director-general\" target=\"_blank\" rel=\"noreferrer noopener\">El director general de la OMS,&nbsp;<strong>Tedros Adhanom Ghebreyesus<\/strong><\/a>, ha alertado durante la rueda de prensa semanal del organismo que la resistencia a los antimicrobianos, provocada principalmente por el uso indebido y excesivo de medicamentos, podr\u00eda devolvernos a una era preantibi\u00f3tica. \u00abLa RAM amenaza con dar al traste con&nbsp;<strong>un siglo de avances m\u00e9dicos<\/strong>, llevando a que infecciones hoy tratables se conviertan en una sentencia de muerte\u00bb, ha explicado Tedros.<\/p>\n\n\n\n<h2 class=\"wp-block-heading\">\u00bfQu\u00e9 es la resistencia a los antimicrobianos y por qu\u00e9 es peligrosa?<\/h2>\n\n\n\n<p>La RAM se produce cuando&nbsp;<strong>bacterias<\/strong>,&nbsp;<strong>virus<\/strong>,&nbsp;<strong>hongos&nbsp;<\/strong>y&nbsp;<strong>par\u00e1sitos&nbsp;<\/strong>desarrollan resistencia a los medicamentos dise\u00f1ados para matarlos. Esto ocurre principalmente debido al mal uso de antibi\u00f3ticos y otros antimicrobianos, tanto en la medicina humana como en la agricultura. A medida que los pat\u00f3genos se vuelven inmunes a los tratamientos disponibles, enfermedades comunes podr\u00edan volverse intratables, revirtiendo d\u00e9cadas de progreso m\u00e9dico.<\/p>\n\n\n\n<p>Seg\u00fan la OMS, la RAM ya es responsable de millones de muertes anuales y podr\u00eda causar&nbsp;<strong>m\u00e1s de 10 millones de fallecimientos&nbsp;<\/strong>al a\u00f1o para 2050 si no se toman medidas urgentes.<\/p>\n\n\n\n<h2 class=\"wp-block-heading\">Los hospitales, en el ojo del hurac\u00e1n<\/h2>\n\n\n\n<p>Tedros ha se\u00f1alado que la RAM es particularmente preocupante en los centros de salud, donde representa una<strong>&nbsp;\u00abgrave amenaza\u00bb<\/strong>&nbsp;para la seguridad de los pacientes. Las infecciones resistentes en hospitales pueden propagarse r\u00e1pidamente, poniendo en riesgo a personas vulnerables, como los pacientes en cuidados intensivos, aquellos sometidos a cirug\u00eda o las personas con sistemas inmunitarios debilitados.<\/p>\n\n\n\n<p>El pr\u00f3ximo encuentro en la ONU ser\u00e1 clave para abordar esta crisis global. \u00abEsta reuni\u00f3n brinda una oportunidad hist\u00f3rica para que los l\u00edderes mundiales acuerden acciones e inversiones espec\u00edficas para hacer frente a esta amenaza\u00bb, ha resaltado el jefe de la OMS. La organizaci\u00f3n insta a los gobiernos a invertir en nuevas investigaciones, mejorar el acceso a diagn\u00f3sticos y medicamentos, y fomentar el uso responsable de los antimicrobianos.<\/p>\n\n\n\n<h2 class=\"wp-block-heading\">\u00bfQu\u00e9 se puede hacer para frenar la resistencia a los antimicrobianos?<\/h2>\n\n\n\n<p>La lucha contra la RAM requiere una respuesta global y&nbsp;<strong>multidisciplinaria<\/strong>. Adem\u00e1s de las acciones pol\u00edticas, la OMS recomienda a la poblaci\u00f3n un uso responsable de los antibi\u00f3ticos, s\u00f3lo cuando sea necesario y bajo prescripci\u00f3n m\u00e9dica. Tambi\u00e9n es vital mejorar la prevenci\u00f3n de infecciones mediante la vacunaci\u00f3n, la higiene y la concienciaci\u00f3n sobre el uso adecuado de estos medicamentos.<\/p>\n\n\n\n<p>La resistencia a los antimicrobianos no es una amenaza lejana, sino una crisis en evoluci\u00f3n que afecta a todos los pa\u00edses, independientemente de su nivel de desarrollo. Si no se act\u00faa de inmediato, el mundo podr\u00eda enfrentar una era en la que enfermedades que hoy son f\u00e1cilmente curables se conviertan en un desaf\u00edo mortal.<\/p>\n\n\n\n<p>En conclusi\u00f3n, la resistencia a los antimicrobianos es una amenaza que podr\u00eda devolvernos a tiempos oscuros de la medicina. La advertencia de la OMS y su llamado a la acci\u00f3n global no deben ser ignorados. Si no se toman medidas inmediatas, estamos en riesgo de perder los avances m\u00e9dicos que nos han permitido vivir m\u00e1s y mejor durante los \u00faltimos siglos.<\/p>\n\n\n\n<p>Fuente: <a href=\"https:\/\/www.vozpopuli.com\/internacional\/preocupante-mensaje-oms-sd.html\">https:\/\/www.vozpopuli.com\/internacional\/preocupante-mensaje-oms-sd.html<\/a><\/p>\n","protected":false},"excerpt":{"rendered":"<p>La OMS pide a los l\u00edderes mundiales medidas \u00aburgentes\u00bb para hacer frente a la \u00abamenaza\u00bb que supone la resistencia a [&hellip;]<\/p>\n","protected":false},"author":1,"featured_media":87629,"comment_status":"open","ping_status":"open","sticky":false,"template":"","format":"standard","meta":{"site-sidebar-layout":"default","site-content-layout":"","ast-site-content-layout":"default","site-content-style":"default","site-sidebar-style":"default","ast-global-header-display":"","ast-banner-title-visibility":"","ast-main-header-display":"","ast-hfb-above-header-display":"","ast-hfb-below-header-display":"","ast-hfb-mobile-header-display":"","site-post-title":"","ast-breadcrumbs-content":"","ast-featured-img":"","footer-sml-layout":"","theme-transparent-header-meta":"","adv-header-id-meta":"","stick-header-meta":"","header-above-stick-meta":"","header-main-stick-meta":"","header-below-stick-meta":"","astra-migrate-meta-layouts":"default","ast-page-background-enabled":"default","ast-page-background-meta":{"desktop":{"background-color":"var(--ast-global-color-4)","background-image":"","background-repeat":"repeat","background-position":"center center","background-size":"auto","background-attachment":"scroll","background-type":"","background-media":"","overlay-type":"","overlay-color":"","overlay-opacity":"","overlay-gradient":""},"tablet":{"background-color":"","background-image":"","background-repeat":"repeat","background-position":"center center","background-size":"auto","background-attachment":"scroll","background-type":"","background-media":"","overlay-type":"","overlay-color":"","overlay-opacity":"","overlay-gradient":""},"mobile":{"background-color":"","background-image":"","background-repeat":"repeat","background-position":"center center","background-size":"auto","background-attachment":"scroll","background-type":"","background-media":"","overlay-type":"","overlay-color":"","overlay-opacity":"","overlay-gradient":""}},"ast-content-background-meta":{"desktop":{"background-color":"var(--ast-global-color-5)","background-image":"","background-repeat":"repeat","background-position":"center center","background-size":"auto","background-attachment":"scroll","background-type":"","background-media":"","overlay-type":"","overlay-color":"","overlay-opacity":"","overlay-gradient":""},"tablet":{"background-color":"var(--ast-global-color-5)","background-image":"","background-repeat":"repeat","background-position":"center center","background-size":"auto","background-attachment":"scroll","background-type":"","background-media":"","overlay-type":"","overlay-color":"","overlay-opacity":"","overlay-gradient":""},"mobile":{"background-color":"var(--ast-global-color-5)","background-image":"","background-repeat":"repeat","background-position":"center center","background-size":"auto","background-attachment":"scroll","background-type":"","background-media":"","overlay-type":"","overlay-color":"","overlay-opacity":"","overlay-gradient":""}},"footnotes":""},"categories":[8],"tags":[31400,507],"class_list":["post-87628","post","type-post","status-publish","format-standard","has-post-thumbnail","hentry","category-noticias","tag-antimicrobianos","tag-oms"],"_links":{"self":[{"href":"https:\/\/losperiodistas.com.mx\/portal\/wp-json\/wp\/v2\/posts\/87628","targetHints":{"allow":["GET"]}}],"collection":[{"href":"https:\/\/losperiodistas.com.mx\/portal\/wp-json\/wp\/v2\/posts"}],"about":[{"href":"https:\/\/losperiodistas.com.mx\/portal\/wp-json\/wp\/v2\/types\/post"}],"author":[{"embeddable":true,"href":"https:\/\/losperiodistas.com.mx\/portal\/wp-json\/wp\/v2\/users\/1"}],"replies":[{"embeddable":true,"href":"https:\/\/losperiodistas.com.mx\/portal\/wp-json\/wp\/v2\/comments?post=87628"}],"version-history":[{"count":1,"href":"https:\/\/losperiodistas.com.mx\/portal\/wp-json\/wp\/v2\/posts\/87628\/revisions"}],"predecessor-version":[{"id":87630,"href":"https:\/\/losperiodistas.com.mx\/portal\/wp-json\/wp\/v2\/posts\/87628\/revisions\/87630"}],"wp:featuredmedia":[{"embeddable":true,"href":"https:\/\/losperiodistas.com.mx\/portal\/wp-json\/wp\/v2\/media\/87629"}],"wp:attachment":[{"href":"https:\/\/losperiodistas.com.mx\/portal\/wp-json\/wp\/v2\/media?parent=87628"}],"wp:term":[{"taxonomy":"category","embeddable":true,"href":"https:\/\/losperiodistas.com.mx\/portal\/wp-json\/wp\/v2\/categories?post=87628"},{"taxonomy":"post_tag","embeddable":true,"href":"https:\/\/losperiodistas.com.mx\/portal\/wp-json\/wp\/v2\/tags?post=87628"}],"curies":[{"name":"wp","href":"https:\/\/api.w.org\/{rel}","templated":true}]}}