{"id":87620,"date":"2024-10-11T00:11:37","date_gmt":"2024-10-11T05:11:37","guid":{"rendered":"http:\/\/losperiodistas.com.mx\/portal\/?p=87620"},"modified":"2024-10-11T00:11:39","modified_gmt":"2024-10-11T05:11:39","slug":"bacheo-en-puebla-inicio-en-vialidades-estatales","status":"publish","type":"post","link":"https:\/\/losperiodistas.com.mx\/portal\/bacheo-en-puebla-inicio-en-vialidades-estatales\/","title":{"rendered":"Bacheo en Puebla inici\u00f3 en vialidades estatales, despu\u00e9s ser\u00e1n las calles | E-Consulta"},"content":{"rendered":"\n<p>Jes\u00fas Aquino Lim\u00f3n inform\u00f3 que el orden del bacheo es con base al tipo de utilidad de las vialidades<\/p>\n\n\n\n<figure class=\"wp-block-image size-large\"><img fetchpriority=\"high\" decoding=\"async\" width=\"1024\" height=\"627\" src=\"https:\/\/losperiodistas.com.mx\/portal\/wp-content\/uploads\/2024\/10\/Captura-de-pantalla-2024-10-10-230756-1024x627.png\" alt=\"\" class=\"wp-image-87621\" srcset=\"https:\/\/losperiodistas.com.mx\/portal\/wp-content\/uploads\/2024\/10\/Captura-de-pantalla-2024-10-10-230756-1024x627.png 1024w, https:\/\/losperiodistas.com.mx\/portal\/wp-content\/uploads\/2024\/10\/Captura-de-pantalla-2024-10-10-230756-300x184.png 300w, https:\/\/losperiodistas.com.mx\/portal\/wp-content\/uploads\/2024\/10\/Captura-de-pantalla-2024-10-10-230756-768x471.png 768w, https:\/\/losperiodistas.com.mx\/portal\/wp-content\/uploads\/2024\/10\/Captura-de-pantalla-2024-10-10-230756.png 1064w\" sizes=\"(max-width: 1024px) 100vw, 1024px\" \/><figcaption class=\"wp-element-caption\">Bacheo Nocturno<\/figcaption><\/figure>\n\n\n\n<p class=\"has-vivid-red-color has-text-color has-link-color wp-elements-19007db53ad25e0558c0421ee8babf02\">Carlos Moreno \/ E-Consulta<\/p>\n\n\n\n<p>El <strong>bacheo nocturno<\/strong> que emprendi\u00f3 el <strong>gobierno de Puebla<\/strong> ante el mal estado del pavimento inici\u00f3 en <strong>vialidades de competencia estatal<\/strong>, despu\u00e9s seguir\u00e1n las avenidas, para terminar con las calles peque\u00f1as al interior de la ciudad.<\/p>\n\n\n\n<p><strong>Jes\u00fas Aquino Lim\u00f3n<\/strong>, subsecretario de <strong>Infraestructura<\/strong>, inform\u00f3 que el orden del bacheo es de acuerdo al <strong>tipo de utilidad de las vialidades<\/strong>, adem\u00e1s de que el estado tiene <strong>competencia directa<\/strong> en los caminos estatales.<\/p>\n\n\n\n<p>Las primeras v\u00edas a intervenir son: <strong>bulevar Valsequillo<\/strong>, Forjadores, <strong>C\u00famulo de Virgo<\/strong>, Camino al Bat\u00e1n, <strong>12<\/strong>, <strong>14<\/strong> y <strong>16 Oriente<\/strong>, 12 y 14 Norte.<\/p>\n\n\n\n<p>Despu\u00e9s de trabajar en estas avenidas, agreg\u00f3 Aquino, seguir\u00e1n las <strong>calles internas del municipio<\/strong>, empezando por las que tengan m\u00e1s reportes.<\/p>\n\n\n\n<p>Debido a la inmediatez con la que se deb\u00edan iniciar los trabajos de bacheo, la <strong>adjudicaci\u00f3n se hizo de manera directa<\/strong>, inform\u00f3 el funcionario.<\/p>\n\n\n\n<blockquote class=\"twitter-tweet\"><p lang=\"es\" dir=\"ltr\">En atenci\u00f3n a las necesidades de las y los poblanos que habitan en la zona metropolitana por la recurrente presencia de baches en las vialidades donde circulan miles de automovilistas as\u00ed como el transporte p\u00fablico, a partir de hoy se implementar\u00e1 el programa <a href=\"https:\/\/twitter.com\/hashtag\/BacheoNocturno?src=hash&amp;ref_src=twsrc%5Etfw\">#BacheoNocturno<\/a>\u2026 <a href=\"https:\/\/t.co\/cqQ2oW5wn4\">pic.twitter.com\/cqQ2oW5wn4<\/a><\/p>&mdash; Gobierno de Puebla (@Gob_Puebla) <a href=\"https:\/\/twitter.com\/Gob_Puebla\/status\/1843295206919086101?ref_src=twsrc%5Etfw\">October 7, 2024<\/a><\/blockquote> <script async src=\"https:\/\/platform.twitter.com\/widgets.js\" charset=\"utf-8\"><\/script> \n\n\n\n<p>El lunes el gobierno del estado inform\u00f3 que invertir\u00eda <strong>m\u00e1s de 50 millones de pesos<\/strong> para tapar los baches que existen en la <strong>ciudad de Puebla y Zona Metropolitana<\/strong>, en el que las lluvias dejaron grandes aver\u00edas en las diferentes vialidades.<\/p>\n\n\n\n<p>El gobernador <strong>Sergio Salom\u00f3n C\u00e9spedes Peregrina<\/strong> inform\u00f3 ese d\u00eda que su administraci\u00f3n est\u00e1 ocupada por garantizar el bienestar de la poblaci\u00f3n. Por ello, si bien las acciones de bacheo <strong>son competencia de los municipios<\/strong>, dicha iniciativa estatal contribuir\u00e1 a que haya mejores calles.<\/p>\n\n\n\n<p>Fuente: <a href=\"https:\/\/www.e-consulta.com\/nota\/2024-10-10\/gobierno\/bacheo-en-puebla-inicio-en-vialidades-estatales-despues-seran-las-calles\" target=\"_blank\" rel=\"noreferrer noopener\">E-Consulta<\/a><\/p>\n","protected":false},"excerpt":{"rendered":"<p>Jes\u00fas Aquino Lim\u00f3n inform\u00f3 que el orden del bacheo es con base al tipo de utilidad de las vialidades<\/p>\n","protected":false},"author":1,"featured_media":87621,"comment_status":"open","ping_status":"open","sticky":false,"template":"","format":"standard","meta":{"site-sidebar-layout":"default","site-content-layout":"","ast-site-content-layout":"default","site-content-style":"default","site-sidebar-style":"default","ast-global-header-display":"","ast-banner-title-visibility":"","ast-main-header-display":"","ast-hfb-above-header-display":"","ast-hfb-below-header-display":"","ast-hfb-mobile-header-display":"","site-post-title":"","ast-breadcrumbs-content":"","ast-featured-img":"","footer-sml-layout":"","theme-transparent-header-meta":"","adv-header-id-meta":"","stick-header-meta":"","header-above-stick-meta":"","header-main-stick-meta":"","header-below-stick-meta":"","astra-migrate-meta-layouts":"default","ast-page-background-enabled":"default","ast-page-background-meta":{"desktop":{"background-color":"var(--ast-global-color-4)","background-image":"","background-repeat":"repeat","background-position":"center center","background-size":"auto","background-attachment":"scroll","background-type":"","background-media":"","overlay-type":"","overlay-color":"","overlay-opacity":"","overlay-gradient":""},"tablet":{"background-color":"","background-image":"","background-repeat":"repeat","background-position":"center center","background-size":"auto","background-attachment":"scroll","background-type":"","background-media":"","overlay-type":"","overlay-color":"","overlay-opacity":"","overlay-gradient":""},"mobile":{"background-color":"","background-image":"","background-repeat":"repeat","background-position":"center center","background-size":"auto","background-attachment":"scroll","background-type":"","background-media":"","overlay-type":"","overlay-color":"","overlay-opacity":"","overlay-gradient":""}},"ast-content-background-meta":{"desktop":{"background-color":"var(--ast-global-color-5)","background-image":"","background-repeat":"repeat","background-position":"center center","background-size":"auto","background-attachment":"scroll","background-type":"","background-media":"","overlay-type":"","overlay-color":"","overlay-opacity":"","overlay-gradient":""},"tablet":{"background-color":"var(--ast-global-color-5)","background-image":"","background-repeat":"repeat","background-position":"center center","background-size":"auto","background-attachment":"scroll","background-type":"","background-media":"","overlay-type":"","overlay-color":"","overlay-opacity":"","overlay-gradient":""},"mobile":{"background-color":"var(--ast-global-color-5)","background-image":"","background-repeat":"repeat","background-position":"center center","background-size":"auto","background-attachment":"scroll","background-type":"","background-media":"","overlay-type":"","overlay-color":"","overlay-opacity":"","overlay-gradient":""}},"footnotes":""},"categories":[8],"tags":[31248,31397,6092],"class_list":["post-87620","post","type-post","status-publish","format-standard","has-post-thumbnail","hentry","category-noticias","tag-bacheo-nocturno","tag-baches","tag-gobierno-de-puebla"],"_links":{"self":[{"href":"https:\/\/losperiodistas.com.mx\/portal\/wp-json\/wp\/v2\/posts\/87620","targetHints":{"allow":["GET"]}}],"collection":[{"href":"https:\/\/losperiodistas.com.mx\/portal\/wp-json\/wp\/v2\/posts"}],"about":[{"href":"https:\/\/losperiodistas.com.mx\/portal\/wp-json\/wp\/v2\/types\/post"}],"author":[{"embeddable":true,"href":"https:\/\/losperiodistas.com.mx\/portal\/wp-json\/wp\/v2\/users\/1"}],"replies":[{"embeddable":true,"href":"https:\/\/losperiodistas.com.mx\/portal\/wp-json\/wp\/v2\/comments?post=87620"}],"version-history":[{"count":1,"href":"https:\/\/losperiodistas.com.mx\/portal\/wp-json\/wp\/v2\/posts\/87620\/revisions"}],"predecessor-version":[{"id":87622,"href":"https:\/\/losperiodistas.com.mx\/portal\/wp-json\/wp\/v2\/posts\/87620\/revisions\/87622"}],"wp:featuredmedia":[{"embeddable":true,"href":"https:\/\/losperiodistas.com.mx\/portal\/wp-json\/wp\/v2\/media\/87621"}],"wp:attachment":[{"href":"https:\/\/losperiodistas.com.mx\/portal\/wp-json\/wp\/v2\/media?parent=87620"}],"wp:term":[{"taxonomy":"category","embeddable":true,"href":"https:\/\/losperiodistas.com.mx\/portal\/wp-json\/wp\/v2\/categories?post=87620"},{"taxonomy":"post_tag","embeddable":true,"href":"https:\/\/losperiodistas.com.mx\/portal\/wp-json\/wp\/v2\/tags?post=87620"}],"curies":[{"name":"wp","href":"https:\/\/api.w.org\/{rel}","templated":true}]}}