{"id":87617,"date":"2024-10-10T23:41:20","date_gmt":"2024-10-11T04:41:20","guid":{"rendered":"http:\/\/losperiodistas.com.mx\/portal\/?p=87617"},"modified":"2024-10-10T23:41:22","modified_gmt":"2024-10-11T04:41:22","slug":"despenalizan-aborto-en-michoacan-ya-suman-15-estados","status":"publish","type":"post","link":"https:\/\/losperiodistas.com.mx\/portal\/despenalizan-aborto-en-michoacan-ya-suman-15-estados\/","title":{"rendered":"Despenalizan el aborto en Michoac\u00e1n; suman 15 estados donde es legal | Proceso"},"content":{"rendered":"\n<p><strong>Tras la aprobaci\u00f3n de las reformas, el gobernador de Michoac\u00e1n, Alfredo Ram\u00edrez Bedolla, lo celebr\u00f3 con el argumento de que se trata de un avance considerable a favor de los derechos sexuales y reproductivos de las mujeres y las personas gestantes.<\/strong><\/p>\n\n\n\n<figure class=\"wp-block-image size-large\"><img fetchpriority=\"high\" decoding=\"async\" width=\"1024\" height=\"674\" src=\"https:\/\/losperiodistas.com.mx\/portal\/wp-content\/uploads\/2024\/10\/Captura-de-pantalla-2024-10-10-223114-1024x674.png\" alt=\"Despenalizan el aborto\" class=\"wp-image-87618\" srcset=\"https:\/\/losperiodistas.com.mx\/portal\/wp-content\/uploads\/2024\/10\/Captura-de-pantalla-2024-10-10-223114-1024x674.png 1024w, https:\/\/losperiodistas.com.mx\/portal\/wp-content\/uploads\/2024\/10\/Captura-de-pantalla-2024-10-10-223114-300x197.png 300w, https:\/\/losperiodistas.com.mx\/portal\/wp-content\/uploads\/2024\/10\/Captura-de-pantalla-2024-10-10-223114-768x505.png 768w, https:\/\/losperiodistas.com.mx\/portal\/wp-content\/uploads\/2024\/10\/Captura-de-pantalla-2024-10-10-223114.png 1208w\" sizes=\"(max-width: 1024px) 100vw, 1024px\" \/><figcaption class=\"wp-element-caption\">Despenalizan el aborto en Michoac\u00e1n; suman 15 estados donde es legal\nMarcha a favor del aborto. Foto: Alejandro Sald\u00edvar<\/figcaption><\/figure>\n\n\n\n<p class=\"has-vivid-red-color has-text-color has-link-color wp-elements-f0b9417ed7b167b564d8ce47630ae36e\">Pedro Zamora Brise\u00f1o \/ Proceso<\/p>\n\n\n\n<p>Michoac\u00e1n se convirti\u00f3 en el estado n\u00famero 15 donde se despenaliza el aborto, luego de que esta tarde el Congreso local aprob\u00f3 por mayor\u00eda de votos una serie de reformas a diversos art\u00edculos del C\u00f3digo Penal estatal.<\/p>\n\n\n\n<p>Si bien en lo general se eliminaron las sanciones por la interrupci\u00f3n voluntaria del embarazo dentro de las primeras doce semanas de gestaci\u00f3n, tambi\u00e9n se estableci\u00f3 \u2014entre otras causales\u2014 que el aborto no ser\u00e1 punible \u201csin limitante de la etapa gestacional cuando la mujer, adolescente, ni\u00f1a o persona gestante se encuentre en una situaci\u00f3n econ\u00f3mica precaria\u201d.<\/p>\n\n\n\n<p>El paquete de reformas aprobadas por los diputados de Morena y sus aliados, incluy\u00f3 la modificaci\u00f3n, adici\u00f3n, supresi\u00f3n o derogaci\u00f3n de partes de los art\u00edculos 118, 141, 142, 143, 144, 145 y 146 del C\u00f3digo Penal del Estado de Michoac\u00e1n.<\/p>\n\n\n\n<p>En una sesi\u00f3n donde estuvieron presentes 36 de los 40 diputados la despenalizaci\u00f3n del aborto cont\u00f3 con 27 votos a favor: 14 de ellos de legisladores morenistas, 4 del PT, 3 del PVEM, 2 del PRD, 2 de MC y 2 independientes; hubo 6 votos en contra, 4 de ellos del PAN y 2 del PT, mientras que se registraron tres abstenciones: 2 del PRI y 1 del PVEM.<\/p>\n\n\n\n<p>Mientras que en la sala de sesiones estaban presentes algunos simpatizantes de la reforma que ocasionalmente aplaud\u00edan intervenciones de legisladores a favor y abucheaban a quienes expresaban su oposici\u00f3n, en el exterior permanec\u00edan manifestantes antiaborto, que desde temprano se concentraron en los accesos del Palacio Legislativo, que estuvieron custodiados por granaderos.<\/p>\n\n\n\n<p>Tras la aprobaci\u00f3n de las reformas, el gobernador de Michoac\u00e1n, Alfredo Ram\u00edrez Bedolla, lo celebr\u00f3 con el argumento de que se trata de un avance considerable a favor de los derechos sexuales y reproductivos de las mujeres y las personas gestantes.<\/p>\n\n\n\n<p>El jefe del Ejecutivo estatal record\u00f3 que esas reformas se encontraban consideradas dentro del Plan Morelos y reconoci\u00f3 la labor de los legisladores, que se colocaron \u201ca la altura de las circunstancias y de los nuevos tiempos\u201d.<\/p>\n\n\n\n<p>Ram\u00edrez Bedolla destac\u00f3 que los derechos de las mujeres son prioridad en su administraci\u00f3n, por lo que asegur\u00f3 que se garantizar\u00e1 la autonom\u00eda reproductiva de todas las mujeres y personas gestantes, pues con ello se atiende una asignatura pendiente y se prioriza la protecci\u00f3n de los derechos fundamentales de las mujeres, ni\u00f1as y adolescentes.<\/p>\n\n\n\n<p>La sesi\u00f3n, presidida por el diputado Juan Antonio Maga\u00f1a de la Mora, del PVEM, tuvo momentos \u00e1lgidos, como cuando el legislador petista Baltazar Gaona Garc\u00eda, uno de los m\u00e1s f\u00e9rreos opositores de la despenalizaci\u00f3n, destroz\u00f3 en la tribuna un peque\u00f1o mu\u00f1eco de pl\u00e1stico que simulaba ser un feto y reproch\u00f3 a los impulsores de la reforma:<\/p>\n\n\n\n<p>\u201cUstedes van a votar que a los peque\u00f1os los puedan despedazar, sin poderse defender, y llenarse las manos de sangre; es responsabilidad de los que van a votar a favor de este dictamen, porque la sangre de miles o tal vez de millones de inocentes va a caer en la conciencia y en las manos de quien vote a favor\u201d.<\/p>\n\n\n\n<p>Momentos antes, Gaona tambi\u00e9n hab\u00eda destapado y exhibido un cond\u00f3n para llamar al congreso a establecer programas de prevenci\u00f3n del embarazo no deseado, a trav\u00e9s de campa\u00f1as de uso de m\u00e9todos anticonceptivos.<\/p>\n\n\n\n<p>La diputada Fabiola Alan\u00eds S\u00e1mano, de Morena, se\u00f1al\u00f3 que \u201cestamos en un Estado laico, no confesional\u201d y llam\u00f3 al diputado Gaona a consultar fuentes cient\u00edficas y a no criminalizar m\u00e1s a las mujeres que deciden interrumpir un embarazo.<\/p>\n\n\n\n<p>Entre los opositores a la reforma hubo propuestas de que el dictamen fuera regresado a comisiones para trabajarlo y discutirlo de manera abierta antes de llevarlo al pleno, pues consideraron que el documento se trabaj\u00f3 \u201cen lo oscurito\u201d y fue producto de un \u201calbazo\u201d.<\/p>\n\n\n\n<p>Al respecto, la diputada panista Teresita de Jes\u00fas Herrera reclam\u00f3 al presidente del Congreso que hab\u00eda solicitado por escrito los documentos b\u00e1sicos que acreditan la legalidad del procedimiento de elaboraci\u00f3n del dictamen en las comisiones legislativas, as\u00ed como las constancias de los trabajos realizados, pero no le hab\u00edan sido entregados, a lo que el diputado Juan Antonio Maga\u00f1a respondi\u00f3 que en el trascurso de este jueves se los har\u00eda llegar.<\/p>\n\n\n\n<p>El diputado V\u00edctor Manuel Manr\u00edquez, de MC, coment\u00f3 que este d\u00eda es de trascendencia hist\u00f3rica para Michoac\u00e1n porque se reconoce el derecho de las mujeres a decidir sobre su propio cuerpo, lo que calific\u00f3 como un asunto de justicia social y de respeto a los derechos humanos.<\/p>\n\n\n\n<p>Destac\u00f3 la resoluci\u00f3n de la Suprema Corte de Justicia de la Naci\u00f3n (SCJN) que declar\u00f3 inconstitucional penalizar el aborto, por lo que la reforma penal en Michoac\u00e1n constituye un paso decisivo porque se va a tener que legalizar en todo el pa\u00eds.<\/p>\n\n\n\n<p>Fuente: <a href=\"https:\/\/www.proceso.com.mx\/nacional\/estados\/2024\/10\/10\/despenalizan-el-aborto-en-michoacan-suman-15-estados-donde-es-legal-338326.html\" target=\"_blank\" rel=\"noreferrer noopener\">Proceso<\/a><\/p>\n","protected":false},"excerpt":{"rendered":"<p>Tras la aprobaci\u00f3n de las reformas, el gobernador de Michoac\u00e1n, Alfredo Ram\u00edrez Bedolla, lo celebr\u00f3 con el argumento de que se trata de un avance considerable a favor de los derechos sexuales y reproductivos de las mujeres y las personas gestantes. <\/p>\n","protected":false},"author":1,"featured_media":87618,"comment_status":"open","ping_status":"open","sticky":false,"template":"","format":"standard","meta":{"site-sidebar-layout":"default","site-content-layout":"","ast-site-content-layout":"default","site-content-style":"default","site-sidebar-style":"default","ast-global-header-display":"","ast-banner-title-visibility":"","ast-main-header-display":"","ast-hfb-above-header-display":"","ast-hfb-below-header-display":"","ast-hfb-mobile-header-display":"","site-post-title":"","ast-breadcrumbs-content":"","ast-featured-img":"","footer-sml-layout":"","theme-transparent-header-meta":"","adv-header-id-meta":"","stick-header-meta":"","header-above-stick-meta":"","header-main-stick-meta":"","header-below-stick-meta":"","astra-migrate-meta-layouts":"default","ast-page-background-enabled":"default","ast-page-background-meta":{"desktop":{"background-color":"var(--ast-global-color-4)","background-image":"","background-repeat":"repeat","background-position":"center center","background-size":"auto","background-attachment":"scroll","background-type":"","background-media":"","overlay-type":"","overlay-color":"","overlay-opacity":"","overlay-gradient":""},"tablet":{"background-color":"","background-image":"","background-repeat":"repeat","background-position":"center center","background-size":"auto","background-attachment":"scroll","background-type":"","background-media":"","overlay-type":"","overlay-color":"","overlay-opacity":"","overlay-gradient":""},"mobile":{"background-color":"","background-image":"","background-repeat":"repeat","background-position":"center center","background-size":"auto","background-attachment":"scroll","background-type":"","background-media":"","overlay-type":"","overlay-color":"","overlay-opacity":"","overlay-gradient":""}},"ast-content-background-meta":{"desktop":{"background-color":"var(--ast-global-color-5)","background-image":"","background-repeat":"repeat","background-position":"center center","background-size":"auto","background-attachment":"scroll","background-type":"","background-media":"","overlay-type":"","overlay-color":"","overlay-opacity":"","overlay-gradient":""},"tablet":{"background-color":"var(--ast-global-color-5)","background-image":"","background-repeat":"repeat","background-position":"center center","background-size":"auto","background-attachment":"scroll","background-type":"","background-media":"","overlay-type":"","overlay-color":"","overlay-opacity":"","overlay-gradient":""},"mobile":{"background-color":"var(--ast-global-color-5)","background-image":"","background-repeat":"repeat","background-position":"center center","background-size":"auto","background-attachment":"scroll","background-type":"","background-media":"","overlay-type":"","overlay-color":"","overlay-opacity":"","overlay-gradient":""}},"footnotes":""},"categories":[8],"tags":[4369,27311,11563],"class_list":["post-87617","post","type-post","status-publish","format-standard","has-post-thumbnail","hentry","category-noticias","tag-aborto-legal","tag-despenalizacion-del-aborto","tag-michoacan"],"_links":{"self":[{"href":"https:\/\/losperiodistas.com.mx\/portal\/wp-json\/wp\/v2\/posts\/87617","targetHints":{"allow":["GET"]}}],"collection":[{"href":"https:\/\/losperiodistas.com.mx\/portal\/wp-json\/wp\/v2\/posts"}],"about":[{"href":"https:\/\/losperiodistas.com.mx\/portal\/wp-json\/wp\/v2\/types\/post"}],"author":[{"embeddable":true,"href":"https:\/\/losperiodistas.com.mx\/portal\/wp-json\/wp\/v2\/users\/1"}],"replies":[{"embeddable":true,"href":"https:\/\/losperiodistas.com.mx\/portal\/wp-json\/wp\/v2\/comments?post=87617"}],"version-history":[{"count":1,"href":"https:\/\/losperiodistas.com.mx\/portal\/wp-json\/wp\/v2\/posts\/87617\/revisions"}],"predecessor-version":[{"id":87619,"href":"https:\/\/losperiodistas.com.mx\/portal\/wp-json\/wp\/v2\/posts\/87617\/revisions\/87619"}],"wp:featuredmedia":[{"embeddable":true,"href":"https:\/\/losperiodistas.com.mx\/portal\/wp-json\/wp\/v2\/media\/87618"}],"wp:attachment":[{"href":"https:\/\/losperiodistas.com.mx\/portal\/wp-json\/wp\/v2\/media?parent=87617"}],"wp:term":[{"taxonomy":"category","embeddable":true,"href":"https:\/\/losperiodistas.com.mx\/portal\/wp-json\/wp\/v2\/categories?post=87617"},{"taxonomy":"post_tag","embeddable":true,"href":"https:\/\/losperiodistas.com.mx\/portal\/wp-json\/wp\/v2\/tags?post=87617"}],"curies":[{"name":"wp","href":"https:\/\/api.w.org\/{rel}","templated":true}]}}