{"id":87613,"date":"2024-10-10T22:04:24","date_gmt":"2024-10-11T03:04:24","guid":{"rendered":"http:\/\/losperiodistas.com.mx\/portal\/?p=87613"},"modified":"2024-10-10T22:04:27","modified_gmt":"2024-10-11T03:04:27","slug":"luisa-maria-alcalde-anuncia-gira-por-el-pais-iniciara-la-siguiente-semana","status":"publish","type":"post","link":"https:\/\/losperiodistas.com.mx\/portal\/luisa-maria-alcalde-anuncia-gira-por-el-pais-iniciara-la-siguiente-semana\/","title":{"rendered":"Luisa Mar\u00eda Alcalde anuncia gira por el pa\u00eds; iniciar\u00e1 la siguiente semana | El Universal"},"content":{"rendered":"\n<p>Alcalde se\u00f1al\u00f3 que se realizar\u00e1 un nuevo proceso de reafiliaci\u00f3n y credencializaci\u00f3n de militantes.<\/p>\n\n\n\n<figure class=\"wp-block-image size-large\"><img fetchpriority=\"high\" decoding=\"async\" width=\"1024\" height=\"617\" src=\"https:\/\/losperiodistas.com.mx\/portal\/wp-content\/uploads\/2024\/10\/Captura-de-pantalla-2024-10-10-205622-1024x617.png\" alt=\"Luisa Mar\u00eda Alcalde\" class=\"wp-image-87614\" srcset=\"https:\/\/losperiodistas.com.mx\/portal\/wp-content\/uploads\/2024\/10\/Captura-de-pantalla-2024-10-10-205622-1024x617.png 1024w, https:\/\/losperiodistas.com.mx\/portal\/wp-content\/uploads\/2024\/10\/Captura-de-pantalla-2024-10-10-205622-300x181.png 300w, https:\/\/losperiodistas.com.mx\/portal\/wp-content\/uploads\/2024\/10\/Captura-de-pantalla-2024-10-10-205622-768x463.png 768w, https:\/\/losperiodistas.com.mx\/portal\/wp-content\/uploads\/2024\/10\/Captura-de-pantalla-2024-10-10-205622.png 1368w\" sizes=\"(max-width: 1024px) 100vw, 1024px\" \/><figcaption class=\"wp-element-caption\">Luisa Mar\u00eda Alcalde, nueva dirigente de Morena. Foto: Gabriel Pano\/EL UNIVERSAL<\/figcaption><\/figure>\n\n\n\n<p class=\"has-vivid-red-color has-text-color has-link-color wp-elements-e6ce9649f24df749bb3cf8a92ef2e6a0\">Salvador Corona \/ El Universal<\/p>\n\n\n\n<p>La dirigente nacional de Morena,<strong> Luisa Mar\u00eda Alcalde<\/strong>, anunci\u00f3 que la pr\u00f3xima semana iniciar\u00e1 una <strong>gira <\/strong>por las 32 entidades del <strong>pa\u00eds <\/strong>para un nuevo proceso de reafiliaci\u00f3n y credencializaci\u00f3n de militantes.<\/p>\n\n\n\n<p>Tras asistir a la toma de protesta de <strong>Clara Brugada <\/strong>como nueva<strong> jefa de Gobierno de la Ciudad de M\u00e9xico<\/strong>, la <strong>morenista <\/strong>se\u00f1al\u00f3 que se tiene una ruta clara y un<strong> plan de trabajo<\/strong> ya que tambi\u00e9n se realizar\u00e1 la reconfiguraci\u00f3n de todos los comit\u00e9s del pa\u00eds.<\/p>\n\n\n\n<p><em>\u00abTenemos una ruta clara, tenemos un plan de trabajo, vamos a iniciar ya una gira alrededor del pa\u00eds a partir de la pr\u00f3xima semana. Muy, muy bien. La verdad es que es un <strong>partido<\/strong> extraordinario. Hay que reorganizarnos porque hemos crecido mucho, as\u00ed que de eso se va a tratar\u00bb<\/em>.<\/p>\n\n\n\n<p>Agreg\u00f3: \u00abVamos a reafiliar, vamos a <strong>credencializar<\/strong>, vamos a reconfigurar todos los comit\u00e9s de todo el pa\u00eds, comit\u00e9s de base, regresar tambi\u00e9n a repartir el peri\u00f3dico Regeneraci\u00f3n y seguir el ejemplo del presidente L\u00f3pez Obrador, respaldar mucho a Claudia, nuestra <strong>primera presidenta<\/strong>. As\u00ed que vamos a estar muy activos\u00bb.<\/p>\n\n\n\n<p>Luisa Mar\u00eda explic\u00f3 que en Morena hay un <strong>padr\u00f3n electoral <\/strong>cercano a los 2 millones y medio, \u00abpero nada m\u00e1s piensen que obtuvimos 36 millones de votos en la \u00faltima elecci\u00f3n para la presidencia, as\u00ed que por eso vamos a estar incorporando mucho m\u00e1s <strong>ciudadanas mexicanas<\/strong>, mexicanos que creen en nuestro proyecto y que se quieren sumar a las filas de Morena\u00bb.<\/p>\n\n\n\n<p>Fuente: <a href=\"https:\/\/www.eluniversal.com.mx\/nacion\/luisa-maria-alcalde-ya-como-dirigente-nacional-de-morena-anuncia-gira-por-el-pais-iniciara-la-siguiente-semana\/\">El <\/a><a href=\"https:\/\/www.eluniversal.com.mx\/nacion\/luisa-maria-alcalde-ya-como-dirigente-nacional-de-morena-anuncia-gira-por-el-pais-iniciara-la-siguiente-semana\/\" target=\"_blank\" rel=\"noreferrer noopener\">Universal<\/a><\/p>\n","protected":false},"excerpt":{"rendered":"<p>Alcalde se\u00f1al\u00f3 que se realizar\u00e1 un nuevo proceso de reafiliaci\u00f3n y credencializaci\u00f3n de militantes<\/p>\n","protected":false},"author":1,"featured_media":87614,"comment_status":"open","ping_status":"open","sticky":false,"template":"","format":"standard","meta":{"site-sidebar-layout":"default","site-content-layout":"","ast-site-content-layout":"default","site-content-style":"default","site-sidebar-style":"default","ast-global-header-display":"","ast-banner-title-visibility":"","ast-main-header-display":"","ast-hfb-above-header-display":"","ast-hfb-below-header-display":"","ast-hfb-mobile-header-display":"","site-post-title":"","ast-breadcrumbs-content":"","ast-featured-img":"","footer-sml-layout":"","theme-transparent-header-meta":"","adv-header-id-meta":"","stick-header-meta":"","header-above-stick-meta":"","header-main-stick-meta":"","header-below-stick-meta":"","astra-migrate-meta-layouts":"default","ast-page-background-enabled":"default","ast-page-background-meta":{"desktop":{"background-color":"var(--ast-global-color-4)","background-image":"","background-repeat":"repeat","background-position":"center center","background-size":"auto","background-attachment":"scroll","background-type":"","background-media":"","overlay-type":"","overlay-color":"","overlay-opacity":"","overlay-gradient":""},"tablet":{"background-color":"","background-image":"","background-repeat":"repeat","background-position":"center center","background-size":"auto","background-attachment":"scroll","background-type":"","background-media":"","overlay-type":"","overlay-color":"","overlay-opacity":"","overlay-gradient":""},"mobile":{"background-color":"","background-image":"","background-repeat":"repeat","background-position":"center center","background-size":"auto","background-attachment":"scroll","background-type":"","background-media":"","overlay-type":"","overlay-color":"","overlay-opacity":"","overlay-gradient":""}},"ast-content-background-meta":{"desktop":{"background-color":"var(--ast-global-color-5)","background-image":"","background-repeat":"repeat","background-position":"center center","background-size":"auto","background-attachment":"scroll","background-type":"","background-media":"","overlay-type":"","overlay-color":"","overlay-opacity":"","overlay-gradient":""},"tablet":{"background-color":"var(--ast-global-color-5)","background-image":"","background-repeat":"repeat","background-position":"center center","background-size":"auto","background-attachment":"scroll","background-type":"","background-media":"","overlay-type":"","overlay-color":"","overlay-opacity":"","overlay-gradient":""},"mobile":{"background-color":"var(--ast-global-color-5)","background-image":"","background-repeat":"repeat","background-position":"center center","background-size":"auto","background-attachment":"scroll","background-type":"","background-media":"","overlay-type":"","overlay-color":"","overlay-opacity":"","overlay-gradient":""}},"footnotes":""},"categories":[8],"tags":[31396,25856,19505,247,31395],"class_list":["post-87613","post","type-post","status-publish","format-standard","has-post-thumbnail","hentry","category-noticias","tag-credencializacion","tag-gira","tag-luisa-maria-alcalde","tag-morena","tag-reafiliacion"],"_links":{"self":[{"href":"https:\/\/losperiodistas.com.mx\/portal\/wp-json\/wp\/v2\/posts\/87613","targetHints":{"allow":["GET"]}}],"collection":[{"href":"https:\/\/losperiodistas.com.mx\/portal\/wp-json\/wp\/v2\/posts"}],"about":[{"href":"https:\/\/losperiodistas.com.mx\/portal\/wp-json\/wp\/v2\/types\/post"}],"author":[{"embeddable":true,"href":"https:\/\/losperiodistas.com.mx\/portal\/wp-json\/wp\/v2\/users\/1"}],"replies":[{"embeddable":true,"href":"https:\/\/losperiodistas.com.mx\/portal\/wp-json\/wp\/v2\/comments?post=87613"}],"version-history":[{"count":1,"href":"https:\/\/losperiodistas.com.mx\/portal\/wp-json\/wp\/v2\/posts\/87613\/revisions"}],"predecessor-version":[{"id":87615,"href":"https:\/\/losperiodistas.com.mx\/portal\/wp-json\/wp\/v2\/posts\/87613\/revisions\/87615"}],"wp:featuredmedia":[{"embeddable":true,"href":"https:\/\/losperiodistas.com.mx\/portal\/wp-json\/wp\/v2\/media\/87614"}],"wp:attachment":[{"href":"https:\/\/losperiodistas.com.mx\/portal\/wp-json\/wp\/v2\/media?parent=87613"}],"wp:term":[{"taxonomy":"category","embeddable":true,"href":"https:\/\/losperiodistas.com.mx\/portal\/wp-json\/wp\/v2\/categories?post=87613"},{"taxonomy":"post_tag","embeddable":true,"href":"https:\/\/losperiodistas.com.mx\/portal\/wp-json\/wp\/v2\/tags?post=87613"}],"curies":[{"name":"wp","href":"https:\/\/api.w.org\/{rel}","templated":true}]}}