{"id":8760,"date":"2021-06-04T10:13:00","date_gmt":"2021-06-04T15:13:00","guid":{"rendered":"http:\/\/losperiodistas.com.mx\/portal\/?p=8760"},"modified":"2021-06-04T10:13:01","modified_gmt":"2021-06-04T15:13:01","slug":"a-quien-le-importa-la-violencia-politica-de-genero","status":"publish","type":"post","link":"https:\/\/losperiodistas.com.mx\/portal\/a-quien-le-importa-la-violencia-politica-de-genero\/","title":{"rendered":"\u00bfA qui\u00e9n le importa la violencia pol\u00edtica de g\u00e9nero?"},"content":{"rendered":"\n<p><\/p>\n\n\n\n<figure class=\"wp-block-image size-large\"><img fetchpriority=\"high\" decoding=\"async\" width=\"1024\" height=\"821\" src=\"https:\/\/losperiodistas.com.mx\/portal\/wp-content\/uploads\/2021\/06\/Captura-de-Pantalla-2021-06-04-a-las-10.11.31-1024x821.jpg\" alt=\"\" class=\"wp-image-8761\" srcset=\"https:\/\/losperiodistas.com.mx\/portal\/wp-content\/uploads\/2021\/06\/Captura-de-Pantalla-2021-06-04-a-las-10.11.31-1024x821.jpg 1024w, https:\/\/losperiodistas.com.mx\/portal\/wp-content\/uploads\/2021\/06\/Captura-de-Pantalla-2021-06-04-a-las-10.11.31-300x240.jpg 300w, https:\/\/losperiodistas.com.mx\/portal\/wp-content\/uploads\/2021\/06\/Captura-de-Pantalla-2021-06-04-a-las-10.11.31-768x616.jpg 768w, https:\/\/losperiodistas.com.mx\/portal\/wp-content\/uploads\/2021\/06\/Captura-de-Pantalla-2021-06-04-a-las-10.11.31-1536x1231.jpg 1536w, https:\/\/losperiodistas.com.mx\/portal\/wp-content\/uploads\/2021\/06\/Captura-de-Pantalla-2021-06-04-a-las-10.11.31.jpg 1764w\" sizes=\"(max-width: 1024px) 100vw, 1024px\" \/><\/figure>\n\n\n\n<p><\/p>\n\n\n\n<p><\/p>\n\n\n\n<p class=\"has-vivid-cyan-blue-color has-text-color\" style=\"font-size:26px\"><strong><em>Por Luis Soriano Peregrina<\/em><\/strong><\/p>\n\n\n\n<p>En esta ocasi\u00f3n, me gustar\u00eda iniciar agradeciendo a Jes\u00fas Manuel Hern\u00e1ndez, titular del medio por permitirnos a Voz Ciudadana por los Derechos Humanos poder publicar y hacer visibles diversos temas vinculados a los derechos humanos. A dos d\u00edas de las elecciones m\u00e1s importantes en la historia de Puebla y de M\u00e9xico es necesario hablar de la violencia pol\u00edtica de g\u00e9nero que ha sido realmente grave en el Estado y en el Pa\u00eds, pudiendo traer como resultado mayor violencia no solo entre las y los pol\u00edticos sino entre toda la poblaci\u00f3n, por lo mismo ahora no se trata de porque partido o persona pretenden votar, sino que es lo que t\u00fa quieres en el futuro, siendo fundamental que lleves este articulo en tu mente al momento que emitas tu voto este seis de junio 2021 y en esta ocasi\u00f3n, me corresponde cederle el espacio del d\u00eda de hoy a nuestra compa\u00f1era del colectivo Angelica Trujeque mujer empoderada, activista, de lucha, feminista, defensora de derechos humanos, para que nos platique de este tema tan importante y necesario en estos tiempos tan complicados.<\/p>\n\n\n\n<p style=\"font-size:30px\"><strong>\u00bfA qui\u00e9n le importa la violencia pol\u00edtica de g\u00e9nero?<\/strong><\/p>\n\n\n\n<p class=\"has-vivid-cyan-blue-color has-text-color\" style=\"font-size:26px\"><strong><em>Por Angelica Trujeque<\/em><\/strong><\/p>\n\n\n\n<p>Porque, este tema no se toca y cuando se llega a tocar sucede que muchos dicen \u201ces que se escudan en que son mujeres\u00bb, \u201cya cualquier cosa que digas es violencia de g\u00e9nero\u201d, y la cl\u00e1sica \u201cque se aguanten, \u00bfno que quer\u00edan igualdad?\u00bb.<\/p>\n\n\n\n<p>Como una mujer que ha participado en pol\u00edtica, partidista y no partidista, desde los 15 a\u00f1os, he sufrido much\u00edsimas formas de violencia de genero, no solo de parte de los adversarios que han tenido varias formas y no tan variados colores (azul y blanco mayormente), sino tambi\u00e9n de mis propios compa\u00f1eros de partido y colectivo.<\/p>\n\n\n\n<p>Hist\u00f3ricamente hemos sido juzgadas por todo, por saber mucho hemos sido llamadas brujas, por mostrar mucho putas, por mostrar poco mojigatas, y por ah\u00ed podr\u00edamos seguir hoja tras hoja, gorda, flaca, mandona, d\u00e9bil, manipuladora, t\u00edtere, bla bla bla.<\/p>\n\n\n\n<p>La verdad es que la gente que ha hablado o escrito cosas de este tipo sobre compa\u00f1eras de izquierda, aguerridas, con un enorme don de mando y una enorme claridad para dirigir movimientos, siempre han sido hombres que se hac\u00edan chiquitos al ver a una mujer al mando, situaci\u00f3n que les her\u00eda el ego y les obligaba a sacar a relucir su machismo y misoginia, buscando de cualquier forma recuperar su privilegio de genero.<\/p>\n\n\n\n<p>*no voy a negar que hay mujeres que se prestan a los juegos patriarcales en los que \u00fanicamente sirven a los inter\u00e9s de hombres \u00e1vidos de poder mediante las formas m\u00e1s sucias, por ejemplo, poner de candidatas a sus esposas para retener el poder. Y aunque no venga al caso que descansen en paz los Moreno Valle.<\/p>\n\n\n\n<p>Lo anterior, fue para contextualizarles, porque quiz\u00e1 si usted es un hombre que cree que ya alcanzamos todo los derechos que necesit\u00e1bamos y que la equidad de g\u00e9nero existe, baje unos minutos al plano de la realidad en el que existen menos mujeres reconocidas y respetadas en la pol\u00edtica que feminicidios diarios.<\/p>\n\n\n\n<p>Entonces, en esta \u00e9poca electoral vemos crecer estas conductas, entre compa\u00f1eros de militancia y entre contendientes por espacios, tambi\u00e9n contra las mujeres activistas que luchan por impulsar agendas que promueven la conquista de&nbsp; condiciones dignas de vida para sus cong\u00e9neres y otros grupos vulnerados, como la comunidad LGBTTTIQ+.<\/p>\n\n\n\n<p>Personalmente me siento harta de escuchar, ver y leer campa\u00f1as en las que se denosta a las mujeres, por ejemplo a Liz Mejorado que en d\u00edas pasados tuvo que realizar una transmisi\u00f3n para hablar sobre el odio que ha visto vertido en su contra a ra\u00edz de su candidatura, o Claudia Rivera, a quien se le ha juzgado por su apariencia f\u00edsica, por usar tenis, por su juventud, por no estar casada, y que esas \u201cnotas\u00bb tengan mayor cobertura y mediaticidad que cuando se&nbsp; pag\u00f3 la deuda del municipio. A estas mujeres no s\u00f3lo les ha tocado cubrirse de los golpes del PRIANRD, tambi\u00e9n de los de sus compa\u00f1eros de militancia, y ya entrados en ese tema, no crean que se trata de una defensa a las militantes de Morena, pues tambi\u00e9n estas ejercen la violencia de genero.<\/p>\n\n\n\n<p>Desde noviembre de 2019, colectivas feministas presentaron la iniciativa de ley para la Interrupci\u00f3n Legal del Embarazo, sin embargo, primero Gabriel Biestro y luego Nora Escamilla en su calidad de presidentes de junta de gobierno impidieron la llegada de la iniciativa al pleno, violando el derecho de las miles de poblanas que apoyan esta iniciativa a participar en la vida pol\u00edtica de nuestro estado y adem\u00e1s el derecho de petici\u00f3n consagrado en el art\u00edculo octavo constitucional, pues jam\u00e1s dieron una sola respuesta. Lo peor, quieren seguir participando del erario, asegurando la continuidad de una legislatura que lo est\u00e1 interesada en escuchar a las mujeres.<\/p>\n\n\n\n<p>\u00bfA qui\u00e9n le importa entonces la violencia pol\u00edtica de g\u00e9nero?<\/p>\n\n\n\n<p>A nosotras, a las que la sufrimos, y las que luchamos cada d\u00eda por terminar con ella.<\/p>\n","protected":false},"excerpt":{"rendered":"<p>Por Luis Soriano Peregrina En esta ocasi\u00f3n, me gustar\u00eda iniciar agradeciendo a Jes\u00fas Manuel Hern\u00e1ndez, titular del medio por permitirnos [&hellip;]<\/p>\n","protected":false},"author":1,"featured_media":8761,"comment_status":"open","ping_status":"open","sticky":false,"template":"","format":"standard","meta":{"site-sidebar-layout":"default","site-content-layout":"","ast-site-content-layout":"default","site-content-style":"default","site-sidebar-style":"default","ast-global-header-display":"","ast-banner-title-visibility":"","ast-main-header-display":"","ast-hfb-above-header-display":"","ast-hfb-below-header-display":"","ast-hfb-mobile-header-display":"","site-post-title":"","ast-breadcrumbs-content":"","ast-featured-img":"","footer-sml-layout":"","theme-transparent-header-meta":"","adv-header-id-meta":"","stick-header-meta":"","header-above-stick-meta":"","header-main-stick-meta":"","header-below-stick-meta":"","astra-migrate-meta-layouts":"default","ast-page-background-enabled":"default","ast-page-background-meta":{"desktop":{"background-color":"var(--ast-global-color-4)","background-image":"","background-repeat":"repeat","background-position":"center center","background-size":"auto","background-attachment":"scroll","background-type":"","background-media":"","overlay-type":"","overlay-color":"","overlay-opacity":"","overlay-gradient":""},"tablet":{"background-color":"","background-image":"","background-repeat":"repeat","background-position":"center center","background-size":"auto","background-attachment":"scroll","background-type":"","background-media":"","overlay-type":"","overlay-color":"","overlay-opacity":"","overlay-gradient":""},"mobile":{"background-color":"","background-image":"","background-repeat":"repeat","background-position":"center center","background-size":"auto","background-attachment":"scroll","background-type":"","background-media":"","overlay-type":"","overlay-color":"","overlay-opacity":"","overlay-gradient":""}},"ast-content-background-meta":{"desktop":{"background-color":"var(--ast-global-color-5)","background-image":"","background-repeat":"repeat","background-position":"center center","background-size":"auto","background-attachment":"scroll","background-type":"","background-media":"","overlay-type":"","overlay-color":"","overlay-opacity":"","overlay-gradient":""},"tablet":{"background-color":"var(--ast-global-color-5)","background-image":"","background-repeat":"repeat","background-position":"center center","background-size":"auto","background-attachment":"scroll","background-type":"","background-media":"","overlay-type":"","overlay-color":"","overlay-opacity":"","overlay-gradient":""},"mobile":{"background-color":"var(--ast-global-color-5)","background-image":"","background-repeat":"repeat","background-position":"center center","background-size":"auto","background-attachment":"scroll","background-type":"","background-media":"","overlay-type":"","overlay-color":"","overlay-opacity":"","overlay-gradient":""}},"footnotes":""},"categories":[8,22],"tags":[1877,1876,1320],"class_list":["post-8760","post","type-post","status-publish","format-standard","has-post-thumbnail","hentry","category-noticias","category-opinion-invitada","tag-angelica-trujeque","tag-violencia-politica-de-genero","tag-voz-ciudadana-por-los-derechos-humanos"],"_links":{"self":[{"href":"https:\/\/losperiodistas.com.mx\/portal\/wp-json\/wp\/v2\/posts\/8760","targetHints":{"allow":["GET"]}}],"collection":[{"href":"https:\/\/losperiodistas.com.mx\/portal\/wp-json\/wp\/v2\/posts"}],"about":[{"href":"https:\/\/losperiodistas.com.mx\/portal\/wp-json\/wp\/v2\/types\/post"}],"author":[{"embeddable":true,"href":"https:\/\/losperiodistas.com.mx\/portal\/wp-json\/wp\/v2\/users\/1"}],"replies":[{"embeddable":true,"href":"https:\/\/losperiodistas.com.mx\/portal\/wp-json\/wp\/v2\/comments?post=8760"}],"version-history":[{"count":1,"href":"https:\/\/losperiodistas.com.mx\/portal\/wp-json\/wp\/v2\/posts\/8760\/revisions"}],"predecessor-version":[{"id":8762,"href":"https:\/\/losperiodistas.com.mx\/portal\/wp-json\/wp\/v2\/posts\/8760\/revisions\/8762"}],"wp:featuredmedia":[{"embeddable":true,"href":"https:\/\/losperiodistas.com.mx\/portal\/wp-json\/wp\/v2\/media\/8761"}],"wp:attachment":[{"href":"https:\/\/losperiodistas.com.mx\/portal\/wp-json\/wp\/v2\/media?parent=8760"}],"wp:term":[{"taxonomy":"category","embeddable":true,"href":"https:\/\/losperiodistas.com.mx\/portal\/wp-json\/wp\/v2\/categories?post=8760"},{"taxonomy":"post_tag","embeddable":true,"href":"https:\/\/losperiodistas.com.mx\/portal\/wp-json\/wp\/v2\/tags?post=8760"}],"curies":[{"name":"wp","href":"https:\/\/api.w.org\/{rel}","templated":true}]}}