{"id":87598,"date":"2024-10-10T19:08:39","date_gmt":"2024-10-11T00:08:39","guid":{"rendered":"http:\/\/losperiodistas.com.mx\/portal\/?p=87598"},"modified":"2024-10-10T19:08:41","modified_gmt":"2024-10-11T00:08:41","slug":"senado-aprueba-reforma-para-que-salario-minimo-nunca-este-por-debajo-de-la-inflacion","status":"publish","type":"post","link":"https:\/\/losperiodistas.com.mx\/portal\/senado-aprueba-reforma-para-que-salario-minimo-nunca-este-por-debajo-de-la-inflacion\/","title":{"rendered":"Senado aprueba reforma constitucional para que salario m\u00ednimo nunca est\u00e9 por debajo de la inflaci\u00f3n"},"content":{"rendered":"\n<p><em><strong>El dictamen fue enviado a las legislaturas estatales para su consideraci\u00f3n<\/strong><\/em><\/p>\n\n\n\n<figure class=\"wp-block-image size-large\"><img fetchpriority=\"high\" decoding=\"async\" width=\"1024\" height=\"675\" src=\"https:\/\/losperiodistas.com.mx\/portal\/wp-content\/uploads\/2024\/10\/Captura-de-pantalla-2024-10-10-171419-1024x675.png\" alt=\"Salario m\u00ednimo\" class=\"wp-image-87599\" srcset=\"https:\/\/losperiodistas.com.mx\/portal\/wp-content\/uploads\/2024\/10\/Captura-de-pantalla-2024-10-10-171419-1024x675.png 1024w, https:\/\/losperiodistas.com.mx\/portal\/wp-content\/uploads\/2024\/10\/Captura-de-pantalla-2024-10-10-171419-300x198.png 300w, https:\/\/losperiodistas.com.mx\/portal\/wp-content\/uploads\/2024\/10\/Captura-de-pantalla-2024-10-10-171419-768x506.png 768w, https:\/\/losperiodistas.com.mx\/portal\/wp-content\/uploads\/2024\/10\/Captura-de-pantalla-2024-10-10-171419.png 1079w\" sizes=\"(max-width: 1024px) 100vw, 1024px\" \/><figcaption class=\"wp-element-caption\">Salario m\u00ednimo<\/figcaption><\/figure>\n\n\n\n<p class=\"has-vivid-red-color has-text-color has-link-color wp-elements-eb27e7450528140191efa4df35f811c5\">Redacci\u00f3n<\/p>\n\n\n\n<p>Por unanimidad, el pleno del Senado de la Rep\u00fablica aprob\u00f3 el dictamen que establece que la fijaci\u00f3n anual de los salarios m\u00ednimos generales o profesionales, as\u00ed como la revisi\u00f3n de los mismos, nunca estar\u00e1 por debajo de la inflaci\u00f3n observada durante el periodo de su vigencia.<\/p>\n\n\n\n<p>El proyecto que plantea modificar el art\u00edculo 123 de la Constituci\u00f3n Pol\u00edtica, fue aprobado con 124 votos a favor y enviado a las legislaturas de las entidades federativas y de la Ciudad de M\u00e9xico.<\/p>\n\n\n\n<p>Tiene la finalidad de mejorar las condiciones laborales de las personas a trav\u00e9s de salarios dignos, as\u00ed como garantizar que este sea suficiente para satisfacer las necesidades de los trabajadores y sus familias.<\/p>\n\n\n\n<p>El dictamen precisa que las maestras y los maestros de nivel b\u00e1sico de tiempo completo, polic\u00edas, guardias nacionales, integrantes de la Fuerza Armada permanente, as\u00ed como m\u00e9dicos y enfermeros, percibir\u00e1n un salario mensual que no podr\u00e1 ser inferior al salario promedio registrado ante el Instituto Mexicano del Seguro Social&nbsp;(IMSS).<\/p>\n\n\n\n<p>Al respecto, \u00d3scar Cant\u00f3n Zetina, presidente de la Comisi\u00f3n de Puntos Constitucionales, expres\u00f3 que es un d\u00eda hist\u00f3rico para las trabajadoras y trabajadores del pa\u00eds, porque su salario no volver\u00e1 a ser \u201cv\u00edctima\u201d de la inflaci\u00f3n.<\/p>\n\n\n\n<p>Durante d\u00e9cadas, refiri\u00f3, los sueldos de los trabajadores perdieron su valor frente a una inflaci\u00f3n \u201cperniciosa\u201d, que no respetaba el esfuerzo de la clase trabajadora, por lo que, con esta reforma, sus ingresos quedar\u00e1n protegidos, lo que significa que ya no habr\u00e1 m\u00e1s p\u00e9rdida del poder adquisitivo y que el esfuerzo diario ser\u00e1 justamente remunerado.<\/p>\n\n\n\n<p>Por su parte, Enrique Inzunza C\u00e1zarez, presidente de la Comisi\u00f3n de Estudios Legislativos indic\u00f3 que las modificaciones sientan las bases al m\u00e1s alto nivel normativo, para mejorar las condiciones laborales de las y los trabajadores a trav\u00e9s de salarios dignos.<\/p>\n\n\n\n<p>Las reformas representan una manifestaci\u00f3n clara y contundente de la consolidaci\u00f3n del Estado constitucional de bienestar que nuestro pa\u00eds emprendi\u00f3 desde 2018 y que busca crear un marco en el que se garantice la dignidad humana y se protejan los derechos econ\u00f3micos y sociales de todas y todos.<\/p>\n\n\n\n<p>De Morena, Alfonso Cepeda Salas afirm\u00f3 que las reformas revindican las luchas de la clase trabajadora y afianzan las conquistas laborales alcanzadas a trav\u00e9s de la historia. Este debe ser un punto de partida para que nunca m\u00e1s se genere riqueza a costa de la dignidad de las y los trabajadores, y para que no se confunda a la explotaci\u00f3n laboral con un empleo.<\/p>\n\n\n\n<p>Las y los legisladores mencionaron que las modificaciones deben incluir a los t\u00e9cnicos de la salud, a todos los profesores de nivel b\u00e1sico sin importar su horario y a los polic\u00edas locales; adem\u00e1s, consideraron que se debe bajar la tasa de cobro de impuestos al salario m\u00ednimo, a fin de que los descuentos no afecten los ingresos de las personas trabajadoras.<\/p>\n","protected":false},"excerpt":{"rendered":"<p>El dictamen fue enviado a las legislaturas estatales para su consideraci\u00f3n<\/p>\n","protected":false},"author":1,"featured_media":87599,"comment_status":"open","ping_status":"open","sticky":false,"template":"","format":"standard","meta":{"site-sidebar-layout":"default","site-content-layout":"","ast-site-content-layout":"default","site-content-style":"default","site-sidebar-style":"default","ast-global-header-display":"","ast-banner-title-visibility":"","ast-main-header-display":"","ast-hfb-above-header-display":"","ast-hfb-below-header-display":"","ast-hfb-mobile-header-display":"","site-post-title":"","ast-breadcrumbs-content":"","ast-featured-img":"","footer-sml-layout":"","theme-transparent-header-meta":"","adv-header-id-meta":"","stick-header-meta":"","header-above-stick-meta":"","header-main-stick-meta":"","header-below-stick-meta":"","astra-migrate-meta-layouts":"default","ast-page-background-enabled":"default","ast-page-background-meta":{"desktop":{"background-color":"var(--ast-global-color-4)","background-image":"","background-repeat":"repeat","background-position":"center center","background-size":"auto","background-attachment":"scroll","background-type":"","background-media":"","overlay-type":"","overlay-color":"","overlay-opacity":"","overlay-gradient":""},"tablet":{"background-color":"","background-image":"","background-repeat":"repeat","background-position":"center center","background-size":"auto","background-attachment":"scroll","background-type":"","background-media":"","overlay-type":"","overlay-color":"","overlay-opacity":"","overlay-gradient":""},"mobile":{"background-color":"","background-image":"","background-repeat":"repeat","background-position":"center center","background-size":"auto","background-attachment":"scroll","background-type":"","background-media":"","overlay-type":"","overlay-color":"","overlay-opacity":"","overlay-gradient":""}},"ast-content-background-meta":{"desktop":{"background-color":"var(--ast-global-color-5)","background-image":"","background-repeat":"repeat","background-position":"center center","background-size":"auto","background-attachment":"scroll","background-type":"","background-media":"","overlay-type":"","overlay-color":"","overlay-opacity":"","overlay-gradient":""},"tablet":{"background-color":"var(--ast-global-color-5)","background-image":"","background-repeat":"repeat","background-position":"center center","background-size":"auto","background-attachment":"scroll","background-type":"","background-media":"","overlay-type":"","overlay-color":"","overlay-opacity":"","overlay-gradient":""},"mobile":{"background-color":"var(--ast-global-color-5)","background-image":"","background-repeat":"repeat","background-position":"center center","background-size":"auto","background-attachment":"scroll","background-type":"","background-media":"","overlay-type":"","overlay-color":"","overlay-opacity":"","overlay-gradient":""}},"footnotes":""},"categories":[8],"tags":[6773,31136,31393,4293],"class_list":["post-87598","post","type-post","status-publish","format-standard","has-post-thumbnail","hentry","category-noticias","tag-inflacion","tag-salario-minimo","tag-salarios-dignos","tag-senado"],"_links":{"self":[{"href":"https:\/\/losperiodistas.com.mx\/portal\/wp-json\/wp\/v2\/posts\/87598","targetHints":{"allow":["GET"]}}],"collection":[{"href":"https:\/\/losperiodistas.com.mx\/portal\/wp-json\/wp\/v2\/posts"}],"about":[{"href":"https:\/\/losperiodistas.com.mx\/portal\/wp-json\/wp\/v2\/types\/post"}],"author":[{"embeddable":true,"href":"https:\/\/losperiodistas.com.mx\/portal\/wp-json\/wp\/v2\/users\/1"}],"replies":[{"embeddable":true,"href":"https:\/\/losperiodistas.com.mx\/portal\/wp-json\/wp\/v2\/comments?post=87598"}],"version-history":[{"count":1,"href":"https:\/\/losperiodistas.com.mx\/portal\/wp-json\/wp\/v2\/posts\/87598\/revisions"}],"predecessor-version":[{"id":87602,"href":"https:\/\/losperiodistas.com.mx\/portal\/wp-json\/wp\/v2\/posts\/87598\/revisions\/87602"}],"wp:featuredmedia":[{"embeddable":true,"href":"https:\/\/losperiodistas.com.mx\/portal\/wp-json\/wp\/v2\/media\/87599"}],"wp:attachment":[{"href":"https:\/\/losperiodistas.com.mx\/portal\/wp-json\/wp\/v2\/media?parent=87598"}],"wp:term":[{"taxonomy":"category","embeddable":true,"href":"https:\/\/losperiodistas.com.mx\/portal\/wp-json\/wp\/v2\/categories?post=87598"},{"taxonomy":"post_tag","embeddable":true,"href":"https:\/\/losperiodistas.com.mx\/portal\/wp-json\/wp\/v2\/tags?post=87598"}],"curies":[{"name":"wp","href":"https:\/\/api.w.org\/{rel}","templated":true}]}}