{"id":87585,"date":"2024-10-10T16:56:51","date_gmt":"2024-10-10T21:56:51","guid":{"rendered":"http:\/\/losperiodistas.com.mx\/portal\/?p=87585"},"modified":"2024-10-10T16:56:53","modified_gmt":"2024-10-10T21:56:53","slug":"rafa-nadal-anuncia-su-retirada-del-tenis-profesional","status":"publish","type":"post","link":"https:\/\/losperiodistas.com.mx\/portal\/rafa-nadal-anuncia-su-retirada-del-tenis-profesional\/","title":{"rendered":"Rafa Nadal anuncia su retirada del tenis profesional: \u00abMil gracias a todos\u00bb| Telecinco"},"content":{"rendered":"\n<p>Nadal se retira del tenis profesional a los 38 a\u00f1os; el balear lo dejar\u00e1 tras jugar la Copa Davis<\/p>\n\n\n\n<figure class=\"wp-block-image size-large\"><img fetchpriority=\"high\" decoding=\"async\" width=\"1024\" height=\"672\" src=\"https:\/\/losperiodistas.com.mx\/portal\/wp-content\/uploads\/2024\/10\/Captura-de-pantalla-2024-10-10-154537-1024x672.png\" alt=\"Nadal se retira del tenis\" class=\"wp-image-87586\" srcset=\"https:\/\/losperiodistas.com.mx\/portal\/wp-content\/uploads\/2024\/10\/Captura-de-pantalla-2024-10-10-154537-1024x672.png 1024w, https:\/\/losperiodistas.com.mx\/portal\/wp-content\/uploads\/2024\/10\/Captura-de-pantalla-2024-10-10-154537-300x197.png 300w, https:\/\/losperiodistas.com.mx\/portal\/wp-content\/uploads\/2024\/10\/Captura-de-pantalla-2024-10-10-154537-768x504.png 768w, https:\/\/losperiodistas.com.mx\/portal\/wp-content\/uploads\/2024\/10\/Captura-de-pantalla-2024-10-10-154537.png 1219w\" sizes=\"(max-width: 1024px) 100vw, 1024px\" \/><figcaption class=\"wp-element-caption\">Nadal se retira del tenis profesional a los 38 a\u00f1os<\/figcaption><\/figure>\n\n\n\n<p class=\"has-vivid-red-color has-text-color has-link-color wp-elements-55c494b431abb1db71e88d1b84df7842\">Redacci\u00f3n \/ Informativos Telecinco<\/p>\n\n\n\n<p><strong>Rafael Nadal<\/strong>, uno de los deportistas m\u00e1s laureados del mundo, anuncia su retirada del tenis profesional a los 38 a\u00f1os tras sufrir lesiones que le impiden continuar.<\/p>\n\n\n\n<p>El <strong>anuncio<\/strong> lo ha hecho el propio jugador a trav\u00e9s de las redes sociales donde <strong>agradeciendo <\/strong>a todos ha publicado un v\u00eddeo explicando los<strong> motivos <\/strong>de la retirada.<\/p>\n\n\n\n<h3 class=\"wp-block-heading\">\u00abEn esta vida todo tiene un principio y un final y es el <strong>momento adecuado\u00bb<\/strong><\/h3>\n\n\n\n<p>Con <strong>emoci\u00f3n<\/strong> cuenta como estos \u00faltimos a\u00f1os han sido de \u00abgran dificultad\u00bb por las lesiones: \u00abMe retiro del tenis profesional. Han sido dos a\u00f1os dif\u00edciles estos dos \u00faltimos en los que no he sido capaz de jugar sin limitaciones. Es una decisi\u00f3n dif\u00edcil y que me ha llevado tiempo tomarla, pero en esta vida todo tiene un principio y un final y es el <strong>momento adecuado <\/strong>para poner punto y final a una carrera larga y mucho m\u00e1s exitosa de lo que jam\u00e1s hubiese podido imaginar\u00bb, se\u00f1al\u00f3 Nadal.<\/p>\n\n\n\n<blockquote class=\"twitter-tweet\"><p lang=\"und\" dir=\"ltr\">Mil gracias a todos <br>Many thanks to all<br>Merci beaucoup \u00e0 tous<br>Grazie mille \u00e0 tutti<br>\u8c22\u8c22\u5927\u5bb6<br>\u0634\u0643\u0631\u0627 \u0644\u0643\u0645 \u062c\u0645\u064a\u0639\u0627 <br>\u05ea\u05d5\u05d3\u05d4 \u05dc\u05db\u05d5\u05dc\u05db\u05dd<br>Obrigado a todos<br>Vielen Dank euch allen<br>Tack alla<br>\u0425\u0432\u0430\u043b\u0430 \u0441\u0432\u0438\u043c\u0430<br>Gr\u00e0cies a tots <a href=\"https:\/\/t.co\/7yPRs7QrOi\">pic.twitter.com\/7yPRs7QrOi<\/a><\/p>&mdash; Rafa Nadal (@RafaelNadal) <a href=\"https:\/\/twitter.com\/RafaelNadal\/status\/1844308861492318594?ref_src=twsrc%5Etfw\">October 10, 2024<\/a><\/blockquote> <script async src=\"https:\/\/platform.twitter.com\/widgets.js\" charset=\"utf-8\"><\/script> \n\n\n\n<p>El balear lo dejar\u00e1 tras la <strong>Copa Davis<\/strong>. \u00abMe hace mucha ilusi\u00f3n que mi \u00faltimo torneo sean las Finales de la Copa Davis y representando a mi pa\u00eds, es cerrar el c\u00edrculo ya que una de mis primeras alegr\u00edas fue la final de<strong> Sevilla en 2004<\/strong>\u00ab, admiti\u00f3.<\/p>\n\n\n\n<p>\u00abMe siento superafortunado por todas las cosas que he podido vivir. <strong>Quiero agradecer<\/strong> a toda la industria del tenis, a todas las personas que engloban este deporte, a mis compa\u00f1eros durante tantos a\u00f1os, especialmente a mis <strong>grandes rivales<\/strong>. He pasado much\u00edsimas horas con ellos y he vivido muchos momentos que voy a recordar por el resto de mi vida\u00bb, reconoci\u00f3 en sus palabras un Nadal muy emocionado.<\/p>\n\n\n\n<h3 class=\"wp-block-heading\">Considerado el mejor tenista de la historia en tierra batida<\/h3>\n\n\n\n<p>Desde que se hiciese jugador<strong> profesional<\/strong> en <strong>2001<\/strong>, el de Manacor lleva m\u00e1s de 20 a\u00f1os mordiendo trofeos y es que Rafa Nadal est\u00e1 considerado como uno de los deportistas m\u00e1s importantes en la historia de Espa\u00f1a.<\/p>\n\n\n\n<p>Hasta la fecha, es el segundo tenista masculino con mayor n\u00famero de t\u00edtulos de\u00a0<strong>Grand Slam<\/strong>\u00a0en individuales, con<strong> 22<\/strong>, s\u00f3lo superado por el serbio\u00a0Novak Djokovic, con 24, y por delante del suizo\u00a0Roger Federer, con 20.\u00a0<\/p>\n\n\n\n<figure class=\"wp-block-image size-full\"><img decoding=\"async\" width=\"1001\" height=\"553\" src=\"https:\/\/losperiodistas.com.mx\/portal\/wp-content\/uploads\/2024\/10\/Captura-de-pantalla-2024-10-10-155018.png\" alt=\"Rafa Nadal conquista su 14 Roland Garros\" class=\"wp-image-87588\" srcset=\"https:\/\/losperiodistas.com.mx\/portal\/wp-content\/uploads\/2024\/10\/Captura-de-pantalla-2024-10-10-155018.png 1001w, https:\/\/losperiodistas.com.mx\/portal\/wp-content\/uploads\/2024\/10\/Captura-de-pantalla-2024-10-10-155018-300x166.png 300w, https:\/\/losperiodistas.com.mx\/portal\/wp-content\/uploads\/2024\/10\/Captura-de-pantalla-2024-10-10-155018-768x424.png 768w\" sizes=\"(max-width: 1001px) 100vw, 1001px\" \/><figcaption class=\"wp-element-caption\">Rafa Nadal hace historia en Par\u00eds conquistando su 14 Roland Garros ante Casper RuudEurasia Sport Images<\/figcaption><\/figure>\n\n\n\n<p>Nadal tiene el t\u00edtulo del tenista masculino <strong>m\u00e1s joven<\/strong> de la historia en conseguir el Golden Slam en la carrera, que consiste en lograr los <strong>cuatro Grand Slam <\/strong>y la<strong> medalla de oro <\/strong>en los <strong>Juegos Ol\u00edmpicos<\/strong> a lo largo de la carrera, logro \u00fanicamente compartido con Andre Agassi y Novak Djokovic.<\/p>\n\n\n\n<p>Fuente: <a href=\"https:\/\/www.telecinco.es\/noticias\/deportes\/20241010\/rafa-nadal-anuncia-retirada-tenis-profesional_18_013680216.html\">Telecinco<\/a><\/p>\n","protected":false},"excerpt":{"rendered":"<p>Nadal se retira del tenis profesional a los 38 a\u00f1os; el balear lo dejar\u00e1 tras jugar la Copa Davis Redacci\u00f3n [&hellip;]<\/p>\n","protected":false},"author":1,"featured_media":87586,"comment_status":"open","ping_status":"open","sticky":false,"template":"","format":"standard","meta":{"site-sidebar-layout":"default","site-content-layout":"","ast-site-content-layout":"default","site-content-style":"default","site-sidebar-style":"default","ast-global-header-display":"","ast-banner-title-visibility":"","ast-main-header-display":"","ast-hfb-above-header-display":"","ast-hfb-below-header-display":"","ast-hfb-mobile-header-display":"","site-post-title":"","ast-breadcrumbs-content":"","ast-featured-img":"","footer-sml-layout":"","theme-transparent-header-meta":"","adv-header-id-meta":"","stick-header-meta":"","header-above-stick-meta":"","header-main-stick-meta":"","header-below-stick-meta":"","astra-migrate-meta-layouts":"default","ast-page-background-enabled":"default","ast-page-background-meta":{"desktop":{"background-color":"var(--ast-global-color-4)","background-image":"","background-repeat":"repeat","background-position":"center center","background-size":"auto","background-attachment":"scroll","background-type":"","background-media":"","overlay-type":"","overlay-color":"","overlay-opacity":"","overlay-gradient":""},"tablet":{"background-color":"","background-image":"","background-repeat":"repeat","background-position":"center center","background-size":"auto","background-attachment":"scroll","background-type":"","background-media":"","overlay-type":"","overlay-color":"","overlay-opacity":"","overlay-gradient":""},"mobile":{"background-color":"","background-image":"","background-repeat":"repeat","background-position":"center center","background-size":"auto","background-attachment":"scroll","background-type":"","background-media":"","overlay-type":"","overlay-color":"","overlay-opacity":"","overlay-gradient":""}},"ast-content-background-meta":{"desktop":{"background-color":"var(--ast-global-color-5)","background-image":"","background-repeat":"repeat","background-position":"center center","background-size":"auto","background-attachment":"scroll","background-type":"","background-media":"","overlay-type":"","overlay-color":"","overlay-opacity":"","overlay-gradient":""},"tablet":{"background-color":"var(--ast-global-color-5)","background-image":"","background-repeat":"repeat","background-position":"center center","background-size":"auto","background-attachment":"scroll","background-type":"","background-media":"","overlay-type":"","overlay-color":"","overlay-opacity":"","overlay-gradient":""},"mobile":{"background-color":"var(--ast-global-color-5)","background-image":"","background-repeat":"repeat","background-position":"center center","background-size":"auto","background-attachment":"scroll","background-type":"","background-media":"","overlay-type":"","overlay-color":"","overlay-opacity":"","overlay-gradient":""}},"footnotes":""},"categories":[8],"tags":[31387,31385,31386,31388],"class_list":["post-87585","post","type-post","status-publish","format-standard","has-post-thumbnail","hentry","category-noticias","tag-copa-davis","tag-rafa-nadal","tag-retirada-del-tenis","tag-roland-garros"],"_links":{"self":[{"href":"https:\/\/losperiodistas.com.mx\/portal\/wp-json\/wp\/v2\/posts\/87585","targetHints":{"allow":["GET"]}}],"collection":[{"href":"https:\/\/losperiodistas.com.mx\/portal\/wp-json\/wp\/v2\/posts"}],"about":[{"href":"https:\/\/losperiodistas.com.mx\/portal\/wp-json\/wp\/v2\/types\/post"}],"author":[{"embeddable":true,"href":"https:\/\/losperiodistas.com.mx\/portal\/wp-json\/wp\/v2\/users\/1"}],"replies":[{"embeddable":true,"href":"https:\/\/losperiodistas.com.mx\/portal\/wp-json\/wp\/v2\/comments?post=87585"}],"version-history":[{"count":1,"href":"https:\/\/losperiodistas.com.mx\/portal\/wp-json\/wp\/v2\/posts\/87585\/revisions"}],"predecessor-version":[{"id":87589,"href":"https:\/\/losperiodistas.com.mx\/portal\/wp-json\/wp\/v2\/posts\/87585\/revisions\/87589"}],"wp:featuredmedia":[{"embeddable":true,"href":"https:\/\/losperiodistas.com.mx\/portal\/wp-json\/wp\/v2\/media\/87586"}],"wp:attachment":[{"href":"https:\/\/losperiodistas.com.mx\/portal\/wp-json\/wp\/v2\/media?parent=87585"}],"wp:term":[{"taxonomy":"category","embeddable":true,"href":"https:\/\/losperiodistas.com.mx\/portal\/wp-json\/wp\/v2\/categories?post=87585"},{"taxonomy":"post_tag","embeddable":true,"href":"https:\/\/losperiodistas.com.mx\/portal\/wp-json\/wp\/v2\/tags?post=87585"}],"curies":[{"name":"wp","href":"https:\/\/api.w.org\/{rel}","templated":true}]}}