{"id":8757,"date":"2021-06-04T09:51:20","date_gmt":"2021-06-04T14:51:20","guid":{"rendered":"http:\/\/losperiodistas.com.mx\/portal\/?p=8757"},"modified":"2021-06-04T09:51:22","modified_gmt":"2021-06-04T14:51:22","slug":"el-peso-de-la-religion-en-las-elecciones-mexicanas-el-pais","status":"publish","type":"post","link":"https:\/\/losperiodistas.com.mx\/portal\/el-peso-de-la-religion-en-las-elecciones-mexicanas-el-pais\/","title":{"rendered":"El peso de la religi\u00f3n en las elecciones mexicanas | El Pa\u00eds"},"content":{"rendered":"\n<p style=\"font-size:18px\"><em>Los grupos religiosos buscan ganar influencia en los partidos con campa\u00f1a ideol\u00f3gicas y posicionando a sus propios candidatos<\/em><\/p>\n\n\n\n<p><\/p>\n\n\n\n<figure class=\"wp-block-image size-large\"><img fetchpriority=\"high\" decoding=\"async\" width=\"1024\" height=\"682\" src=\"https:\/\/losperiodistas.com.mx\/portal\/wp-content\/uploads\/2021\/06\/Captura-de-Pantalla-2021-06-04-a-las-9.48.15-1024x682.jpg\" alt=\"\" class=\"wp-image-8758\" srcset=\"https:\/\/losperiodistas.com.mx\/portal\/wp-content\/uploads\/2021\/06\/Captura-de-Pantalla-2021-06-04-a-las-9.48.15-1024x682.jpg 1024w, https:\/\/losperiodistas.com.mx\/portal\/wp-content\/uploads\/2021\/06\/Captura-de-Pantalla-2021-06-04-a-las-9.48.15-300x200.jpg 300w, https:\/\/losperiodistas.com.mx\/portal\/wp-content\/uploads\/2021\/06\/Captura-de-Pantalla-2021-06-04-a-las-9.48.15-768x511.jpg 768w, https:\/\/losperiodistas.com.mx\/portal\/wp-content\/uploads\/2021\/06\/Captura-de-Pantalla-2021-06-04-a-las-9.48.15.jpg 1280w\" sizes=\"(max-width: 1024px) 100vw, 1024px\" \/><figcaption>Miembros de la Iglesia La Luz del Mundo participan en una misa en Guadalajara, M\u00e9xico, en agosto de 2019. LEONARDO ALVAREZ HERNANDEZ \/ GETTY IMAGES<\/figcaption><\/figure>\n\n\n\n<p><\/p>\n\n\n\n<p class=\"has-vivid-cyan-blue-color has-text-color has-medium-font-size\">GEORGINA ZEREGA \/ EL PA\u00cdS<\/p>\n\n\n\n<p>Con esl\u00f3ganes encubiertos y consignas ideol\u00f3gicas, la religi\u00f3n se ha abierto camino en&nbsp;<a href=\"https:\/\/elpais.com\/noticias\/elecciones-mexico\/\">las elecciones m\u00e1s grandes de la historia de M\u00e9xico<\/a>. En un pa\u00eds con m\u00e1s del 88% de su poblaci\u00f3n que se reconoce como parte de alguna iglesia, los grupos religiosos tienen en sus manos el poder para mover la balanza a favor o en contra. La ley proh\u00edbe a los ministros de culto competir por un puesto p\u00fablico, pero algunas asociaciones han permeado a los partidos y han logrado meter a sus propios candidatos. El resurgimiento del Partido Encuentro Social \u2014ahora llamado Solidario\u2014 o el apoyo en bloque de iglesias a f\u00f3rmulas que defienden los valores e intereses propios, como la oposici\u00f3n al aborto o la homosexualidad, siembra dudas de cara al domingo sobre si existe un voto religioso en M\u00e9xico.<\/p>\n\n\n\n<h3 class=\"wp-block-heading\">M\u00c1S INFORMACI\u00d3N<\/h3>\n\n\n\n<ul class=\"wp-block-list\"><li><a href=\"https:\/\/elpais.com\/mexico\/2021-04-16\/la-iglesia-de-la-luz-del-mundo-pone-la-mira-en-las-proximas-elecciones-para-evitar-que-su-lider-pise-la-carcel-en-mexico.html?rel=listapoyo\">La Luz del Mundo pone la mira en las elecciones para evitar que su l\u00edder pise la c\u00e1rcel en M\u00e9xico<\/a><\/li><\/ul>\n\n\n\n<p>Las iglesias mexicanas no pueden apoyar abiertamente candidatos, de acuerdo a la legislaci\u00f3n. Sin embargo, la presi\u00f3n de los intereses religiosos escal\u00f3 a tal punto durante la campa\u00f1a que la Secretar\u00eda de Gobernaci\u00f3n emiti\u00f3 un comunicado en abril pasado recordando a los ministros de culto que no pod\u00edan tomar partido y pidiendo evitar el proselitismo y la propaganda. La Iglesia cat\u00f3lica en M\u00e9xico, que re\u00fane a 97 millones de fieles, no apoya \u201ca un partido o a otro, porque no hay un partido democr\u00e1tico cristiano\u201d, explica el nuncio apost\u00f3lico en el pa\u00eds, Franco Coppola. Sin embargo, en un juego fino entre los lineamientos que establece la ley, la Conferencia Episcopal Mexicana public\u00f3 en mayo un mensaje en el que enlistaba una serie de criterios para \u201ciluminar las conciencias\u201d de los votantes cat\u00f3licos. Entre los puntos, destacaba \u201cla defensa de la vida (de todas las vidas) desde la concepci\u00f3n y hasta la muerte natural, el matrimonio y la familia como n\u00facleos fundamentales del bienestar social\u201d.<\/p>\n\n\n\n<p>Para el soci\u00f3logo Bernardo Barranco, especializado en religi\u00f3n, lo particular de estos comicios es que han tenido una mayor presencia de \u201calgunas iglesias de corte pentecostal\u201d que han presionado al electorado y a los candidatos para que se muestren a favor de \u201cuna postura anti ideolog\u00eda de g\u00e9nero\u201d. Esto se ha manifestado en campa\u00f1as que atacaron los derechos de las mujeres, de los gays y, sobre todo, se enfocaron contra el aborto, afirma. \u201cHay una articulaci\u00f3n entre los sectores fundamentalistas de los evang\u00e9licos y la rama m\u00e1s conservadora de los integristas de la Iglesia\u201d, explica. \u201cSon posturas que se dirigen a los sectores m\u00e1s conservadores del pa\u00eds\u201d. Esta elecci\u00f3n, afirma, ser\u00e1 importante para determinar si existe en M\u00e9xico un voto religioso, algo que hist\u00f3ricamente ha generado debate.<\/p>\n\n\n\n<p>Entre los puntos a prestar atenci\u00f3n, seg\u00fan Barranco, est\u00e1 el resucitamiento del PES, que puede terminar no consiguiendo votos suficientes para alcanzar alg\u00fan cargo p\u00fablico, o el desempe\u00f1o que termine teniendo el Partido de Acci\u00f3n Nacional (PAN). Este \u00faltimo caso, explica, resulta interesante porque se trata de una formaci\u00f3n vinculada a las posturas m\u00e1s conservadoras del catolicismo, algo que suele darle votos de ese grupo religioso. Pero la alianza que ha decidido hacer el PAN con el Partido Revolucionario Institucional (PRI) y el Partido de la Revoluci\u00f3n Democr\u00e1tica (PRD) en esta elecci\u00f3n le ha dejado \u201cmaniatado\u201d para hacer campa\u00f1a con los argumentos del catolicismo.<\/p>\n\n\n\n<p>Arturo Farela, presidente de la Confraternidad Nacional de Iglesias Cristianas Evang\u00e9licas, asegura que los grupos evang\u00e9licos en M\u00e9xico \u2014que concentran a 14 millones de personas\u2014 no votar\u00e1n en esta ocasi\u00f3n \u201cde manera corporativa\u201d. Lo hicieron en 2018, afirma, para llevar a Andr\u00e9s Manuel L\u00f3pez Obrador a la presidencia. Pero el partido gobernante, el Movimiento de Regeneraci\u00f3n Nacional (Morena), aglutina posiciones que \u00e9l no defiende, como el acceso al aborto. Eso le hace alejarse de la formaci\u00f3n, a pesar de su categ\u00f3rico apoyo al presidente. \u201cNo tengo una opini\u00f3n favorable o en contra sobre la posibilidad de que Morena saque la mayor\u00eda en la C\u00e1mara de Diputados\u201d, dice en relaci\u00f3n con la disputa electoral m\u00e1s importante del pr\u00f3ximo 6 de junio. En varias ocasiones, Farela hab\u00eda advertido que los evang\u00e9licos meter\u00edan a sus propios candidatos en las listas del pr\u00f3ximo domingo, aunque no ha querido especificar de quienes hablaba.<\/p>\n\n\n\n<p>Ante la imposibilidad de hacer p\u00fablico su apoyo, algunas de estas asociaciones escondieron sus intenciones en reuniones privadas. Entre ellas est\u00e1 La Luz del Mundo, que ha buscado echar mano de sus conexiones pol\u00edticas en estas elecciones. El medio mexicano&nbsp;<em>Milenio&nbsp;<\/em>revel\u00f3 esta semana un audio en que se escuchaba a uno de los apoderados de la iglesia, con base en Guadalajara, pedir a sus fieles que apoyaran al candidato de Morena a la alcald\u00eda de la ciudad. La instituci\u00f3n religiosa, cuyo l\u00edder&nbsp;<a href=\"https:\/\/elpais.com\/internacional\/2019\/06\/05\/actualidad\/1559689011_786211.html\">se encuentra preso en Estados Unidos<\/a>, est\u00e1 en un aprieto econ\u00f3mico desde que la Unidad de Inteligencia Financiera (UIF) congelara en marzo de 2020 las cuentas de seis altos miembros tras una investigaci\u00f3n por estafa, pornograf\u00eda infantil y explotaci\u00f3n sexual de menores.<\/p>\n\n\n\n<p>El apoyo al candidato de Morena en Guadalajara estaba condicionado a que ayudara a la instituci\u00f3n a negociar con las autoridades federales, principalmente el titular de la UIF, Santiago Nieto, el descongelamiento de las cuentas bancarias. El Partido de Acci\u00f3n Nacional denunci\u00f3 este mi\u00e9rcoles a la iglesia, al candidato y a Nieto por un presunto delito electoral. \u201cExigimos un proceso electoral democr\u00e1tico, limpio, en donde no se use el aparato del Estado para ganar elecciones\u201d, reclam\u00f3 la diputada Mariana Dunyaska Garc\u00eda en la presentaci\u00f3n de la denuncia.<\/p>\n\n\n\n<p>Desde hace unos meses, la apuesta de La Luz del Mundo ha sido entrar en las listas y garantizarse la mayor cantidad de espacios pol\u00edticos que sean posibles. Barranco asegura que no es exclusivo de esa congregaci\u00f3n. \u201cLos grupos evang\u00e9licos fueron hist\u00f3ricamente marginados. Muchos procuran ahora, a trav\u00e9s del cabildeo, intercambiar curules por oferta de votos\u201d, dice. Entre los miembros de esta iglesia que buscan el pr\u00f3ximo domingo un puesto o una reelecci\u00f3n est\u00e1n el diputado Emmanuel Reyes de Morena, Israel Zamora del Partido Verde, o Kehila Ku de Movimiento Ciudadano. En este caso, el apoyo a los partidos se diversifica porque predominan otros intereses, afirma Barranco. \u201cLa pureza ideol\u00f3gica ha cedido ante el pragmatismo\u201d.<\/p>\n\n\n\n<p><a href=\"https:\/\/plus.elpais.com\/newsletters\/lnp\/1\/348\"><em>Suscr\u00edbase aqu\u00ed a la newsletter de EL PA\u00cdS M\u00e9xico<\/em><\/a><em>y reciba todas las claves informativas de la actualidad de este pa\u00eds<\/em><\/p>\n\n\n\n<p>Fuente: https:\/\/elpais.com\/mexico\/elecciones-mexicanas\/2021-06-04\/el-peso-de-la-religion-en-las-elecciones-mexicanas.html<\/p>\n\n\n\n<p><\/p>\n","protected":false},"excerpt":{"rendered":"<p>Los grupos religiosos buscan ganar influencia en los partidos con campa\u00f1a ideol\u00f3gicas y posicionando a sus propios candidatos GEORGINA ZEREGA [&hellip;]<\/p>\n","protected":false},"author":1,"featured_media":8758,"comment_status":"open","ping_status":"open","sticky":false,"template":"","format":"standard","meta":{"site-sidebar-layout":"default","site-content-layout":"","ast-site-content-layout":"default","site-content-style":"default","site-sidebar-style":"default","ast-global-header-display":"","ast-banner-title-visibility":"","ast-main-header-display":"","ast-hfb-above-header-display":"","ast-hfb-below-header-display":"","ast-hfb-mobile-header-display":"","site-post-title":"","ast-breadcrumbs-content":"","ast-featured-img":"","footer-sml-layout":"","theme-transparent-header-meta":"","adv-header-id-meta":"","stick-header-meta":"","header-above-stick-meta":"","header-main-stick-meta":"","header-below-stick-meta":"","astra-migrate-meta-layouts":"default","ast-page-background-enabled":"default","ast-page-background-meta":{"desktop":{"background-color":"var(--ast-global-color-4)","background-image":"","background-repeat":"repeat","background-position":"center center","background-size":"auto","background-attachment":"scroll","background-type":"","background-media":"","overlay-type":"","overlay-color":"","overlay-opacity":"","overlay-gradient":""},"tablet":{"background-color":"","background-image":"","background-repeat":"repeat","background-position":"center center","background-size":"auto","background-attachment":"scroll","background-type":"","background-media":"","overlay-type":"","overlay-color":"","overlay-opacity":"","overlay-gradient":""},"mobile":{"background-color":"","background-image":"","background-repeat":"repeat","background-position":"center center","background-size":"auto","background-attachment":"scroll","background-type":"","background-media":"","overlay-type":"","overlay-color":"","overlay-opacity":"","overlay-gradient":""}},"ast-content-background-meta":{"desktop":{"background-color":"var(--ast-global-color-5)","background-image":"","background-repeat":"repeat","background-position":"center center","background-size":"auto","background-attachment":"scroll","background-type":"","background-media":"","overlay-type":"","overlay-color":"","overlay-opacity":"","overlay-gradient":""},"tablet":{"background-color":"var(--ast-global-color-5)","background-image":"","background-repeat":"repeat","background-position":"center center","background-size":"auto","background-attachment":"scroll","background-type":"","background-media":"","overlay-type":"","overlay-color":"","overlay-opacity":"","overlay-gradient":""},"mobile":{"background-color":"var(--ast-global-color-5)","background-image":"","background-repeat":"repeat","background-position":"center center","background-size":"auto","background-attachment":"scroll","background-type":"","background-media":"","overlay-type":"","overlay-color":"","overlay-opacity":"","overlay-gradient":""}},"footnotes":""},"categories":[8],"tags":[1875,1874,1873],"class_list":["post-8757","post","type-post","status-publish","format-standard","has-post-thumbnail","hentry","category-noticias","tag-catolicos-mexico","tag-luz-del-mundo","tag-religiones-influyen-en-elecciones-mexico"],"_links":{"self":[{"href":"https:\/\/losperiodistas.com.mx\/portal\/wp-json\/wp\/v2\/posts\/8757","targetHints":{"allow":["GET"]}}],"collection":[{"href":"https:\/\/losperiodistas.com.mx\/portal\/wp-json\/wp\/v2\/posts"}],"about":[{"href":"https:\/\/losperiodistas.com.mx\/portal\/wp-json\/wp\/v2\/types\/post"}],"author":[{"embeddable":true,"href":"https:\/\/losperiodistas.com.mx\/portal\/wp-json\/wp\/v2\/users\/1"}],"replies":[{"embeddable":true,"href":"https:\/\/losperiodistas.com.mx\/portal\/wp-json\/wp\/v2\/comments?post=8757"}],"version-history":[{"count":1,"href":"https:\/\/losperiodistas.com.mx\/portal\/wp-json\/wp\/v2\/posts\/8757\/revisions"}],"predecessor-version":[{"id":8759,"href":"https:\/\/losperiodistas.com.mx\/portal\/wp-json\/wp\/v2\/posts\/8757\/revisions\/8759"}],"wp:featuredmedia":[{"embeddable":true,"href":"https:\/\/losperiodistas.com.mx\/portal\/wp-json\/wp\/v2\/media\/8758"}],"wp:attachment":[{"href":"https:\/\/losperiodistas.com.mx\/portal\/wp-json\/wp\/v2\/media?parent=8757"}],"wp:term":[{"taxonomy":"category","embeddable":true,"href":"https:\/\/losperiodistas.com.mx\/portal\/wp-json\/wp\/v2\/categories?post=8757"},{"taxonomy":"post_tag","embeddable":true,"href":"https:\/\/losperiodistas.com.mx\/portal\/wp-json\/wp\/v2\/tags?post=8757"}],"curies":[{"name":"wp","href":"https:\/\/api.w.org\/{rel}","templated":true}]}}