{"id":87568,"date":"2024-10-10T13:31:05","date_gmt":"2024-10-10T18:31:05","guid":{"rendered":"http:\/\/losperiodistas.com.mx\/portal\/?p=87568"},"modified":"2024-10-10T13:31:07","modified_gmt":"2024-10-10T18:31:07","slug":"fin-de-semana-con-ambiente-frio-con-heladas-en-el-altiplano-y-calor-en-el-norte","status":"publish","type":"post","link":"https:\/\/losperiodistas.com.mx\/portal\/fin-de-semana-con-ambiente-frio-con-heladas-en-el-altiplano-y-calor-en-el-norte\/","title":{"rendered":"Este fin de semana habr\u00e1 ambiente fr\u00edo con heladas en el Altiplano, contrastando con calor en el norte | Meteored"},"content":{"rendered":"\n<p>Tras varias semanas de intensa actividad tropical con catastr\u00f3ficos huracanes, lluvias torrenciales e inundaciones, ahora llega el tiempo fr\u00edo oto\u00f1al con heladas matutinas y cielo despejado. No obstante, el calor en el norte y lluvias en el sureste continuar\u00e1n.<\/p>\n\n\n\n<figure class=\"wp-block-image size-full\"><img fetchpriority=\"high\" decoding=\"async\" width=\"916\" height=\"511\" src=\"https:\/\/losperiodistas.com.mx\/portal\/wp-content\/uploads\/2024\/10\/Captura-de-pantalla-2024-10-10-121712.png\" alt=\"tiempo en M\u00e9xico este fin de semana\" class=\"wp-image-87569\" srcset=\"https:\/\/losperiodistas.com.mx\/portal\/wp-content\/uploads\/2024\/10\/Captura-de-pantalla-2024-10-10-121712.png 916w, https:\/\/losperiodistas.com.mx\/portal\/wp-content\/uploads\/2024\/10\/Captura-de-pantalla-2024-10-10-121712-300x167.png 300w, https:\/\/losperiodistas.com.mx\/portal\/wp-content\/uploads\/2024\/10\/Captura-de-pantalla-2024-10-10-121712-768x428.png 768w\" sizes=\"(max-width: 916px) 100vw, 916px\" \/><figcaption class=\"wp-element-caption\">El tiempo en M\u00e9xico este fin de semana<\/figcaption><\/figure>\n\n\n\n<p class=\"has-vivid-red-color has-text-color has-link-color wp-elements-9bf6500a6b5c24d2a9a9ba06ef880d49\">Jos\u00e9 Mart\u00edn Cort\u00e9s \/ Meteored<\/p>\n\n\n\n<p>Este fin de semana, <strong>resaltar\u00e1 una masa de aire polar<\/strong> que se fortalece sobre estados del<strong> Altiplano <\/strong>gracias a su <strong>altitud, relieve y humedad<\/strong>, resultando en muy fr\u00edo amaneceres con heladas t\u00edpico del oto\u00f1o, siendo todo lo opuesto <strong>en el norte donde seguir\u00e1 el calor\u00f3n y las lluvias sobre la regi\u00f3n sureste.<\/strong><\/p>\n\n\n\n<h2 class=\"wp-block-heading\">Comportamiento de los sistemas meteorol\u00f3gicos<\/h2>\n\n\n\n<p>Una <strong>dorsal en superficie<\/strong> se extiende desde Estados Unidos a traves del Golfo de M\u00e9xico y cruzando hacia el Altiplano mexicano, donde se fortalece, aumentando su <strong>presi\u00f3n central rondando 1025 a 1030 mb <\/strong>en la regi\u00f3n central, catalog\u00e1ndose moderada, favoreciendo <strong>enfriamiento radiativo<\/strong>.<\/p>\n\n\n\n<p>Entre hoy <strong>jueves y hasta el domingo, en horas nocturnas <\/strong>se tendr\u00e1 los mayores efectos de este anticicl\u00f3n fr\u00edo, ocasionando escasa a nula nubosidad, ambiente templado a fresco diurno y <strong>muy fr\u00edo matutino con heladas y bancos de niebla por inversi\u00f3n t\u00e9rmica<\/strong>, todo siendo<strong> cl\u00e1sico o t\u00edpico del oto\u00f1o en octubre.<\/strong><\/p>\n\n\n\n<p>El fr\u00edo oto\u00f1al se va sintiendo en el Altiplano, siendo viernes y s\u00e1bado los m\u00e1s fr\u00edos de este periodo con heladas y nieblas en regi\u00f3n central. Conforme pase el mes, aumentar\u00e1 intensidad y extensi\u00f3n de masas polares.<\/p>\n\n\n\n<p>Sobre el <strong>noroeste, un anticicl\u00f3n c\u00e1lido en niveles medios<\/strong> sigue posicionado al suroeste de Estados Unidos y noroeste de M\u00e9xico, <strong>responsable del calor <\/strong>de las \u00faltimas semanas y que continuar\u00e1 este fin de semana hasta mitad de mes, logrando <strong>extenderse sobre el norte y noreste en los estados fronterizos.<\/strong><\/p>\n\n\n\n<figure class=\"wp-block-image size-large\"><img decoding=\"async\" width=\"1024\" height=\"693\" src=\"https:\/\/losperiodistas.com.mx\/portal\/wp-content\/uploads\/2024\/10\/Captura-de-pantalla-2024-10-10-122239-1024x693.png\" alt=\"Aire polar seco\" class=\"wp-image-87572\" srcset=\"https:\/\/losperiodistas.com.mx\/portal\/wp-content\/uploads\/2024\/10\/Captura-de-pantalla-2024-10-10-122239-1024x693.png 1024w, https:\/\/losperiodistas.com.mx\/portal\/wp-content\/uploads\/2024\/10\/Captura-de-pantalla-2024-10-10-122239-300x203.png 300w, https:\/\/losperiodistas.com.mx\/portal\/wp-content\/uploads\/2024\/10\/Captura-de-pantalla-2024-10-10-122239-768x520.png 768w, https:\/\/losperiodistas.com.mx\/portal\/wp-content\/uploads\/2024\/10\/Captura-de-pantalla-2024-10-10-122239.png 1279w\" sizes=\"(max-width: 1024px) 100vw, 1024px\" \/><figcaption class=\"wp-element-caption\">Aire polar seco estar\u00e1 invadiendo al pa\u00eds, disminuyendo notablemente las lluvias, y resaltando en el Altiplano el ambiente muy fr\u00edo nocturno con heladas.<\/figcaption><\/figure>\n\n\n\n<p>Sobre el <strong>Caribe, bajas presiones se mantendr\u00e1n <\/strong>con extensas \u00e1reas de tormenta, sum\u00e1ndose una <strong>onda tropical, que llegar\u00eda a pen\u00ednsula de Yucat\u00e1n<\/strong> con fuertes lluvias dispersas desde el domingo; varios modelos sugieren el <strong>desarrollo de una perturbaci\u00f3n tropical<\/strong> la pr\u00f3xima semana, incluso un <strong>cicl\u00f3n<\/strong>, <strong>combin\u00e1ndose con un posible frente fr\u00edo\u2026<\/strong><\/p>\n\n\n\n<h2 class=\"wp-block-heading\">Tardes templadas, fr\u00edos amaneceres<\/h2>\n\n\n\n<p>Entre Baja California, Baja California Sur, Sonora, Sinaloa y Nayarit ser\u00e1 muy caluroso con<strong> 32 a 45 \u00b0C y amaneceres de 20 a 30 \u00b0C<\/strong> especialmente en el Mar de Cort\u00e9s. Entre Chihuahua, Coahuila, Nuevo Le\u00f3n, Tamaulipas, Campeche, Yucat\u00e1n y Quintana Roo las tardes ser\u00edan de <strong>30-38 \u00b0C y de 15-22 \u00b0C<\/strong> en horas nocturnas.<\/p>\n\n\n\n<figure class=\"wp-block-image size-full\"><img decoding=\"async\" width=\"1023\" height=\"712\" src=\"https:\/\/losperiodistas.com.mx\/portal\/wp-content\/uploads\/2024\/10\/Captura-de-pantalla-2024-10-10-122351.png\" alt=\"Altiplano \" class=\"wp-image-87573\" srcset=\"https:\/\/losperiodistas.com.mx\/portal\/wp-content\/uploads\/2024\/10\/Captura-de-pantalla-2024-10-10-122351.png 1023w, https:\/\/losperiodistas.com.mx\/portal\/wp-content\/uploads\/2024\/10\/Captura-de-pantalla-2024-10-10-122351-300x209.png 300w, https:\/\/losperiodistas.com.mx\/portal\/wp-content\/uploads\/2024\/10\/Captura-de-pantalla-2024-10-10-122351-768x535.png 768w\" sizes=\"(max-width: 1023px) 100vw, 1023px\" \/><figcaption class=\"wp-element-caption\">El Altiplano tendr\u00e1 un marcado descenso t\u00e9rmico en horas nocturnas con ambiente fr\u00edo de -5 a 10 \u00b0C en promedio, present\u00e1ndose heladas y bancos de niebla.<\/figcaption><\/figure>\n\n\n\n<p>El <strong>fr\u00edo pronosticado ser\u00eda exclusivamente del Altiplano y monta\u00f1as del territorio mexicano<\/strong>, resaltando Zacatecas, San Luis Potos\u00ed, Aguascalientes, Jalisco, <a href=\"https:\/\/www.meteored.mx\/clima_Guanajuato-America+Norte-Mexico-Guanajuato--1-21047.html\" target=\"_blank\" rel=\"noreferrer noopener\">Guanajuato<\/a>, Quer\u00e9taro, <a href=\"https:\/\/www.meteored.mx\/clima-America+Norte-Mexico-Hidalgo-1-3-155-5645.html\" target=\"_blank\" rel=\"noreferrer noopener\">Hidalgo<\/a>, Michoac\u00e1n,<a href=\"https:\/\/www.meteored.mx\/clima-America+Norte-Mexico-Mexico-1-3-155-5646.html\" target=\"_blank\" rel=\"noreferrer noopener\"> Estado de M\u00e9xico<\/a>, <a href=\"https:\/\/www.meteored.mx\/clima-America+Norte-Mexico-Morelos-1-3-155-5652.html\" target=\"_blank\" rel=\"noreferrer noopener\">Morelos<\/a>, <a href=\"https:\/\/www.meteored.mx\/clima-America+Norte-Mexico-Puebla-1-3-155-5636.html\" target=\"_blank\" rel=\"noreferrer noopener\">Puebla<\/a>, <a href=\"https:\/\/www.meteored.mx\/clima-America+Norte-Mexico-Tlaxcala-1-3-155-5648.html\" target=\"_blank\" rel=\"noreferrer noopener\">Tlaxcala<\/a>, <a href=\"https:\/\/www.meteored.mx\/clima-America+Norte-Mexico-Distrito+Federal-1-3-155-5635.html\" target=\"_blank\" rel=\"noreferrer noopener\">Ciudad de M\u00e9xico<\/a>, Veracruz, Guerrero, Oaxaca, Chiapas y sur de Coahuila, Nuevo Le\u00f3n y poniente de Tamaulipas con<strong> m\u00ednimas de 5 a 12 \u00b0C<\/strong>.<\/p>\n\n\n\n<p><em><strong>Heladas y cencelladas<\/strong><br><\/em><br><em>Cuando el roc\u00edo formado en vegetaci\u00f3n y objetos expuestos se congela (<strong>escarcha<\/strong>), se llama helada; Cuando hay niebla y la temperatura es de 0\u00b0C o menos, esas diminutas gotas de la niebla se congelan sobre la vegetaci\u00f3n\/objetos, conocido como <strong>cencellada<\/strong>. <strong>Ninguno es precipitaci\u00f3n\u2026<\/strong><\/em><\/p>\n\n\n\n<p>En sus <strong>porciones monta\u00f1osas, de valles altos y campo abierto, se estiman de -7 a 5 \u00b0C con heladas<\/strong> (congelaci\u00f3n del roc\u00edo) que pinten de blanco varias porciones, adem\u00e1s de<strong> bancos de niebla nocturnos a matutinos <\/strong>como es en la regi\u00f3n del Valle de M\u00e9xico y entre Puebla, Hidalgo, Tlaxcala y Veracruz, incluso con algunas <strong>cencelladas<\/strong>.<\/p>\n\n\n\n<h2 class=\"wp-block-heading\">Previsi\u00f3n de precipitaciones en M\u00e9xico<\/h2>\n\n\n\n<p>Esta <strong>tarde-noche de jueves, las lluvias ser\u00e1n aisladas en costas y monta\u00f1as <\/strong>de Quintana Roo, Yucat\u00e1n, Campeche, Veracruz, Oaxaca, Chiapas, Guerrero, Estado de M\u00e9xico, Michoac\u00e1n, Colima, Jalisco, Nayarit y sierras de Sinaloa, Durango, Sonora y Chihuahua con <strong>5-15 mm y locales de 20-50 mm<\/strong>, resaltando en estados del Pac\u00edfico sur.<\/p>\n\n\n\n<figure class=\"wp-block-image size-full\"><img loading=\"lazy\" decoding=\"async\" width=\"1021\" height=\"699\" src=\"https:\/\/losperiodistas.com.mx\/portal\/wp-content\/uploads\/2024\/10\/Captura-de-pantalla-2024-10-10-122531.png\" alt=\"Porciones costeras del Pac\u00edfico\" class=\"wp-image-87574\" srcset=\"https:\/\/losperiodistas.com.mx\/portal\/wp-content\/uploads\/2024\/10\/Captura-de-pantalla-2024-10-10-122531.png 1021w, https:\/\/losperiodistas.com.mx\/portal\/wp-content\/uploads\/2024\/10\/Captura-de-pantalla-2024-10-10-122531-300x205.png 300w, https:\/\/losperiodistas.com.mx\/portal\/wp-content\/uploads\/2024\/10\/Captura-de-pantalla-2024-10-10-122531-768x526.png 768w\" sizes=\"(max-width: 1021px) 100vw, 1021px\" \/><figcaption class=\"wp-element-caption\">Porciones costeras del Pac\u00edfico, sur del Golfo de M\u00e9xico y Caribe mantendr\u00e1n lluvias de intensidad variable y ocasional. Vuelven a incrementarse pr\u00f3xima semana, incluyendo partes del centro.<\/figcaption><\/figure>\n\n\n\n<p>De <strong>viernes a s\u00e1bado, ser\u00e1n mucho m\u00e1s aisladas,<\/strong> apenas gener\u00e1ndose sobre el litoral de los estados del Pac\u00edfico, Sierra Madre Occidental y pen\u00ednsula de Yucat\u00e1n con <strong>5-20 mm<\/strong>, concentr\u00e1ndose en zona lim\u00edtrofe del sur de Veracruz, Tabasco, Chiapas y Oaxaca con <strong>m\u00e1ximos de 40-75 mm.<\/strong><\/p>\n\n\n\n<p>Hacia el <strong>domingo<\/strong>, mismas regiones\/entidades tendr\u00edan lluvias, pero <strong>m\u00e1s aisladas y menores con promedios de 5-15 mm, d\u00e1ndose algunas de 30-50 mm <\/strong>en monta\u00f1as de Nayarit, Jalisco, Guerrero y Chiapas, adem\u00e1s de la costa de Quintana Roo. Este d\u00eda, regresar\u00edan eventos aislados en monta\u00f1as del Estado de M\u00e9xico, Morelos, Ciudad de M\u00e9xico, Puebla y Tlaxcala.<\/p>\n\n\n\n<p>Fuente: <a href=\"https:\/\/www.meteored.mx\/noticias\/prediccion\/el-tiempo-en-mexico-este-fin-de-semana-ambiente-frio-con-heladas-en-el-altiplano-contrastando-con-calor-en-el-norte-niebla-aire-polar-ciclon.html\" target=\"_blank\" rel=\"noreferrer noopener\">Meteored<\/a><\/p>\n\n\n\n<p><\/p>\n","protected":false},"excerpt":{"rendered":"<p>Tras varias semanas de intensa actividad tropical con catastr\u00f3ficos huracanes, lluvias torrenciales e inundaciones, ahora llega el tiempo fr\u00edo oto\u00f1al con heladas matutinas y cielo despejado. No obstante, el calor en el norte y lluvias en el sureste continuar\u00e1n.<\/p>\n","protected":false},"author":1,"featured_media":87569,"comment_status":"open","ping_status":"open","sticky":false,"template":"","format":"standard","meta":{"site-sidebar-layout":"default","site-content-layout":"","ast-site-content-layout":"default","site-content-style":"default","site-sidebar-style":"default","ast-global-header-display":"","ast-banner-title-visibility":"","ast-main-header-display":"","ast-hfb-above-header-display":"","ast-hfb-below-header-display":"","ast-hfb-mobile-header-display":"","site-post-title":"","ast-breadcrumbs-content":"","ast-featured-img":"","footer-sml-layout":"","theme-transparent-header-meta":"","adv-header-id-meta":"","stick-header-meta":"","header-above-stick-meta":"","header-main-stick-meta":"","header-below-stick-meta":"","astra-migrate-meta-layouts":"default","ast-page-background-enabled":"default","ast-page-background-meta":{"desktop":{"background-color":"var(--ast-global-color-4)","background-image":"","background-repeat":"repeat","background-position":"center center","background-size":"auto","background-attachment":"scroll","background-type":"","background-media":"","overlay-type":"","overlay-color":"","overlay-opacity":"","overlay-gradient":""},"tablet":{"background-color":"","background-image":"","background-repeat":"repeat","background-position":"center center","background-size":"auto","background-attachment":"scroll","background-type":"","background-media":"","overlay-type":"","overlay-color":"","overlay-opacity":"","overlay-gradient":""},"mobile":{"background-color":"","background-image":"","background-repeat":"repeat","background-position":"center center","background-size":"auto","background-attachment":"scroll","background-type":"","background-media":"","overlay-type":"","overlay-color":"","overlay-opacity":"","overlay-gradient":""}},"ast-content-background-meta":{"desktop":{"background-color":"var(--ast-global-color-5)","background-image":"","background-repeat":"repeat","background-position":"center center","background-size":"auto","background-attachment":"scroll","background-type":"","background-media":"","overlay-type":"","overlay-color":"","overlay-opacity":"","overlay-gradient":""},"tablet":{"background-color":"var(--ast-global-color-5)","background-image":"","background-repeat":"repeat","background-position":"center center","background-size":"auto","background-attachment":"scroll","background-type":"","background-media":"","overlay-type":"","overlay-color":"","overlay-opacity":"","overlay-gradient":""},"mobile":{"background-color":"var(--ast-global-color-5)","background-image":"","background-repeat":"repeat","background-position":"center center","background-size":"auto","background-attachment":"scroll","background-type":"","background-media":"","overlay-type":"","overlay-color":"","overlay-opacity":"","overlay-gradient":""}},"footnotes":""},"categories":[8],"tags":[31378,31380,31381,31379],"class_list":["post-87568","post","type-post","status-publish","format-standard","has-post-thumbnail","hentry","category-noticias","tag-ambiente-frio","tag-calor-en-el-norte","tag-clima-frio","tag-heladas-en-el-altiplano"],"_links":{"self":[{"href":"https:\/\/losperiodistas.com.mx\/portal\/wp-json\/wp\/v2\/posts\/87568","targetHints":{"allow":["GET"]}}],"collection":[{"href":"https:\/\/losperiodistas.com.mx\/portal\/wp-json\/wp\/v2\/posts"}],"about":[{"href":"https:\/\/losperiodistas.com.mx\/portal\/wp-json\/wp\/v2\/types\/post"}],"author":[{"embeddable":true,"href":"https:\/\/losperiodistas.com.mx\/portal\/wp-json\/wp\/v2\/users\/1"}],"replies":[{"embeddable":true,"href":"https:\/\/losperiodistas.com.mx\/portal\/wp-json\/wp\/v2\/comments?post=87568"}],"version-history":[{"count":1,"href":"https:\/\/losperiodistas.com.mx\/portal\/wp-json\/wp\/v2\/posts\/87568\/revisions"}],"predecessor-version":[{"id":87575,"href":"https:\/\/losperiodistas.com.mx\/portal\/wp-json\/wp\/v2\/posts\/87568\/revisions\/87575"}],"wp:featuredmedia":[{"embeddable":true,"href":"https:\/\/losperiodistas.com.mx\/portal\/wp-json\/wp\/v2\/media\/87569"}],"wp:attachment":[{"href":"https:\/\/losperiodistas.com.mx\/portal\/wp-json\/wp\/v2\/media?parent=87568"}],"wp:term":[{"taxonomy":"category","embeddable":true,"href":"https:\/\/losperiodistas.com.mx\/portal\/wp-json\/wp\/v2\/categories?post=87568"},{"taxonomy":"post_tag","embeddable":true,"href":"https:\/\/losperiodistas.com.mx\/portal\/wp-json\/wp\/v2\/tags?post=87568"}],"curies":[{"name":"wp","href":"https:\/\/api.w.org\/{rel}","templated":true}]}}