{"id":87452,"date":"2024-10-09T12:43:30","date_gmt":"2024-10-09T17:43:30","guid":{"rendered":"http:\/\/losperiodistas.com.mx\/portal\/?p=87452"},"modified":"2024-10-09T12:43:33","modified_gmt":"2024-10-09T17:43:33","slug":"sinodo-recauda-fondos-para-gaza","status":"publish","type":"post","link":"https:\/\/losperiodistas.com.mx\/portal\/sinodo-recauda-fondos-para-gaza\/","title":{"rendered":"S\u00ednodo: 62.000 euros recaudados, ya enviados a la parroquia de Gaza | VN"},"content":{"rendered":"\n<p>Durante la sesi\u00f3n informativa sobre los trabajos sinodales Paolo Ruffini inform\u00f3 sobre el resultado de la colecta realizada ayer entre los participantes en la asamblea. Hablando hoy con los periodistas tres de los 21 cardenales elegidos el pasado domingo por el Papa Francisco: es necesario en la Iglesia dejar atr\u00e1s un estilo \u00abpiramidal\u00bb por uno \u00absinodal\u00bb.<\/p>\n\n\n\n<figure class=\"wp-block-image size-large\"><img fetchpriority=\"high\" decoding=\"async\" width=\"1024\" height=\"558\" src=\"https:\/\/losperiodistas.com.mx\/portal\/wp-content\/uploads\/2024\/10\/Captura-de-pantalla-2024-10-09-113155-1024x558.png\" alt=\"S\u00ednodo\" class=\"wp-image-87453\" srcset=\"https:\/\/losperiodistas.com.mx\/portal\/wp-content\/uploads\/2024\/10\/Captura-de-pantalla-2024-10-09-113155-1024x558.png 1024w, https:\/\/losperiodistas.com.mx\/portal\/wp-content\/uploads\/2024\/10\/Captura-de-pantalla-2024-10-09-113155-300x164.png 300w, https:\/\/losperiodistas.com.mx\/portal\/wp-content\/uploads\/2024\/10\/Captura-de-pantalla-2024-10-09-113155-768x419.png 768w, https:\/\/losperiodistas.com.mx\/portal\/wp-content\/uploads\/2024\/10\/Captura-de-pantalla-2024-10-09-113155.png 1209w\" sizes=\"(max-width: 1024px) 100vw, 1024px\" \/><figcaption class=\"wp-element-caption\">Realizan colecta para las v\u00edctimas de la guerra en Gaza<\/figcaption><\/figure>\n\n\n\n<p class=\"has-vivid-red-color has-text-color has-link-color wp-elements-1cde5177b076b26973c2b09dfb4eca20\">Roberto Paglialonga \/ Edoardo Giribaldi \/ Vatican News<\/p>\n\n\n\n<p>Se han recaudado 62.000 euros con la colecta para las v\u00edctimas de la guerra en Gaza. Lo ha anunciado hoy, 8 de octubre, Paolo Ruffini, prefecto del Dicasterio para la Comunicaci\u00f3n y presidente de la Comisi\u00f3n para la Informaci\u00f3n del S\u00ednodo, en el briefing con los periodistas en la Sala de Prensa vaticana, presentado por la subdirectora Cristiane Murray. En la mesa tambi\u00e9n estaban presentes tres de los 21 cardenales elegidos por el Papa Francisco el pasado domingo: el arzobispo de Abiy\u00e1n en Costa de Marfil, monse\u00f1or Ignace Bessi Dogbo, monse\u00f1or Tarcisio Isao Kikuchi, arzobispo de Tokio, y monse\u00f1or Jaime Spengler, arzobispo de Porto Alegre en Brasil.<\/p>\n\n\n\n<h2 class=\"wp-block-heading\">Fondos ya disponibles en Gaza<\/h2>\n\n\n\n<p>Ruffini inform\u00f3 de que fue el cardenal limosnero Konrad Krajewski, prefecto del Dicasterio para el Servicio de la Caridad, quien dio noticia del resultado de la colecta. En concreto, 32.000 euros fueron donados por los participantes en el S\u00ednodo y otros 30.000 fueron ofrecidos por el Elemosinery Apost\u00f3lico. El total de 62.000 euros, se\u00f1al\u00f3 el cardenal, fue entregado a trav\u00e9s de la Nunciatura Apost\u00f3lica en Jerusal\u00e9n y ya est\u00e1 a disposici\u00f3n del p\u00e1rroco de la Iglesia de la Sagrada Familia de Gaza, el padre Gabriel Romanelli. Los participantes en el S\u00ednodo, dijo Ruffini, acogieron con un aplauso coral el v\u00eddeo de agradecimiento (que se proyect\u00f3 en la sala de prensa) enviado por el sacerdote junto con algunos ni\u00f1os y feligreses.<\/p>\n\n\n\n<h2 class=\"wp-block-heading\">La importancia de la iniciaci\u00f3n cristiana<\/h2>\n\n\n\n<p>Adem\u00e1s, inform\u00f3 Ruffini, el cardenal Grech anunci\u00f3 a la Asamblea que ayer el Dicasterio para los Laicos, la Familia y la Vida hab\u00eda nombrado a los veinte nuevos miembros del Consejo Internacional de Asesoramiento a los J\u00f3venes (Iyab), creado tras el S\u00ednodo de 2018. El cardenal, en nombre de todos los participantes en la Asamblea, dese\u00f3 suerte a los \u00abj\u00f3venes que se comprometen a servir a la Iglesia\u00bb. Ruffini tambi\u00e9n anunci\u00f3 que la parte central de la ma\u00f1ana -350 personas estaban presentes en el Aula Pablo VI- se dedic\u00f3 a elegir a 7 de los 14 miembros de la Comisi\u00f3n para la redacci\u00f3n del Documento Final. El secretario de la Comisi\u00f3n, monse\u00f1or Riccardo Battocchio, record\u00f3 antes de la votaci\u00f3n que la Comisi\u00f3n no redacta materialmente el Documento Final, sino que supervisa el proyecto de trabajo. Tras la votaci\u00f3n de la Comisi\u00f3n, continu\u00f3 Ruffini, fue el turno de los informes por mesas ling\u00fc\u00edsticas, \u00abla novedad de esta asamblea\u00bb. En particular, \u00ablos ponentes destacaron la importancia de la iniciaci\u00f3n cristiana, de las relaciones para llegar a una Iglesia cada vez m\u00e1s sinodal, de la conversi\u00f3n sinodal que es necesaria y de la conversi\u00f3n relacional\u00bb. A continuaci\u00f3n, destacaron \u00abla relaci\u00f3n entre carismas y ministerios\u00bb y hablaron de \u00abc\u00f3mo evitar el narcisismo clerical, el importante papel de la vida consagrada, el ministerio de la escucha, el discernimiento diferenciado sobre los ministerios, vincul\u00e1ndolo a las misiones y a los contextos culturales y locales\u00bb.<\/p>\n\n\n\n<h2 class=\"wp-block-heading\">Diaconado, caridad y misi\u00f3n<\/h2>\n\n\n\n<p>A continuaci\u00f3n, Sheila Pires, secretaria de la Comisi\u00f3n de Informaci\u00f3n, inform\u00f3 de que \u00aben las 18 intervenciones libres sobre el tema de la iniciaci\u00f3n cristiana, tras la pausa, varios ponentes expresaron la necesidad de centrarse en las relaciones, en la conversi\u00f3n relacional, como ya se hab\u00eda hecho en las intervenciones de los ponentes de las mesas ling\u00fc\u00edsticas\u00bb. En particular, a\u00f1adi\u00f3, \u00abalgunos destacaron la necesidad de sanar las relaciones heridas por los esc\u00e1ndalos en la Iglesia, empezando por los abusos, subrayando la importancia de la confianza para reforzar el camino sinodal\u00bb. \u00abAlgunos propusieron una profundizaci\u00f3n del diaconado para renovar la Iglesia, mientras que otros insistieron en la eclesiolog\u00eda del pueblo de Dios y en la importancia de la caridad y la misi\u00f3n\u00bb, dijo Pires. \u00abEl amor a los pobres, se subray\u00f3, viene de la Eucarist\u00eda: debemos ser caritativos, como ense\u00f1a el Evangelio, especialmente con los marginados, los no deseados y los que a veces se sienten excluidos incluso de la Iglesia\u00bb.<\/p>\n\n\n\n<h2 class=\"wp-block-heading\">Acompa\u00f1ar a los reci\u00e9n bautizados<\/h2>\n\n\n\n<p>Tambi\u00e9n se se\u00f1al\u00f3 que \u00aben el mundo secularizado, el proceso de iniciaci\u00f3n cristiana se hace cada vez m\u00e1s fundamental\u00bb, inform\u00f3 Pires. \u00abPara ser testigos del Evangelio, hay que hacerse profeta, y es necesario un proceso de formaci\u00f3n en la fe desde una edad temprana, que implique a toda la comunidad\u00bb. La asamblea, \u00abtambi\u00e9n se subray\u00f3, debe hablar de la participaci\u00f3n de las mujeres en el liderazgo de la Iglesia\u00bb. Adem\u00e1s, \u00abse abord\u00f3 el tema del perd\u00f3n vinculado al amor de Cristo, y se reiter\u00f3 que no puede haber iniciaci\u00f3n cristiana sin comunidad\u00bb. Y, \u00abpor ello, algunos pidieron un mayor compromiso en el acompa\u00f1amiento de los nuevos bautizados\u00bb. Por \u00faltimo, concluy\u00f3, \u00abtambi\u00e9n se se\u00f1al\u00f3 una menci\u00f3n insuficiente en el Instrumentum laboris, de algunas realidades eclesiales, de algunos movimientos, mientras que deber\u00eda realzarse su importancia en la vida de la Iglesia\u00bb. Y, de nuevo, \u00abse pidi\u00f3 que en los documentos de la Iglesia, incluidos los del S\u00ednodo, se utilice un lenguaje comprensible para todos\u00bb.<\/p>\n\n\n\n<h2 class=\"wp-block-heading\">Cambiar la forma de vivir la Iglesia<\/h2>\n\n\n\n<p>Retomando uno de los temas principales de los trabajos del S\u00ednodo, el cardenal electo Ignace Bessi Dogbo quiso hacer hincapi\u00e9 precisamente en el sacramento del Bautismo. \u00abGracias a \u00e9l somos conformados a Cristo y todos podemos reconocernos hijos de Dios y hermanos en Cristo\u00bb. Y esto \u00abnos permite a cada uno, a su vez, ver y encontrar en el pr\u00f3jimo la persona y el rostro de Jes\u00fas\u00bb. A continuaci\u00f3n, haciendo un paralelismo entre lo que est\u00e1 sucediendo en la Iglesia universal y, en estas semanas, dentro de la asamblea sinodal, monse\u00f1or Bessi Dogbo subray\u00f3 la importancia de escucharse unos a otros y de las relaciones que se est\u00e1n viviendo en el Aula Pablo VI, \u00aben un clima extraordinario de comuni\u00f3n y de compartir\u00bb. \u00abSomos conscientes de que no estamos cambiando materialmente la Iglesia, pero estamos en un proceso que llevar\u00e1 a cambiar la forma de vivir la Iglesia en un futuro pr\u00f3ximo\u00bb. Y la capacidad de escucha -concluy\u00f3 el arzobispo de Abiy\u00e1n- viene precisamente del reconocimiento mutuo, que \u00abpermite a cada uno tener su lugar en la vida de la comunidad eclesial\u00bb.<\/p>\n\n\n\n<figure class=\"wp-block-image size-large\"><img decoding=\"async\" width=\"1024\" height=\"683\" src=\"https:\/\/losperiodistas.com.mx\/portal\/wp-content\/uploads\/2024\/10\/Captura-de-pantalla-2024-10-09-113528-1024x683.png\" alt=\"Cardenal electo, monse\u00f1or Ignace Bessi\" class=\"wp-image-87454\" srcset=\"https:\/\/losperiodistas.com.mx\/portal\/wp-content\/uploads\/2024\/10\/Captura-de-pantalla-2024-10-09-113528-1024x683.png 1024w, https:\/\/losperiodistas.com.mx\/portal\/wp-content\/uploads\/2024\/10\/Captura-de-pantalla-2024-10-09-113528-300x200.png 300w, https:\/\/losperiodistas.com.mx\/portal\/wp-content\/uploads\/2024\/10\/Captura-de-pantalla-2024-10-09-113528-768x512.png 768w, https:\/\/losperiodistas.com.mx\/portal\/wp-content\/uploads\/2024\/10\/Captura-de-pantalla-2024-10-09-113528.png 1056w\" sizes=\"(max-width: 1024px) 100vw, 1024px\" \/><figcaption class=\"wp-element-caption\">El cardenal electo, monse\u00f1or Ignace Bessi Dogbo, en los estudios de Radio Vaticano &#8211; Vatican News <\/figcaption><\/figure>\n\n\n\n<h2 class=\"wp-block-heading\">Una base com\u00fan en el surco de la sinodalidad<\/h2>\n\n\n\n<p>El cardenal electo Kikuchi habl\u00f3 tambi\u00e9n de la escucha, deteni\u00e9ndose en particular en su experiencia en Jap\u00f3n. \u00abEntre las dos sesiones sinodales, en mi pa\u00eds, hemos sentado las bases de una verdadera sinodalidad\u00bb, dijo el arzobispo de Tokio. Se celebr\u00f3 una \u00abcongregaci\u00f3n nacional con la participaci\u00f3n de las 15 di\u00f3cesis, presb\u00edteros, laicos, voluntarios, ministros implicados en las diferentes actividades, durante la cual nuestra conversaci\u00f3n en el Esp\u00edritu, que tambi\u00e9n practicamos aqu\u00ed en el Vaticano, se reforz\u00f3 progresivamente durante estos d\u00edas de trabajo en el S\u00ednodo\u00bb. El objetivo compartido, concluy\u00f3 el cardenal electo Kikuchi, tambi\u00e9n presidente de Caritas Internationalis desde mayo de 2023, es \u00abbuscar, encontrar y construir una base com\u00fan en la estela de la sinodalidad\u00bb.<\/p>\n\n\n\n<figure class=\"wp-block-image size-large\"><img decoding=\"async\" width=\"1024\" height=\"648\" src=\"https:\/\/losperiodistas.com.mx\/portal\/wp-content\/uploads\/2024\/10\/Captura-de-pantalla-2024-10-09-113700-1024x648.png\" alt=\"Cardenal electo, monse\u00f1or Tarcisio Isao\" class=\"wp-image-87455\" srcset=\"https:\/\/losperiodistas.com.mx\/portal\/wp-content\/uploads\/2024\/10\/Captura-de-pantalla-2024-10-09-113700-1024x648.png 1024w, https:\/\/losperiodistas.com.mx\/portal\/wp-content\/uploads\/2024\/10\/Captura-de-pantalla-2024-10-09-113700-300x190.png 300w, https:\/\/losperiodistas.com.mx\/portal\/wp-content\/uploads\/2024\/10\/Captura-de-pantalla-2024-10-09-113700-768x486.png 768w, https:\/\/losperiodistas.com.mx\/portal\/wp-content\/uploads\/2024\/10\/Captura-de-pantalla-2024-10-09-113700.png 1109w\" sizes=\"(max-width: 1024px) 100vw, 1024px\" \/><figcaption class=\"wp-element-caption\">El cardenal electo, monse\u00f1or Tarcisio Isao Kikuchi, en los estudios de Vatican News &#8211; Radio Vaticano<\/figcaption><\/figure>\n\n\n\n<h2 class=\"wp-block-heading\">El descubrimiento de la elecci\u00f3n al cardenalato<\/h2>\n\n\n\n<p>De su sorpresa al ser elegido cardenal, habl\u00f3 monse\u00f1or Jaime Spengler, impulsado por una pregunta de Murray, su compatriota. \u00abEstaba terminando de leer un hermoso libro de Carlo Maria Martini, titulado Sequela Christi, cuando mi tel\u00e9fono empez\u00f3 a sonar y a vibrar. Le\u00ed muchos mensajes de buenos deseos y felicitaciones, pero no sab\u00eda por qu\u00e9. Entonces los muchos amigos que me escrib\u00edan me advirtieron que viera el \u00c1ngelus del Papa, porque me estaba citando, y ah\u00ed lo entend\u00ed\u00bb, explic\u00f3. \u00abNaturalmente fue una alegr\u00eda inmensa, sabiendo que ser cardenal significa servir al Papa y a la Iglesia. Agradezco al Santo Padre -dijo emocionado- la oportunidad de colaborar en este momento tan delicado para la historia del mundo, de la humanidad y de la propia comunidad eclesial\u00bb.<\/p>\n\n\n\n<p>Fuente: <a href=\"https:\/\/www.vaticannews.va\/es\/vaticano\/news\/2024-10\/colecta-parroquia-gaza-sinodo-62-mil-euros-participantes.html\">V<\/a><a href=\"https:\/\/www.vaticannews.va\/es\/vaticano\/news\/2024-10\/colecta-parroquia-gaza-sinodo-62-mil-euros-participantes.html\" target=\"_blank\" rel=\"noreferrer noopener\">atican News<\/a><\/p>\n","protected":false},"excerpt":{"rendered":"<p>Durante la sesi\u00f3n informativa sobre los trabajos sinodales Paolo Ruffini inform\u00f3 sobre el resultado de la colecta realizada ayer entre los participantes en la asamblea. Hablando hoy con los periodistas tres de los 21 cardenales elegidos el pasado domingo por el Papa Francisco: es necesario en la Iglesia dejar atr\u00e1s un estilo \u00abpiramidal\u00bb por uno \u00absinodal\u00bb.<\/p>\n","protected":false},"author":1,"featured_media":87453,"comment_status":"open","ping_status":"open","sticky":false,"template":"","format":"standard","meta":{"site-sidebar-layout":"default","site-content-layout":"","ast-site-content-layout":"default","site-content-style":"default","site-sidebar-style":"default","ast-global-header-display":"","ast-banner-title-visibility":"","ast-main-header-display":"","ast-hfb-above-header-display":"","ast-hfb-below-header-display":"","ast-hfb-mobile-header-display":"","site-post-title":"","ast-breadcrumbs-content":"","ast-featured-img":"","footer-sml-layout":"","theme-transparent-header-meta":"","adv-header-id-meta":"","stick-header-meta":"","header-above-stick-meta":"","header-main-stick-meta":"","header-below-stick-meta":"","astra-migrate-meta-layouts":"default","ast-page-background-enabled":"default","ast-page-background-meta":{"desktop":{"background-color":"var(--ast-global-color-4)","background-image":"","background-repeat":"repeat","background-position":"center center","background-size":"auto","background-attachment":"scroll","background-type":"","background-media":"","overlay-type":"","overlay-color":"","overlay-opacity":"","overlay-gradient":""},"tablet":{"background-color":"","background-image":"","background-repeat":"repeat","background-position":"center center","background-size":"auto","background-attachment":"scroll","background-type":"","background-media":"","overlay-type":"","overlay-color":"","overlay-opacity":"","overlay-gradient":""},"mobile":{"background-color":"","background-image":"","background-repeat":"repeat","background-position":"center center","background-size":"auto","background-attachment":"scroll","background-type":"","background-media":"","overlay-type":"","overlay-color":"","overlay-opacity":"","overlay-gradient":""}},"ast-content-background-meta":{"desktop":{"background-color":"var(--ast-global-color-5)","background-image":"","background-repeat":"repeat","background-position":"center center","background-size":"auto","background-attachment":"scroll","background-type":"","background-media":"","overlay-type":"","overlay-color":"","overlay-opacity":"","overlay-gradient":""},"tablet":{"background-color":"var(--ast-global-color-5)","background-image":"","background-repeat":"repeat","background-position":"center center","background-size":"auto","background-attachment":"scroll","background-type":"","background-media":"","overlay-type":"","overlay-color":"","overlay-opacity":"","overlay-gradient":""},"mobile":{"background-color":"var(--ast-global-color-5)","background-image":"","background-repeat":"repeat","background-position":"center center","background-size":"auto","background-attachment":"scroll","background-type":"","background-media":"","overlay-type":"","overlay-color":"","overlay-opacity":"","overlay-gradient":""}},"footnotes":""},"categories":[8],"tags":[31317,19809,19410,196,27228],"class_list":["post-87452","post","type-post","status-publish","format-standard","has-post-thumbnail","hentry","category-noticias","tag-colecta","tag-gaza","tag-paolo-ruffini","tag-papa-francisco","tag-sinodo"],"_links":{"self":[{"href":"https:\/\/losperiodistas.com.mx\/portal\/wp-json\/wp\/v2\/posts\/87452","targetHints":{"allow":["GET"]}}],"collection":[{"href":"https:\/\/losperiodistas.com.mx\/portal\/wp-json\/wp\/v2\/posts"}],"about":[{"href":"https:\/\/losperiodistas.com.mx\/portal\/wp-json\/wp\/v2\/types\/post"}],"author":[{"embeddable":true,"href":"https:\/\/losperiodistas.com.mx\/portal\/wp-json\/wp\/v2\/users\/1"}],"replies":[{"embeddable":true,"href":"https:\/\/losperiodistas.com.mx\/portal\/wp-json\/wp\/v2\/comments?post=87452"}],"version-history":[{"count":1,"href":"https:\/\/losperiodistas.com.mx\/portal\/wp-json\/wp\/v2\/posts\/87452\/revisions"}],"predecessor-version":[{"id":87456,"href":"https:\/\/losperiodistas.com.mx\/portal\/wp-json\/wp\/v2\/posts\/87452\/revisions\/87456"}],"wp:featuredmedia":[{"embeddable":true,"href":"https:\/\/losperiodistas.com.mx\/portal\/wp-json\/wp\/v2\/media\/87453"}],"wp:attachment":[{"href":"https:\/\/losperiodistas.com.mx\/portal\/wp-json\/wp\/v2\/media?parent=87452"}],"wp:term":[{"taxonomy":"category","embeddable":true,"href":"https:\/\/losperiodistas.com.mx\/portal\/wp-json\/wp\/v2\/categories?post=87452"},{"taxonomy":"post_tag","embeddable":true,"href":"https:\/\/losperiodistas.com.mx\/portal\/wp-json\/wp\/v2\/tags?post=87452"}],"curies":[{"name":"wp","href":"https:\/\/api.w.org\/{rel}","templated":true}]}}