{"id":87152,"date":"2024-10-05T16:15:03","date_gmt":"2024-10-05T21:15:03","guid":{"rendered":"http:\/\/losperiodistas.com.mx\/portal\/?p=87152"},"modified":"2024-10-05T16:15:05","modified_gmt":"2024-10-05T21:15:05","slug":"vuelca-trailer-en-cumbres-de-maltrata","status":"publish","type":"post","link":"https:\/\/losperiodistas.com.mx\/portal\/vuelca-trailer-en-cumbres-de-maltrata\/","title":{"rendered":"Cerrada carretera Puebla &#8211; Veracruz: Vuelca trailer en Cumbres de Maltrata | La Silla Rota"},"content":{"rendered":"\n<p>Caminos y Puentes Federales (Capufe) confirm\u00f3 le cierre vial en su totalidad en la autopista Puebla &#8211; Veracruz, en el tramo Acatzingo &#8211; Cd. Mendoza, conocido como Cumbres de Maltrata<\/p>\n\n\n\n<figure class=\"wp-block-image size-large\"><img fetchpriority=\"high\" decoding=\"async\" width=\"1024\" height=\"621\" src=\"https:\/\/losperiodistas.com.mx\/portal\/wp-content\/uploads\/2024\/10\/Captura-de-pantalla-2024-10-05-151017-1024x621.png\" alt=\"Vuelca trailer en Cumbres de Maltrata\" class=\"wp-image-87154\" srcset=\"https:\/\/losperiodistas.com.mx\/portal\/wp-content\/uploads\/2024\/10\/Captura-de-pantalla-2024-10-05-151017-1024x621.png 1024w, https:\/\/losperiodistas.com.mx\/portal\/wp-content\/uploads\/2024\/10\/Captura-de-pantalla-2024-10-05-151017-300x182.png 300w, https:\/\/losperiodistas.com.mx\/portal\/wp-content\/uploads\/2024\/10\/Captura-de-pantalla-2024-10-05-151017-768x466.png 768w, https:\/\/losperiodistas.com.mx\/portal\/wp-content\/uploads\/2024\/10\/Captura-de-pantalla-2024-10-05-151017.png 1208w\" sizes=\"(max-width: 1024px) 100vw, 1024px\" \/><figcaption class=\"wp-element-caption\">Cerrada carretera Puebla &#8211; Veracruz: Vuelca trailer en Cumbres de Maltrata.\nCr\u00e9ditos: Ricardo P\u00e9rez Bret\u00f3n <\/figcaption><\/figure>\n\n\n\n<p class=\"has-vivid-red-color has-text-color has-link-color wp-elements-742c64e4286e6f41fd7454a701bf7f3c\">Ricardo P\u00e9rez Bret\u00f3n \/ La Silla Rota<\/p>\n\n\n\n<p>La ma\u00f1ana de este s\u00e1bado 5 de octubre se suscit\u00f3 un fuerte accidente en la <strong>autopista Puebla <\/strong>&#8211; <strong>Veracruz<\/strong>; un tr\u00e1iler que remolcaba una caja seca volc\u00f3 con&nbsp;direcci\u00f3n a <strong>Veracruz<\/strong>, acudiendo de manera inmediata los cuerpos de emergencia y seguridad, adem\u00e1s de personal de Gr\u00faas Guadalupe.&nbsp;<\/p>\n\n\n\n<p>Circulaba irculaba sobre la autopista Puebla &#8211; Orizaba direcci\u00f3n <strong>Veracruz<\/strong>, un <strong>tr\u00e1iler <\/strong>que remolcaba una caja seca cargado con rejas jugos, al llegar a la zona de T\u00faneles de <strong>Cumbres de Maltrata <\/strong>ocurri\u00f3 el incidente, afectando la circulaci\u00f3n veh\u00edcular.<\/p>\n\n\n\n<p>Por circunstancias desconocidas, el <strong>conductor <\/strong>perdi\u00f3 el control de su unidad y volc\u00f3, al impacto la caja seca se parti\u00f3 y el producto qued\u00f3 esparcido consistente en jugos, kil\u00f3metro 231 aproximadamente en la zona de los t\u00faneles, conductores que vieron el incidente, reportaron a los n\u00fameros de emergencia.\u00a0<\/p>\n\n\n\n<figure class=\"wp-block-image size-large\"><img decoding=\"async\" width=\"1024\" height=\"578\" src=\"https:\/\/losperiodistas.com.mx\/portal\/wp-content\/uploads\/2024\/10\/Captura-de-pantalla-2024-10-05-151143-1024x578.png\" alt=\"\" class=\"wp-image-87153\" srcset=\"https:\/\/losperiodistas.com.mx\/portal\/wp-content\/uploads\/2024\/10\/Captura-de-pantalla-2024-10-05-151143-1024x578.png 1024w, https:\/\/losperiodistas.com.mx\/portal\/wp-content\/uploads\/2024\/10\/Captura-de-pantalla-2024-10-05-151143-300x169.png 300w, https:\/\/losperiodistas.com.mx\/portal\/wp-content\/uploads\/2024\/10\/Captura-de-pantalla-2024-10-05-151143-768x434.png 768w, https:\/\/losperiodistas.com.mx\/portal\/wp-content\/uploads\/2024\/10\/Captura-de-pantalla-2024-10-05-151143.png 1045w\" sizes=\"(max-width: 1024px) 100vw, 1024px\" \/><\/figure>\n\n\n\n<p>Acudiendo de manera inmediata param\u00e9dicos de <strong>CAPUFE<\/strong>, Guardia Nacional Divisi\u00f3n Carreteras y personal de Gr\u00faas Guadalupe, los primeros dieron atenci\u00f3n m\u00e9dica correspondiente a los ocupantes del Tr\u00e1iler, una persona fue trasladada a un Hospital privado de <strong>Orizaba <\/strong>para su atenci\u00f3n m\u00e9dica.&nbsp;<\/p>\n\n\n\n<p>El mensaje de Capufe a las 11:50 de la ma\u00f1ana a trav\u00e9s de sus cuentas oficiales confirm\u00f3 el cierre total de la autopista, con sentido a <strong>Veracruz<\/strong>.<\/p>\n\n\n\n<blockquote class=\"twitter-tweet\"><p lang=\"es\" dir=\"ltr\">&#x1f534; CIERRE DE CIRCULACI\u00d3N &#x1f534;<br>Aut. Acatzingo &#8211; Cd. Mendoza, km 234, direcci\u00f3n Cd. Mendoza. Cierre a la circulaci\u00f3n por atenci\u00f3n de accidente (maniobras para retiro de unidad siniestrada). Toma tus precauciones. Para m\u00e1s informaci\u00f3n llama al 0&#x20e3;7&#x20e3;4&#x20e3;<\/p>&mdash; CAPUFE (@CAPUFE) <a href=\"https:\/\/twitter.com\/CAPUFE\/status\/1842623337169871246?ref_src=twsrc%5Etfw\">October 5, 2024<\/a><\/blockquote> <script async src=\"https:\/\/platform.twitter.com\/widgets.js\" charset=\"utf-8\"><\/script> \n\n\n\n<p>Personal de Guardia Nacional Divisi\u00f3n Carreteras, tomaron conocimiento de la situaci\u00f3n y llevaron a cabo el peritaje correspondiente para el deslinde de responsabilidad, ordenado el retiro de la unidad y as\u00ed liberar la circulaci\u00f3n veh\u00edcular con sentido a Veracruz.<\/p>\n\n\n\n<p>En tanto personal del \u00e1rea de conservaci\u00f3n y mantenimiento de CAPUFE har\u00e1 la limpieza correspondiente de la zona y personal de Gr\u00faas Guadalupe el retiro del tr\u00e1iler volcado.<\/p>\n","protected":false},"excerpt":{"rendered":"<p>Caminos y Puentes Federales (Capufe) confirm\u00f3 le cierre vial en su totalidad en la autopista Puebla &#8211; Veracruz, en el tramo Acatzingo &#8211; Cd. Mendoza, conocido como Cumbres de Maltrata<\/p>\n","protected":false},"author":1,"featured_media":87154,"comment_status":"open","ping_status":"open","sticky":false,"template":"","format":"standard","meta":{"site-sidebar-layout":"default","site-content-layout":"","ast-site-content-layout":"default","site-content-style":"default","site-sidebar-style":"default","ast-global-header-display":"","ast-banner-title-visibility":"","ast-main-header-display":"","ast-hfb-above-header-display":"","ast-hfb-below-header-display":"","ast-hfb-mobile-header-display":"","site-post-title":"","ast-breadcrumbs-content":"","ast-featured-img":"","footer-sml-layout":"","theme-transparent-header-meta":"","adv-header-id-meta":"","stick-header-meta":"","header-above-stick-meta":"","header-main-stick-meta":"","header-below-stick-meta":"","astra-migrate-meta-layouts":"default","ast-page-background-enabled":"default","ast-page-background-meta":{"desktop":{"background-color":"var(--ast-global-color-4)","background-image":"","background-repeat":"repeat","background-position":"center center","background-size":"auto","background-attachment":"scroll","background-type":"","background-media":"","overlay-type":"","overlay-color":"","overlay-opacity":"","overlay-gradient":""},"tablet":{"background-color":"","background-image":"","background-repeat":"repeat","background-position":"center center","background-size":"auto","background-attachment":"scroll","background-type":"","background-media":"","overlay-type":"","overlay-color":"","overlay-opacity":"","overlay-gradient":""},"mobile":{"background-color":"","background-image":"","background-repeat":"repeat","background-position":"center center","background-size":"auto","background-attachment":"scroll","background-type":"","background-media":"","overlay-type":"","overlay-color":"","overlay-opacity":"","overlay-gradient":""}},"ast-content-background-meta":{"desktop":{"background-color":"var(--ast-global-color-5)","background-image":"","background-repeat":"repeat","background-position":"center center","background-size":"auto","background-attachment":"scroll","background-type":"","background-media":"","overlay-type":"","overlay-color":"","overlay-opacity":"","overlay-gradient":""},"tablet":{"background-color":"var(--ast-global-color-5)","background-image":"","background-repeat":"repeat","background-position":"center center","background-size":"auto","background-attachment":"scroll","background-type":"","background-media":"","overlay-type":"","overlay-color":"","overlay-opacity":"","overlay-gradient":""},"mobile":{"background-color":"var(--ast-global-color-5)","background-image":"","background-repeat":"repeat","background-position":"center center","background-size":"auto","background-attachment":"scroll","background-type":"","background-media":"","overlay-type":"","overlay-color":"","overlay-opacity":"","overlay-gradient":""}},"footnotes":""},"categories":[8],"tags":[8816,31194,31195,31193],"class_list":["post-87152","post","type-post","status-publish","format-standard","has-post-thumbnail","hentry","category-noticias","tag-capufe","tag-cerrada-carretera-puebla-veracruz","tag-cumbres-de-maltrata","tag-trailer-volcado"],"_links":{"self":[{"href":"https:\/\/losperiodistas.com.mx\/portal\/wp-json\/wp\/v2\/posts\/87152","targetHints":{"allow":["GET"]}}],"collection":[{"href":"https:\/\/losperiodistas.com.mx\/portal\/wp-json\/wp\/v2\/posts"}],"about":[{"href":"https:\/\/losperiodistas.com.mx\/portal\/wp-json\/wp\/v2\/types\/post"}],"author":[{"embeddable":true,"href":"https:\/\/losperiodistas.com.mx\/portal\/wp-json\/wp\/v2\/users\/1"}],"replies":[{"embeddable":true,"href":"https:\/\/losperiodistas.com.mx\/portal\/wp-json\/wp\/v2\/comments?post=87152"}],"version-history":[{"count":1,"href":"https:\/\/losperiodistas.com.mx\/portal\/wp-json\/wp\/v2\/posts\/87152\/revisions"}],"predecessor-version":[{"id":87155,"href":"https:\/\/losperiodistas.com.mx\/portal\/wp-json\/wp\/v2\/posts\/87152\/revisions\/87155"}],"wp:featuredmedia":[{"embeddable":true,"href":"https:\/\/losperiodistas.com.mx\/portal\/wp-json\/wp\/v2\/media\/87154"}],"wp:attachment":[{"href":"https:\/\/losperiodistas.com.mx\/portal\/wp-json\/wp\/v2\/media?parent=87152"}],"wp:term":[{"taxonomy":"category","embeddable":true,"href":"https:\/\/losperiodistas.com.mx\/portal\/wp-json\/wp\/v2\/categories?post=87152"},{"taxonomy":"post_tag","embeddable":true,"href":"https:\/\/losperiodistas.com.mx\/portal\/wp-json\/wp\/v2\/tags?post=87152"}],"curies":[{"name":"wp","href":"https:\/\/api.w.org\/{rel}","templated":true}]}}