{"id":87128,"date":"2024-10-04T22:03:06","date_gmt":"2024-10-05T03:03:06","guid":{"rendered":"http:\/\/losperiodistas.com.mx\/portal\/?p=87128"},"modified":"2024-10-04T22:03:08","modified_gmt":"2024-10-05T03:03:08","slug":"presa-de-valsequillo-de-paraiso-natural-a-cementerio-de-horror","status":"publish","type":"post","link":"https:\/\/losperiodistas.com.mx\/portal\/presa-de-valsequillo-de-paraiso-natural-a-cementerio-de-horror\/","title":{"rendered":"Presa de Valsequillo: de para\u00edso natural a cementerio de horror | La Silla Rota"},"content":{"rendered":"\n<p>De 2020 a 2023, al menos 20 cuerpos han sido arrojados en el lugar. El embalse adem\u00e1s est\u00e1 contaminado con metales pesados que provocan enfermedades hep\u00e1ticas y neurodegenerativas. Las autoridades intentan recuperar la presa.<\/p>\n\n\n\n<figure class=\"wp-block-image size-large\"><img fetchpriority=\"high\" decoding=\"async\" width=\"1024\" height=\"562\" src=\"https:\/\/losperiodistas.com.mx\/portal\/wp-content\/uploads\/2024\/10\/Captura-de-pantalla-2024-10-04-203644-1024x562.png\" alt=\"Presa de Valsequillo\" class=\"wp-image-87129\" srcset=\"https:\/\/losperiodistas.com.mx\/portal\/wp-content\/uploads\/2024\/10\/Captura-de-pantalla-2024-10-04-203644-1024x562.png 1024w, https:\/\/losperiodistas.com.mx\/portal\/wp-content\/uploads\/2024\/10\/Captura-de-pantalla-2024-10-04-203644-300x165.png 300w, https:\/\/losperiodistas.com.mx\/portal\/wp-content\/uploads\/2024\/10\/Captura-de-pantalla-2024-10-04-203644-768x421.png 768w, https:\/\/losperiodistas.com.mx\/portal\/wp-content\/uploads\/2024\/10\/Captura-de-pantalla-2024-10-04-203644.png 1305w\" sizes=\"(max-width: 1024px) 100vw, 1024px\" \/><figcaption class=\"wp-element-caption\">Presa de Valsequillo<\/figcaption><\/figure>\n\n\n\n<p class=\"has-vivid-red-color has-text-color has-link-color wp-elements-9d4216b6e3ad4325a3d5173a014fc80f\">Natalia Mora \/ La Silla Rota<\/p>\n\n\n\n<p>La <strong>presa Manuel \u00c1vila Camacho <\/strong>mejor conocida com<strong>o Valsequillo<\/strong>, en el estado de <strong>Puebla<\/strong>, pas\u00f3 de ser un para\u00edso natural con bosque de encino, con\u00edferas, matorrales, pastizales y al menos 231 especies de aves, anfibios y reptiles, entre otras especies, a convertirse en los \u00faltimos a\u00f1os en un cementerio del horror. Estad\u00edsticas oficiales reconocen que el embalse se ha utilizado como <strong>cementerio clandestino<\/strong>.<\/p>\n\n\n\n<p>De 2020 a 2023 la <strong>Fiscal\u00eda General del Estado (FGE)<\/strong> <strong>de Puebla <\/strong>encontr\u00f3 20 cad\u00e1veres en la presa; el a\u00f1o en el que m\u00e1s cuerpos fueron sacados de Valsequillo fue 2022 con 8, as\u00ed lo report\u00f3 la FGE en respuesta a la solicitud de transparencia 210421524000068.<\/p>\n\n\n\n<figure class=\"wp-block-image size-large\"><img decoding=\"async\" width=\"1024\" height=\"679\" src=\"https:\/\/losperiodistas.com.mx\/portal\/wp-content\/uploads\/2024\/10\/Captura-de-pantalla-2024-10-04-203857-1024x679.png\" alt=\"Foto: Natalia Mora | LSR\" class=\"wp-image-87130\" srcset=\"https:\/\/losperiodistas.com.mx\/portal\/wp-content\/uploads\/2024\/10\/Captura-de-pantalla-2024-10-04-203857-1024x679.png 1024w, https:\/\/losperiodistas.com.mx\/portal\/wp-content\/uploads\/2024\/10\/Captura-de-pantalla-2024-10-04-203857-300x199.png 300w, https:\/\/losperiodistas.com.mx\/portal\/wp-content\/uploads\/2024\/10\/Captura-de-pantalla-2024-10-04-203857-768x509.png 768w, https:\/\/losperiodistas.com.mx\/portal\/wp-content\/uploads\/2024\/10\/Captura-de-pantalla-2024-10-04-203857.png 1045w\" sizes=\"(max-width: 1024px) 100vw, 1024px\" \/><\/figure>\n\n\n\n<p>Pero no solo son los cad\u00e1veres que all\u00ed han sido arrojados, <strong>Valsequillo<\/strong> ha sido olvidada por las autoridades. Actualmente vivir cerca de la presa m\u00e1s grande de <strong>Puebla<\/strong>, no siempre es grato. El mal olor del agua se vuelve insoportable conforme aumenta la temperatura, los mosquitos se incrementan al avanzar el d\u00eda debido a la planta acu\u00e1tica invasora \u2014el <strong>lirio acu\u00e1tico<\/strong>\u2014, y el descuido del espacio, sin alumbrado, c\u00e1maras o una vigilancia constante hace que sea un lugar peligroso.<\/p>\n\n\n\n<blockquote class=\"wp-block-quote is-layout-flow wp-block-quote-is-layout-flow\">\n<p class=\"has-text-align-right has-medium-font-size\">\u00abS\u00ed, yo llegu\u00e9 a tomar agua de esta presa. Andaba cuidando mis animalitos hace 55 a\u00f1os, yo tengo 60 de edad hoy en d\u00eda. Ten\u00eda como siete a\u00f1os cuando iba a cuidar a los animales, bajaba a tomar agua con ellos: mov\u00eda el lirio y el agua estaba clarita, fr\u00eda, fr\u00eda, igual tomaba agua de ah\u00ed, en ese tiempo, y no pasaba nada\u201d, record\u00f3 Ildefonso Carpinteiro Aguilar, de 60 a\u00f1os de edad, habitante de Valsequillo, Puebla.<\/p>\n<\/blockquote>\n\n\n\n<figure class=\"wp-block-image size-full\"><img decoding=\"async\" width=\"956\" height=\"638\" src=\"https:\/\/losperiodistas.com.mx\/portal\/wp-content\/uploads\/2024\/10\/Captura-de-pantalla-2024-10-04-204021.png\" alt=\"Foto: Cuartoscuro\" class=\"wp-image-87131\" srcset=\"https:\/\/losperiodistas.com.mx\/portal\/wp-content\/uploads\/2024\/10\/Captura-de-pantalla-2024-10-04-204021.png 956w, https:\/\/losperiodistas.com.mx\/portal\/wp-content\/uploads\/2024\/10\/Captura-de-pantalla-2024-10-04-204021-300x200.png 300w, https:\/\/losperiodistas.com.mx\/portal\/wp-content\/uploads\/2024\/10\/Captura-de-pantalla-2024-10-04-204021-768x513.png 768w\" sizes=\"(max-width: 956px) 100vw, 956px\" \/><\/figure>\n\n\n\n<h2 class=\"wp-block-heading\">\u00bfC\u00f3mo se ha transformado la <strong>presa Valsequillo<\/strong>, en <strong>Puebla<\/strong>?<\/h2>\n\n\n\n<p>La <strong>presa Manuel \u00c1vila Camacho<\/strong>, popularmente conocida como <strong>Valsequillo<\/strong>, se localiza en el municipio de <strong>Puebla<\/strong>, limitando con los municipios de<strong> Cuautinch\u00e1n<\/strong> y <strong>Tepeaca<\/strong>, al sur con <strong>Tzicatlacoyan<\/strong>, al oriente con <strong>Mixtla <\/strong>y <strong>Santa Isabel Tlanepantl<\/strong>a.<\/p>\n\n\n\n<p>Anta\u00f1o, la belleza de la presa inclu\u00eda una gran variedad de mam\u00edferos, peces y moluscos. Es alimentada por los <strong>r\u00edos Atoyac, Alseseca<\/strong> y en menor medida el <strong>Zahuapan<\/strong>, afluentes que atraviesan el municipio y arrastran tanto los desechos de las industrias como el de los hogares.<\/p>\n\n\n\n<p>Esa vida que almacenaba fue lentamente aniquilada con el crecimiento de la ciudad.<\/p>\n\n\n\n<p>A lo largo del <strong>Atoyac<\/strong>, por ejemplo, hay seis parques industriales que desechan diariamente aguas residuales; en el <strong>Alseseca<\/strong>, 1 parque industrial y 3 empresas; y en el Zahuapan una fundidora, un complejo, un corredor y cinco ciudades industriales. Todos estos desechos van a parar a <strong>Valsequillo<\/strong>.<\/p>\n\n\n\n<p>Esto ha generado que la presa tenga en sus aguas metales pesados que sobrepasan las normas establecidas. En 2019 el<strong> Instituto Polit\u00e9cnico Nacional<\/strong> public\u00f3 la investigaci\u00f3n \u201cEstudio de la optimizaci\u00f3n del proceso de biofiltraci\u00f3n en la <strong>presa de Valsequill<\/strong>o, <strong>Puebla<\/strong>, M\u00e9xico para la restauraci\u00f3n parcial del paisaje de la zona\u201d.<\/p>\n\n\n\n<p>Descubri\u00f3 que el lirio acu\u00e1tico hac\u00eda la funci\u00f3n de un h\u00edper acumulador de <strong>metales y metaloides<\/strong>. Sin embargo, hab\u00eda algunos metales que no eran absorbidos y se sedimentaban en la presa, como el caso del plomo, cobre, zinc y mercurio.<\/p>\n\n\n\n<figure class=\"wp-block-image size-full\"><img loading=\"lazy\" decoding=\"async\" width=\"955\" height=\"636\" src=\"https:\/\/losperiodistas.com.mx\/portal\/wp-content\/uploads\/2024\/10\/Captura-de-pantalla-2024-10-04-204120.png\" alt=\"Foto: Natalia Mora | LSR\" class=\"wp-image-87132\" srcset=\"https:\/\/losperiodistas.com.mx\/portal\/wp-content\/uploads\/2024\/10\/Captura-de-pantalla-2024-10-04-204120.png 955w, https:\/\/losperiodistas.com.mx\/portal\/wp-content\/uploads\/2024\/10\/Captura-de-pantalla-2024-10-04-204120-300x200.png 300w, https:\/\/losperiodistas.com.mx\/portal\/wp-content\/uploads\/2024\/10\/Captura-de-pantalla-2024-10-04-204120-768x511.png 768w\" sizes=\"(max-width: 955px) 100vw, 955px\" \/><\/figure>\n\n\n\n<p>Estos metales pesados pueden provocar desde <strong>enfermedades hep\u00e1ticas<\/strong> o neurodegenerativas, como es el caso del plomo y mercurio, hasta v\u00f3mitos, n\u00e1useas y calambres estomacales si se trata del cobre y zinc.<\/p>\n\n\n\n<p>Otro contaminante con una alta presencia en la presa es la bacteria E. Coli y<strong> coliformes<\/strong>, los cuales fueron identificados en 2021 y 2023 por la <strong>Comisi\u00f3n Nacional del Agua<\/strong> en su estudio \u201cCalidad de agua superficial\u201d. Consumir agua con altos niveles de E. Coli puede provocar enfermedades estomacales graves y estar en contacto con esta agua es factor suficiente para infectarse.<\/p>\n\n\n\n<p>As\u00ed lo explica el <strong>ingeniero Agr\u00f3nomo Juan Valent\u00edn Castillo Mares<\/strong>, supervisor de la purificadora, <strong>Estaci\u00f3n de Servicio Universitaria<\/strong> perteneciente a la <strong>Benem\u00e9rita Universidad Aut\u00f3noma de Puebla<\/strong>: \u00abla gente que riega est\u00e1 en contacto con el agua, porque no usan sistemas especializado, andan descalzos, entre hierbas, se impregna en la piel, es muy f\u00e1cil que se contamine (la bacteria E. Coli)\u00bb.<\/p>\n\n\n\n<figure class=\"wp-block-image size-full\"><img loading=\"lazy\" decoding=\"async\" width=\"956\" height=\"637\" src=\"https:\/\/losperiodistas.com.mx\/portal\/wp-content\/uploads\/2024\/10\/Captura-de-pantalla-2024-10-04-204207.png\" alt=\"Foto: Natalia Mora | LSR\" class=\"wp-image-87133\" srcset=\"https:\/\/losperiodistas.com.mx\/portal\/wp-content\/uploads\/2024\/10\/Captura-de-pantalla-2024-10-04-204207.png 956w, https:\/\/losperiodistas.com.mx\/portal\/wp-content\/uploads\/2024\/10\/Captura-de-pantalla-2024-10-04-204207-300x200.png 300w, https:\/\/losperiodistas.com.mx\/portal\/wp-content\/uploads\/2024\/10\/Captura-de-pantalla-2024-10-04-204207-768x512.png 768w\" sizes=\"(max-width: 956px) 100vw, 956px\" \/><\/figure>\n\n\n\n<p>A pesar de estar en p\u00e9simas condiciones en municipios como <strong>Tehuac\u00e1n<\/strong>, <strong>Tecamachalco<\/strong> y<strong> Tepeaca<\/strong>, as\u00ed como otros 14 municipios, el agua de Valsequillo se utiliza para regar plant\u00edos de chile, ma\u00edz, frijol y sorgo, de acuerdo con la estad\u00edstica agr\u00edcola generada por la Comisi\u00f3n Nacional del Agua 2021-2022.<\/p>\n\n\n\n<p>Adem\u00e1s de las enfermedades gastrointestinales, otro riesgo latente en <strong>Valsequillo<\/strong>, seg\u00fan el <strong>Conahcyt<\/strong>, es que en la zona la poblaci\u00f3n es m\u00e1s propensa a sufrir enfermedades de <strong>leucemia<\/strong> aguda: se tiene una tasa de 3.01 a 3.66 por cada 100 mil habitantes, cifras que est\u00e1n arriba de la media nacional.<\/p>\n\n\n\n<p>La informaci\u00f3n fue tomada durante los a\u00f1os 2000 a 2019 entre la poblaci\u00f3n en general de ambos sexos y fueron publicados en 2023 en el primer informe <strong>Cuenca de Alto Atoyac<\/strong> (<strong>Tlaxcala <\/strong>y <strong>Puebla<\/strong>): regi\u00f3n de emergencia sanitaria y ambiental: problem\u00e1tica socioambiental y recomendaciones para su atenci\u00f3n integral.<\/p>\n\n\n\n<p>A pesar de que los habitantes de la zona saben que est\u00e1 <strong>contaminada la presa<\/strong>, no son conscientes del da\u00f1o que ocasiona consumir alimentos, sea pescado o productos agr\u00edcolas provenientes Valsequillo. De acuerdo con cinco habitantes entrevistados que viven cerca del embalse, en el lago hay presencia de mojarra y tilapia. Aunque dos entrevistados comentaron que ya nadie los consume, uno report\u00f3 que s\u00ed hay gente que los pesca y terminan en restaurantes.<\/p>\n\n\n\n<blockquote class=\"wp-block-quote is-layout-flow wp-block-quote-is-layout-flow\">\n<p class=\"has-text-align-right has-medium-font-size\"><em>\u201cLa gente pesca para comercializar, van a parar a los botaneros de Puebla\u201d<\/em>, coment\u00f3 el se\u00f1or Ildefonso Carpinteiro.<\/p>\n<\/blockquote>\n\n\n\n<figure class=\"wp-block-image size-full\"><img loading=\"lazy\" decoding=\"async\" width=\"956\" height=\"638\" src=\"https:\/\/losperiodistas.com.mx\/portal\/wp-content\/uploads\/2024\/10\/Captura-de-pantalla-2024-10-04-204321.png\" alt=\"Foto: Natalia Mora | LSR\" class=\"wp-image-87134\" srcset=\"https:\/\/losperiodistas.com.mx\/portal\/wp-content\/uploads\/2024\/10\/Captura-de-pantalla-2024-10-04-204321.png 956w, https:\/\/losperiodistas.com.mx\/portal\/wp-content\/uploads\/2024\/10\/Captura-de-pantalla-2024-10-04-204321-300x200.png 300w, https:\/\/losperiodistas.com.mx\/portal\/wp-content\/uploads\/2024\/10\/Captura-de-pantalla-2024-10-04-204321-768x513.png 768w\" sizes=\"(max-width: 956px) 100vw, 956px\" \/><\/figure>\n\n\n\n<h2 class=\"wp-block-heading\"><strong>Barcos saneadores<\/strong> para tratar <strong>agua contaminada de Valsequillo<\/strong><\/h2>\n\n\n\n<p>Limpiar la <strong>presa de Valsequillo <\/strong>ha sido una promesa que se ha mantenido desde la administraci\u00f3n del <strong>presidente Felipe Calder\u00f3n Hinojosa<\/strong>, quien en su sexenio dijo que trabajar\u00eda de la mano del difunto <strong>gobernador Rafael Moreno Valle Rosas <\/strong>para limpiar el embalse.<\/p>\n\n\n\n<p>No obstante, la intenci\u00f3n de querer tratar el agua comenz\u00f3 en 2018, durante la administraci\u00f3n del presidente municipal de <strong>Puebla<\/strong>, <strong>Antonio Gali Fayad<\/strong>, quien adquiri\u00f3 tres barcos saneadores tipo Scavanger 2000, que tuvieron un costo de 210 millones de pesos. De acuerdo con un folleto de ese a\u00f1o, publicado por la empresa Water Management Technologies, la forma de funcionamiento de los barcos es oxigenar el agua a trav\u00e9s de la inyecci\u00f3n de una combinaci\u00f3n de ozono y ox\u00edgeno.<\/p>\n\n\n\n<p>Actualmente, los tres <strong>barcos saneadores<\/strong> recorren cinco zonas distintas principalmente dentro la comunidad de San Baltazar Tetela y una zona por la Cadera del Tecorral, de acuerdo con informaci\u00f3n proporcionada por la<strong> Secretar\u00eda de Medio Ambiente<\/strong>, <strong>Desarrollo Sustentable y Ordenamiento Territorial <\/strong>en respuesta a la solicitud de transparencia 212101824000014.<\/p>\n\n\n\n<p>En la misma respuesta a la solicitud de transparencia se indica que estas cinco zonas se han mantenido tratadas por los barcos desde el 2020 y la estrategia para este 2024 es seguirlos usando, por lo que hasta el momento es la \u00fanica estrategia directa que se ha empleado para mejorar la calidad del agua de Valsequillo.<\/p>\n\n\n\n<p>Sin embargo, esta medida no es suficiente. De acuerdo con la doctora en Ciencias Ambientales de la BUAP,<strong> Gabriela P\u00e9rez Castresana<\/strong>, estas acciones no tienen el impacto necesario para resolver el problema, as\u00ed lo destaca la doctora: \u00abes como una medida paliativa, que no resuelve, que no ataca el origen del problema, de nada sirve tener estas barcazas all\u00ed, llevando a cabo el proceso de inseminaci\u00f3n cuando estamos hablando que se est\u00e1 descargando de manera continua toneladas de contaminantes\u00bb.<\/p>\n\n\n\n<figure class=\"wp-block-image size-large\"><img loading=\"lazy\" decoding=\"async\" width=\"1024\" height=\"679\" src=\"https:\/\/losperiodistas.com.mx\/portal\/wp-content\/uploads\/2024\/10\/Captura-de-pantalla-2024-10-04-204411-1024x679.png\" alt=\"Foto: Natalia Mora | LSR\" class=\"wp-image-87135\" srcset=\"https:\/\/losperiodistas.com.mx\/portal\/wp-content\/uploads\/2024\/10\/Captura-de-pantalla-2024-10-04-204411-1024x679.png 1024w, https:\/\/losperiodistas.com.mx\/portal\/wp-content\/uploads\/2024\/10\/Captura-de-pantalla-2024-10-04-204411-300x199.png 300w, https:\/\/losperiodistas.com.mx\/portal\/wp-content\/uploads\/2024\/10\/Captura-de-pantalla-2024-10-04-204411-768x509.png 768w, https:\/\/losperiodistas.com.mx\/portal\/wp-content\/uploads\/2024\/10\/Captura-de-pantalla-2024-10-04-204411.png 1045w\" sizes=\"(max-width: 1024px) 100vw, 1024px\" \/><\/figure>\n\n\n\n<p>Hasta el momento, a principios de a\u00f1o, el actual <strong>gobernador de Puebla<\/strong>, <strong>Sergio Salom\u00f3n C\u00e9spedes Peregrina<\/strong>, inform\u00f3 que la administraci\u00f3n estatal no cuenta con alg\u00fan otro proyecto para el saneamiento de la presa de Valsequillo debido a que se trata de una intervenci\u00f3n integral que necesita de un proyecto a largo plazo. Por esta raz\u00f3n, el proyecto de tratar el agua de Valsequillo ser\u00e1 para la pr\u00f3xima autoridad estatal.<\/p>\n\n\n\n<h2 class=\"wp-block-heading\">El costo de mantener activos los <strong>barcos saneadores<\/strong><\/h2>\n\n\n\n<p>Seg\u00fan dos solicitudes de informaci\u00f3n hechas a la <strong>Secretar\u00eda de Medio Ambiente, Desarrollo Sustentable y Ordenamiento Territorial<\/strong>, el presupuesto de 2023 que se us\u00f3 para darle mantenimiento a los tres barcos tipo Scanvanger 2000 fue de 602, 156.4 pesos mexicanos. De este presupuesto, 527, 526.20 pesos se usaron para el combustible de embarcaciones; 39, 637.20 pesos se emplearon para la adquisici\u00f3n de material para protecci\u00f3n y evitar colisiones de las embarcaciones y 35,293 pesos en equipamiento de embarcaciones como herramientas y productos de madera.<\/p>\n\n\n\n<p>En la respuesta a la solicitud de transparencia se inform\u00f3 que de diciembre de 2020 a febrero de 2024 se destinaron para el saneamiento integral de la<strong> cuenca del Alto Atoyac <\/strong>y sus afluentes y al mejoramiento de la calidad del agua superficial de la presa de Valsequillo, 3,488,000 pesos. A pesar de la inversi\u00f3n millonaria, la presa sigue muy contaminada.<\/p>\n\n\n\n<figure class=\"wp-block-image size-large\"><img loading=\"lazy\" decoding=\"async\" width=\"1024\" height=\"681\" src=\"https:\/\/losperiodistas.com.mx\/portal\/wp-content\/uploads\/2024\/10\/Captura-de-pantalla-2024-10-04-204517-1024x681.png\" alt=\"Foto: Natalia Mora | LSR\" class=\"wp-image-87136\" srcset=\"https:\/\/losperiodistas.com.mx\/portal\/wp-content\/uploads\/2024\/10\/Captura-de-pantalla-2024-10-04-204517-1024x681.png 1024w, https:\/\/losperiodistas.com.mx\/portal\/wp-content\/uploads\/2024\/10\/Captura-de-pantalla-2024-10-04-204517-300x200.png 300w, https:\/\/losperiodistas.com.mx\/portal\/wp-content\/uploads\/2024\/10\/Captura-de-pantalla-2024-10-04-204517-768x511.png 768w, https:\/\/losperiodistas.com.mx\/portal\/wp-content\/uploads\/2024\/10\/Captura-de-pantalla-2024-10-04-204517.png 1042w\" sizes=\"(max-width: 1024px) 100vw, 1024px\" \/><\/figure>\n\n\n\n<h2 class=\"wp-block-heading\">Plantas de tratamiento, una medida para combatir la <strong>contaminaci\u00f3n en Valsequillo<\/strong><\/h2>\n\n\n\n<p>De acuerdo con la doctora Gabriela P\u00e9rez y el ingeniero Juan Valent\u00edn Castillo, las plantas de tratamiento gastan enormes cantidades de energ\u00eda, por lo que mantenerlas activas resulta costoso. Adem\u00e1s, existen distintos tipos de plantas de tratamiento especializadas en eliminar determinados contaminantes, sean biol\u00f3gicos, qu\u00edmicos, o de otra categor\u00eda. Las plantas se construyen en funci\u00f3n de la poblaci\u00f3n de la gente y dependiendo del objetivo para el que fueron construidas es la capacidad de miles de litros de agua que pueden tratar.<\/p>\n\n\n\n<p>La<strong> Comisi\u00f3n Nacional del Agua<\/strong> indica en respuesta a una solicitud de informaci\u00f3n que en <strong>Puebla <\/strong>hay 260 plantas de tratamiento, de las cuales 152 funcionan, es decir, 58.4 por ciento. Hablando espec\u00edficamente de la ciudad de Puebla, hay 14 plantas, de las cuales s\u00f3lo est\u00e1n activas nueve y cuatro son las que ayudan a limpiar indirectamente el agua del lago de Valsequillo, pues son las que est\u00e1 hechas para tratar el agua de los afluentes Atoyac y Alseseca: Atoyac Sur, Puebla Alseseca, Mira Atoyac y Centro de Investigaci\u00f3n y Saneamiento del Atoyac CISA.<\/p>\n\n\n\n<figure class=\"wp-block-image size-large\"><img loading=\"lazy\" decoding=\"async\" width=\"1024\" height=\"682\" src=\"https:\/\/losperiodistas.com.mx\/portal\/wp-content\/uploads\/2024\/10\/Captura-de-pantalla-2024-10-04-204612-1024x682.png\" alt=\"Foto: Natalia Mora | LSR\" class=\"wp-image-87137\" srcset=\"https:\/\/losperiodistas.com.mx\/portal\/wp-content\/uploads\/2024\/10\/Captura-de-pantalla-2024-10-04-204612-1024x682.png 1024w, https:\/\/losperiodistas.com.mx\/portal\/wp-content\/uploads\/2024\/10\/Captura-de-pantalla-2024-10-04-204612-300x200.png 300w, https:\/\/losperiodistas.com.mx\/portal\/wp-content\/uploads\/2024\/10\/Captura-de-pantalla-2024-10-04-204612-768x512.png 768w, https:\/\/losperiodistas.com.mx\/portal\/wp-content\/uploads\/2024\/10\/Captura-de-pantalla-2024-10-04-204612.png 1046w\" sizes=\"(max-width: 1024px) 100vw, 1024px\" \/><\/figure>\n\n\n\n<p>Adem\u00e1s, datos obtenidos de la <strong>Comisi\u00f3n Nacional del Agua<\/strong>, recibidos en febrero de 2024, reportan que para tratar la contaminaci\u00f3n de Atoyac y sus afluentes se han invertido casi 154 millones de pesos en la creaci\u00f3n de la primera etapa de una Planta de Tratamiento de Aguas Residuales, proyecto que dio inicio en 2023. Esta cantidad de dinero es equivalente al costo que representa dos edificios de nueve pisos. Esta tratadora lleva por nombre Las Carmelitas, estar\u00e1 lista a finales de 2024 y tambi\u00e9n se sumar\u00e1 a limpiar los afluentes de Atoyac.<\/p>\n\n\n\n<h2 class=\"wp-block-heading\">\u00bfC\u00f3mo tratar la contaminaci\u00f3n de la <strong>presa de Valsequillo<\/strong>?<\/h2>\n\n\n\n<p>\u00abNo se tiene una varita m\u00e1gica. Tratar las aguas requiere de la participaci\u00f3n conjunta de la industria y el gobierno; de tal manera que el gobierno invierta a trav\u00e9s de incentivos para que se puedan sufragar los costos de operaci\u00f3n de las plantas, no dejarle toda la carga al gobierno, porque no puede con ella\u00bb, explic\u00f3 el ingeniero agr\u00f3nomo Juan Valent\u00edn Castillo Mares.<\/p>\n\n\n\n<p>Para la doctora Gabriela P\u00e9rez Castresana es necesario que en primera instancia se frene la contaminaci\u00f3n y en segunda se vigile que las plantas de tratamiento est\u00e9n funcionando correctamente.<\/p>\n\n\n\n<blockquote class=\"wp-block-quote is-layout-flow wp-block-quote-is-layout-flow\">\n<p class=\"has-text-align-right has-medium-font-size\"><em>\u201cTodo se ha centrado en una planta de tratamiento. Se piensa que esta soluci\u00f3n t\u00e9cnica es la que se necesita aqu\u00ed. La cuesti\u00f3n que hay que tomar en cuenta es que no s\u00f3lo estamos hablando de que se necesita de plantas de tratamiento a nivel municipal y que las industrias tambi\u00e9n traten sus aguas, sino de que los mecanismos de regulaci\u00f3n y de vigilancia sean realmente eficientes, y eso no est\u00e1 pasando. Es decir que de nada me vale a m\u00ed tener una megaplanta, si nadie va a vigilarme entonces mejor no la pongo a trabajar porque es un gasto enorme de energ\u00eda, de electricidad e igual sigo descargando, o sea, aqu\u00ed la cuesti\u00f3n es que se tienen que llevar a cabo estrategias, no s\u00f3lo desde el punto de vista t\u00e9cnico de la instalaci\u00f3n, sino que realmente los mecanismos de vigilancia sean mucho m\u00e1s eficientes y que tambi\u00e9n se sancione, pero en Conagua, personas con esta funci\u00f3n est\u00e1n contadas\u201d<\/em>, explic\u00f3.<\/p>\n\n\n\n<figure class=\"wp-block-image size-large\"><img loading=\"lazy\" decoding=\"async\" width=\"1024\" height=\"678\" src=\"https:\/\/losperiodistas.com.mx\/portal\/wp-content\/uploads\/2024\/10\/Captura-de-pantalla-2024-10-04-204803-1024x678.png\" alt=\"\" class=\"wp-image-87138\" srcset=\"https:\/\/losperiodistas.com.mx\/portal\/wp-content\/uploads\/2024\/10\/Captura-de-pantalla-2024-10-04-204803-1024x678.png 1024w, https:\/\/losperiodistas.com.mx\/portal\/wp-content\/uploads\/2024\/10\/Captura-de-pantalla-2024-10-04-204803-300x199.png 300w, https:\/\/losperiodistas.com.mx\/portal\/wp-content\/uploads\/2024\/10\/Captura-de-pantalla-2024-10-04-204803-768x509.png 768w, https:\/\/losperiodistas.com.mx\/portal\/wp-content\/uploads\/2024\/10\/Captura-de-pantalla-2024-10-04-204803.png 1040w\" sizes=\"(max-width: 1024px) 100vw, 1024px\" \/><\/figure>\n<\/blockquote>\n\n\n\n<p>La<strong> presa de Valsequillo <\/strong>es importante porque es la mayor zona de almacenaje de agua en el estado y adem\u00e1s por su importancia biol\u00f3gica, paleontol\u00f3gica \u2014se han descubierto f\u00f3siles de la \u00e9poca del Pleistoceno\u2014 y econ\u00f3mica.<\/p>\n\n\n\n<p>En 2011,&nbsp;<strong>Valsequillo <\/strong>fue catalogada como <strong>\u00c1rea Natural Protegida <\/strong>y en 2012 como un sitio Ramsar por contar con una variedad de flora y fauna; en ese mismo a\u00f1o se public\u00f3 el estudio \u201cServicio Ambiental de la Presa de Valsequillo para las cuencas de los R\u00edos del Atoyac-Zahuapan y Alseseca, Puebla, Tlaxcala, M\u00e9xico\u201d, donde ya se hablaba de una estrategia integral para sanear el agua contaminada de la presa.<\/p>\n\n\n\n<p>Ahora, s\u00f3lo quedan migajas de lo que fue hace m\u00e1s de 10. Y para los pobladores de <strong>San Baltazar Tetela<\/strong> quienes viven cerca del lago de Valsequillo, tratar su contaminaci\u00f3n se ve como un reto importante al que no le da mucha importancia el gobierno.<\/p>\n\n\n\n<blockquote class=\"wp-block-quote is-layout-flow wp-block-quote-is-layout-flow\">\n<p class=\"has-text-align-right has-medium-font-size\"><em>\u201cEst\u00e1 abandonado, tiene basura, animales tirados, muchas cosas. Entonces al gobierno yo creo que no le interesa esta parte, digo, porque si le interesara, creo que no le cuesta. Hay recursos. Al menos yo no he visto, que yo vivo aqu\u00ed, yo no he visto que haya mejor\u00eda\u2026para m\u00ed est\u00e1 muy dif\u00edcil\u201d<\/em>, coment\u00f3 Juan Amatico P\u00e9rez, habitante de san Baltazar Tetela.<\/p>\n<\/blockquote>\n\n\n\n<figure class=\"wp-block-image size-full\"><img loading=\"lazy\" decoding=\"async\" width=\"957\" height=\"635\" src=\"https:\/\/losperiodistas.com.mx\/portal\/wp-content\/uploads\/2024\/10\/Captura-de-pantalla-2024-10-04-204950.png\" alt=\"Foto: Natalia Mora | LSR\" class=\"wp-image-87139\" srcset=\"https:\/\/losperiodistas.com.mx\/portal\/wp-content\/uploads\/2024\/10\/Captura-de-pantalla-2024-10-04-204950.png 957w, https:\/\/losperiodistas.com.mx\/portal\/wp-content\/uploads\/2024\/10\/Captura-de-pantalla-2024-10-04-204950-300x199.png 300w, https:\/\/losperiodistas.com.mx\/portal\/wp-content\/uploads\/2024\/10\/Captura-de-pantalla-2024-10-04-204950-768x510.png 768w\" sizes=\"(max-width: 957px) 100vw, 957px\" \/><\/figure>\n\n\n\n<p>Fuente: <a href=\"https:\/\/lasillarota.com\/estados\/2024\/10\/3\/presa-valsequillo-en-puebla-de-paraiso-natural-cementerio-de-horror-504180.html\" target=\"_blank\" rel=\"noreferrer noopener\">La Silla Rota<\/a><\/p>\n","protected":false},"excerpt":{"rendered":"<p>De 2020 a 2023, al menos 20 cuerpos han sido arrojados en el lugar. El embalse adem\u00e1s est\u00e1 contaminado con metales pesados que provocan enfermedades hep\u00e1ticas y neurodegenerativas. Las autoridades intentan recuperar la presa<\/p>\n","protected":false},"author":1,"featured_media":87129,"comment_status":"open","ping_status":"open","sticky":false,"template":"","format":"standard","meta":{"site-sidebar-layout":"default","site-content-layout":"","ast-site-content-layout":"default","site-content-style":"default","site-sidebar-style":"default","ast-global-header-display":"","ast-banner-title-visibility":"","ast-main-header-display":"","ast-hfb-above-header-display":"","ast-hfb-below-header-display":"","ast-hfb-mobile-header-display":"","site-post-title":"","ast-breadcrumbs-content":"","ast-featured-img":"","footer-sml-layout":"","theme-transparent-header-meta":"","adv-header-id-meta":"","stick-header-meta":"","header-above-stick-meta":"","header-main-stick-meta":"","header-below-stick-meta":"","astra-migrate-meta-layouts":"default","ast-page-background-enabled":"default","ast-page-background-meta":{"desktop":{"background-color":"var(--ast-global-color-4)","background-image":"","background-repeat":"repeat","background-position":"center center","background-size":"auto","background-attachment":"scroll","background-type":"","background-media":"","overlay-type":"","overlay-color":"","overlay-opacity":"","overlay-gradient":""},"tablet":{"background-color":"","background-image":"","background-repeat":"repeat","background-position":"center center","background-size":"auto","background-attachment":"scroll","background-type":"","background-media":"","overlay-type":"","overlay-color":"","overlay-opacity":"","overlay-gradient":""},"mobile":{"background-color":"","background-image":"","background-repeat":"repeat","background-position":"center center","background-size":"auto","background-attachment":"scroll","background-type":"","background-media":"","overlay-type":"","overlay-color":"","overlay-opacity":"","overlay-gradient":""}},"ast-content-background-meta":{"desktop":{"background-color":"var(--ast-global-color-5)","background-image":"","background-repeat":"repeat","background-position":"center center","background-size":"auto","background-attachment":"scroll","background-type":"","background-media":"","overlay-type":"","overlay-color":"","overlay-opacity":"","overlay-gradient":""},"tablet":{"background-color":"var(--ast-global-color-5)","background-image":"","background-repeat":"repeat","background-position":"center center","background-size":"auto","background-attachment":"scroll","background-type":"","background-media":"","overlay-type":"","overlay-color":"","overlay-opacity":"","overlay-gradient":""},"mobile":{"background-color":"var(--ast-global-color-5)","background-image":"","background-repeat":"repeat","background-position":"center center","background-size":"auto","background-attachment":"scroll","background-type":"","background-media":"","overlay-type":"","overlay-color":"","overlay-opacity":"","overlay-gradient":""}},"footnotes":""},"categories":[8],"tags":[31191,31192,31190,31188,31189],"class_list":["post-87128","post","type-post","status-publish","format-standard","has-post-thumbnail","hentry","category-noticias","tag-cementerio-de-horror","tag-contaminacion-por-metales-pesados","tag-paraiso-natural","tag-presa-de-valsequillo","tag-presa-manuel-avila-camacho"],"_links":{"self":[{"href":"https:\/\/losperiodistas.com.mx\/portal\/wp-json\/wp\/v2\/posts\/87128","targetHints":{"allow":["GET"]}}],"collection":[{"href":"https:\/\/losperiodistas.com.mx\/portal\/wp-json\/wp\/v2\/posts"}],"about":[{"href":"https:\/\/losperiodistas.com.mx\/portal\/wp-json\/wp\/v2\/types\/post"}],"author":[{"embeddable":true,"href":"https:\/\/losperiodistas.com.mx\/portal\/wp-json\/wp\/v2\/users\/1"}],"replies":[{"embeddable":true,"href":"https:\/\/losperiodistas.com.mx\/portal\/wp-json\/wp\/v2\/comments?post=87128"}],"version-history":[{"count":1,"href":"https:\/\/losperiodistas.com.mx\/portal\/wp-json\/wp\/v2\/posts\/87128\/revisions"}],"predecessor-version":[{"id":87140,"href":"https:\/\/losperiodistas.com.mx\/portal\/wp-json\/wp\/v2\/posts\/87128\/revisions\/87140"}],"wp:featuredmedia":[{"embeddable":true,"href":"https:\/\/losperiodistas.com.mx\/portal\/wp-json\/wp\/v2\/media\/87129"}],"wp:attachment":[{"href":"https:\/\/losperiodistas.com.mx\/portal\/wp-json\/wp\/v2\/media?parent=87128"}],"wp:term":[{"taxonomy":"category","embeddable":true,"href":"https:\/\/losperiodistas.com.mx\/portal\/wp-json\/wp\/v2\/categories?post=87128"},{"taxonomy":"post_tag","embeddable":true,"href":"https:\/\/losperiodistas.com.mx\/portal\/wp-json\/wp\/v2\/tags?post=87128"}],"curies":[{"name":"wp","href":"https:\/\/api.w.org\/{rel}","templated":true}]}}