{"id":87120,"date":"2024-10-04T21:27:11","date_gmt":"2024-10-05T02:27:11","guid":{"rendered":"http:\/\/losperiodistas.com.mx\/portal\/?p=87120"},"modified":"2024-10-04T21:27:14","modified_gmt":"2024-10-05T02:27:14","slug":"aifa-uno-de-los-aeropuertos-mas-bellos-del-mundo","status":"publish","type":"post","link":"https:\/\/losperiodistas.com.mx\/portal\/aifa-uno-de-los-aeropuertos-mas-bellos-del-mundo\/","title":{"rendered":"Prix Versailles reconoce al AIFA como uno de los puertos m\u00e1s bellos del mundo | EF"},"content":{"rendered":"\n<p>El AIFA fue se\u00f1alado entre los m\u00e1s bellos del mundo debido a aspectos como el homenaje a las tradiciones mexicanas y su torre de control.<\/p>\n\n\n\n<figure class=\"wp-block-image size-large\"><img fetchpriority=\"high\" decoding=\"async\" width=\"1024\" height=\"580\" src=\"https:\/\/losperiodistas.com.mx\/portal\/wp-content\/uploads\/2024\/10\/Captura-de-pantalla-2024-10-04-201718-1024x580.png\" alt=\"AIFA\" class=\"wp-image-87121\" srcset=\"https:\/\/losperiodistas.com.mx\/portal\/wp-content\/uploads\/2024\/10\/Captura-de-pantalla-2024-10-04-201718-1024x580.png 1024w, https:\/\/losperiodistas.com.mx\/portal\/wp-content\/uploads\/2024\/10\/Captura-de-pantalla-2024-10-04-201718-300x170.png 300w, https:\/\/losperiodistas.com.mx\/portal\/wp-content\/uploads\/2024\/10\/Captura-de-pantalla-2024-10-04-201718-768x435.png 768w, https:\/\/losperiodistas.com.mx\/portal\/wp-content\/uploads\/2024\/10\/Captura-de-pantalla-2024-10-04-201718.png 1316w\" sizes=\"(max-width: 1024px) 100vw, 1024px\" \/><figcaption class=\"wp-element-caption\">El AIFA es uno de los aeropuertos m\u00e1s bellos del mundo este a\u00f1o. (Cuartoscuro) <\/figcaption><\/figure>\n\n\n\n<p class=\"has-vivid-red-color has-text-color has-link-color wp-elements-a68306f67cfbf02182b3a4bfb1a33190\">Redacci\u00f3n \/ El Financiero<\/p>\n\n\n\n<p>El Aeropuerto Internacional Felipe \u00c1ngeles (AIFA), una de las obras \u2018estrella\u2019 del expresidente Andr\u00e9s Manuel L\u00f3pez Obrador, est\u00e1 reconocido como <strong>uno de los aeropuertos m\u00e1s bellos del mundo<\/strong> por el Premio Mundial de Arquitectura y Dise\u00f1o, conocido como Prix Versailles.<\/p>\n\n\n\n<p>La nominaci\u00f3n se\u00f1ala al AIFA, inaugurado en marzo de 2022, como uno de los mejores aeropuertos en cuanto a dise\u00f1o, as\u00ed como a desarrollo sustentable, y <strong>se pone a la par de aeropuertos de Emiratos \u00c1rabes<\/strong>, Singapur, Tailandia y Estados Unidos, que tambi\u00e9n fueron galardonados.<\/p>\n\n\n\n<p>La presidenta Claudia Sheinbaum celebr\u00f3 el premio a la obra inaugurada en el sexenio de su antecesor, el expresidente Andr\u00e9s Manuel L\u00f3pez Obrador, y<strong> destac\u00f3 sus logros en arquitectura y dise\u00f1o<\/strong>.<\/p>\n\n\n\n<p>El AIFA, ubicado en la localidad de Santa Luc\u00eda, del municipio de Zumpango, Estado de M\u00e9xico, surgi\u00f3 por la necesidad de atender la saturaci\u00f3n que vive el Aeropuerto Internacional de la Ciudad de M\u00e9xico (AICM). En un principio se realizar\u00eda un aeropuerto en Texcoco; sin embargo,<strong> fue cancelado por el gobierno de L\u00f3pez Obrador<\/strong> ante acusaciones de corrupci\u00f3n en su construcci\u00f3n, as\u00ed como el da\u00f1o al lago que se ubicaba hace d\u00e9cadas en dicha zona.<\/p>\n\n\n\n<p>Dos a\u00f1os y medio despu\u00e9s de su inauguraci\u00f3n, el AIFA es uno de los principales puertos de carga del pa\u00eds, as\u00ed como uno de los principales aeropuertos para entrar a M\u00e9xico debido a <strong>la promoci\u00f3n que ha hecho el Gobierno<\/strong>, as\u00ed como el recibimiento que dan a funcionarios invitados al pa\u00eds, desde el presidente de Estados Unidos, Joe Biden, hasta jefes de Estado que vinieron a la toma de protesta de Claudia Sheinbaum el pasado 1 de octubre.<\/p>\n\n\n\n<figure class=\"wp-block-image size-large\"><img decoding=\"async\" width=\"1024\" height=\"670\" src=\"https:\/\/losperiodistas.com.mx\/portal\/wp-content\/uploads\/2024\/10\/Captura-de-pantalla-2024-10-04-201841-1024x670.png\" alt=\"Por su dise\u00f1o y arquitectura, el AIFA fue reconocido como uno de los mejores aeropuertos del mundo. (Cuartoscuro)\" class=\"wp-image-87122\" srcset=\"https:\/\/losperiodistas.com.mx\/portal\/wp-content\/uploads\/2024\/10\/Captura-de-pantalla-2024-10-04-201841-1024x670.png 1024w, https:\/\/losperiodistas.com.mx\/portal\/wp-content\/uploads\/2024\/10\/Captura-de-pantalla-2024-10-04-201841-300x196.png 300w, https:\/\/losperiodistas.com.mx\/portal\/wp-content\/uploads\/2024\/10\/Captura-de-pantalla-2024-10-04-201841-768x503.png 768w, https:\/\/losperiodistas.com.mx\/portal\/wp-content\/uploads\/2024\/10\/Captura-de-pantalla-2024-10-04-201841.png 1092w\" sizes=\"(max-width: 1024px) 100vw, 1024px\" \/><\/figure>\n\n\n\n<h2 class=\"wp-block-heading\">\u00bfPor qu\u00e9 el AIFA es uno de los aeropuertos m\u00e1s bellos del mundo? Esto dice el Prix Versailles<\/h2>\n\n\n\n<p>La organizaci\u00f3n del Prix Versailles destac\u00f3 algunos aspectos por los que el AIFA es uno de los aeropuertos m\u00e1s bellos del mundo en cuanto a su arquitectura y dise\u00f1o.<\/p>\n\n\n\n<p>El primero es su torre de control, que toma como referencia a un macuahuitl azteca. Adem\u00e1s, se considera que el puerto de <strong>Santa Luc\u00eda hace un \u201chomenaje fraternal\u201d<\/strong> a la cultura de distintos estados del pa\u00eds.<\/p>\n\n\n\n<p>Otros atractivos son la<strong> Piedra del Sol que se ubica dentro de las instalaciones<\/strong>, as\u00ed como los dos museos que posee, uno de ellos dedicado a los mamuts, ya que durante su construcci\u00f3n se encontraron restos de ejemplares.<\/p>\n\n\n\n<figure class=\"wp-block-image aligncenter size-full\"><img decoding=\"async\" width=\"591\" height=\"730\" src=\"https:\/\/losperiodistas.com.mx\/portal\/wp-content\/uploads\/2024\/10\/Captura-de-pantalla-2024-10-04-201934.png\" alt=\"El homenaje a las ra\u00edces de M\u00e9xico fue reconocido. (Dulce Roxana Ord\u00e1z)\" class=\"wp-image-87123\" srcset=\"https:\/\/losperiodistas.com.mx\/portal\/wp-content\/uploads\/2024\/10\/Captura-de-pantalla-2024-10-04-201934.png 591w, https:\/\/losperiodistas.com.mx\/portal\/wp-content\/uploads\/2024\/10\/Captura-de-pantalla-2024-10-04-201934-243x300.png 243w\" sizes=\"(max-width: 591px) 100vw, 591px\" \/><\/figure>\n\n\n\n<p>\u201cLa puesta en escena interior muestra el rico patrimonio hist\u00f3rico de M\u00e9xico e invita a los pasajeros a recorrer los <strong>diferentes museos y sanitarios tem\u00e1ticos <\/strong>como parte de un viaje tan est\u00e9tico como original\u201d, destaca la organizaci\u00f3n que galardon\u00f3 al AIFA.<\/p>\n\n\n\n<p>Otros aspectos destacables son el aprovechamiento de la luz natural, as\u00ed como un<strong> jard\u00edn central de 4 mil 300 metros cuadrados<\/strong> y \u00e1reas verdes para actividades o relajaci\u00f3n.<\/p>\n\n\n\n<p>\u201cSu <strong>paisaje<\/strong> <strong>\u00fanico hace que este proyecto se adapte perfectamente a su entorno<\/strong>\u201d, explica la premiaci\u00f3n.<\/p>\n\n\n\n<p>Es posible que el AIFA participe por al menos tres premios m\u00e1s a inicios de diciembre.<\/p>\n\n\n\n<figure class=\"wp-block-image size-large\"><img loading=\"lazy\" decoding=\"async\" width=\"1024\" height=\"686\" src=\"https:\/\/losperiodistas.com.mx\/portal\/wp-content\/uploads\/2024\/10\/Captura-de-pantalla-2024-10-04-202025-1024x686.png\" alt=\"El AIFA aprovecha la luz natural. (Cuartoscuro)\" class=\"wp-image-87124\" srcset=\"https:\/\/losperiodistas.com.mx\/portal\/wp-content\/uploads\/2024\/10\/Captura-de-pantalla-2024-10-04-202025-1024x686.png 1024w, https:\/\/losperiodistas.com.mx\/portal\/wp-content\/uploads\/2024\/10\/Captura-de-pantalla-2024-10-04-202025-300x201.png 300w, https:\/\/losperiodistas.com.mx\/portal\/wp-content\/uploads\/2024\/10\/Captura-de-pantalla-2024-10-04-202025-768x515.png 768w, https:\/\/losperiodistas.com.mx\/portal\/wp-content\/uploads\/2024\/10\/Captura-de-pantalla-2024-10-04-202025.png 1085w\" sizes=\"(max-width: 1024px) 100vw, 1024px\" \/><\/figure>\n\n\n\n<h2 class=\"wp-block-heading\">\u00bfQu\u00e9 es el Prix Versailles?<\/h2>\n\n\n\n<p>Se trata de una serie de concursos que organiza la Unesco desde 2015,<strong> mismo que premia obras contempor\u00e1neas<\/strong> de todo el mundo por sus cualidades de dise\u00f1o y arquitectura. Cada a\u00f1o tiene diferentes tem\u00e1ticas, destacando la inspiraci\u00f3n, el progreso y la inclusi\u00f3n.<\/p>\n\n\n\n<p>El jurado <strong>se encarga de entregar 24 premios<\/strong> a obras como aeropuertos, hoteles, museos, escuelas, estaciones de pasajeros, entre otros.<\/p>\n\n\n\n<p>Los aspectos que se reconocen para la premiaci\u00f3n son:<\/p>\n\n\n\n<ul class=\"wp-block-list\">\n<li>Innovaci\u00f3n.<\/li>\n\n\n\n<li>La creatividad.<\/li>\n\n\n\n<li>Reflejos del patrimonio local.<\/li>\n\n\n\n<li>Eficiencia ecol\u00f3gica.<\/li>\n\n\n\n<li>Valores de interacci\u00f3n social y participaci\u00f3n.<\/li>\n\n\n\n<li>Principios de sostenibilidad inteligente.<\/li>\n\n\n\n<li>impactos ecol\u00f3gicos, sociales y culturales de los proyectos.<\/li>\n<\/ul>\n\n\n\n<figure class=\"wp-block-image size-large\"><img loading=\"lazy\" decoding=\"async\" width=\"1024\" height=\"684\" src=\"https:\/\/losperiodistas.com.mx\/portal\/wp-content\/uploads\/2024\/10\/Captura-de-pantalla-2024-10-04-202128-1024x684.png\" alt=\"Joe Biden ha sido uno de los presidentes m\u00e1s importantes del mundo en usar el AIFA. (Cuartoscuro)\" class=\"wp-image-87125\" srcset=\"https:\/\/losperiodistas.com.mx\/portal\/wp-content\/uploads\/2024\/10\/Captura-de-pantalla-2024-10-04-202128-1024x684.png 1024w, https:\/\/losperiodistas.com.mx\/portal\/wp-content\/uploads\/2024\/10\/Captura-de-pantalla-2024-10-04-202128-300x200.png 300w, https:\/\/losperiodistas.com.mx\/portal\/wp-content\/uploads\/2024\/10\/Captura-de-pantalla-2024-10-04-202128-768x513.png 768w, https:\/\/losperiodistas.com.mx\/portal\/wp-content\/uploads\/2024\/10\/Captura-de-pantalla-2024-10-04-202128.png 1093w\" sizes=\"(max-width: 1024px) 100vw, 1024px\" \/><\/figure>\n\n\n\n<p>Fuente: <a href=\"https:\/\/www.elfinanciero.com.mx\/empresas\/2024\/10\/04\/aifa-premio-a-los-aeropuertos-mas-bellos-del-mundo-prix-versailles-por-que-esta-en-la-lista\/\" target=\"_blank\" rel=\"noreferrer noopener\">El Financiero<\/a><\/p>\n","protected":false},"excerpt":{"rendered":"<p>El AIFA fue se\u00f1alado entre los m\u00e1s bellos del mundo debido a aspectos como el homenaje a las tradiciones mexicanas y su torre de control.<\/p>\n","protected":false},"author":1,"featured_media":87121,"comment_status":"open","ping_status":"open","sticky":false,"template":"","format":"standard","meta":{"site-sidebar-layout":"default","site-content-layout":"","ast-site-content-layout":"default","site-content-style":"default","site-sidebar-style":"default","ast-global-header-display":"","ast-banner-title-visibility":"","ast-main-header-display":"","ast-hfb-above-header-display":"","ast-hfb-below-header-display":"","ast-hfb-mobile-header-display":"","site-post-title":"","ast-breadcrumbs-content":"","ast-featured-img":"","footer-sml-layout":"","theme-transparent-header-meta":"","adv-header-id-meta":"","stick-header-meta":"","header-above-stick-meta":"","header-main-stick-meta":"","header-below-stick-meta":"","astra-migrate-meta-layouts":"default","ast-page-background-enabled":"default","ast-page-background-meta":{"desktop":{"background-color":"var(--ast-global-color-4)","background-image":"","background-repeat":"repeat","background-position":"center center","background-size":"auto","background-attachment":"scroll","background-type":"","background-media":"","overlay-type":"","overlay-color":"","overlay-opacity":"","overlay-gradient":""},"tablet":{"background-color":"","background-image":"","background-repeat":"repeat","background-position":"center center","background-size":"auto","background-attachment":"scroll","background-type":"","background-media":"","overlay-type":"","overlay-color":"","overlay-opacity":"","overlay-gradient":""},"mobile":{"background-color":"","background-image":"","background-repeat":"repeat","background-position":"center center","background-size":"auto","background-attachment":"scroll","background-type":"","background-media":"","overlay-type":"","overlay-color":"","overlay-opacity":"","overlay-gradient":""}},"ast-content-background-meta":{"desktop":{"background-color":"var(--ast-global-color-5)","background-image":"","background-repeat":"repeat","background-position":"center center","background-size":"auto","background-attachment":"scroll","background-type":"","background-media":"","overlay-type":"","overlay-color":"","overlay-opacity":"","overlay-gradient":""},"tablet":{"background-color":"var(--ast-global-color-5)","background-image":"","background-repeat":"repeat","background-position":"center center","background-size":"auto","background-attachment":"scroll","background-type":"","background-media":"","overlay-type":"","overlay-color":"","overlay-opacity":"","overlay-gradient":""},"mobile":{"background-color":"var(--ast-global-color-5)","background-image":"","background-repeat":"repeat","background-position":"center center","background-size":"auto","background-attachment":"scroll","background-type":"","background-media":"","overlay-type":"","overlay-color":"","overlay-opacity":"","overlay-gradient":""}},"footnotes":""},"categories":[8],"tags":[31183,391,31185,31186,31187,31184,20009],"class_list":["post-87120","post","type-post","status-publish","format-standard","has-post-thumbnail","hentry","category-noticias","tag-aeropuertos-mas-bellos-del-mundo","tag-aifa","tag-piedra-del-sol","tag-premio-mundial-de-arquitectura","tag-prix-versailles","tag-torre-de-control","tag-tradiciones-mexicanas"],"_links":{"self":[{"href":"https:\/\/losperiodistas.com.mx\/portal\/wp-json\/wp\/v2\/posts\/87120","targetHints":{"allow":["GET"]}}],"collection":[{"href":"https:\/\/losperiodistas.com.mx\/portal\/wp-json\/wp\/v2\/posts"}],"about":[{"href":"https:\/\/losperiodistas.com.mx\/portal\/wp-json\/wp\/v2\/types\/post"}],"author":[{"embeddable":true,"href":"https:\/\/losperiodistas.com.mx\/portal\/wp-json\/wp\/v2\/users\/1"}],"replies":[{"embeddable":true,"href":"https:\/\/losperiodistas.com.mx\/portal\/wp-json\/wp\/v2\/comments?post=87120"}],"version-history":[{"count":1,"href":"https:\/\/losperiodistas.com.mx\/portal\/wp-json\/wp\/v2\/posts\/87120\/revisions"}],"predecessor-version":[{"id":87126,"href":"https:\/\/losperiodistas.com.mx\/portal\/wp-json\/wp\/v2\/posts\/87120\/revisions\/87126"}],"wp:featuredmedia":[{"embeddable":true,"href":"https:\/\/losperiodistas.com.mx\/portal\/wp-json\/wp\/v2\/media\/87121"}],"wp:attachment":[{"href":"https:\/\/losperiodistas.com.mx\/portal\/wp-json\/wp\/v2\/media?parent=87120"}],"wp:term":[{"taxonomy":"category","embeddable":true,"href":"https:\/\/losperiodistas.com.mx\/portal\/wp-json\/wp\/v2\/categories?post=87120"},{"taxonomy":"post_tag","embeddable":true,"href":"https:\/\/losperiodistas.com.mx\/portal\/wp-json\/wp\/v2\/tags?post=87120"}],"curies":[{"name":"wp","href":"https:\/\/api.w.org\/{rel}","templated":true}]}}