{"id":87111,"date":"2024-10-04T19:13:14","date_gmt":"2024-10-05T00:13:14","guid":{"rendered":"http:\/\/losperiodistas.com.mx\/portal\/?p=87111"},"modified":"2024-10-04T19:13:16","modified_gmt":"2024-10-05T00:13:16","slug":"sheinbaum-conversa-con-biden-sobre-cooperacion-bilateral-mexico-eu","status":"publish","type":"post","link":"https:\/\/losperiodistas.com.mx\/portal\/sheinbaum-conversa-con-biden-sobre-cooperacion-bilateral-mexico-eu\/","title":{"rendered":"Sheinbaum conversa con Biden sobre la cooperaci\u00f3n bilateral entre M\u00e9xico y EU | El Economista"},"content":{"rendered":"\n<p>La presidenta de M\u00e9xico confirm\u00f3 que recibi\u00f3 una llamada del presidente de Estados Unidos, Joe Biden, para conversar sobre la relaci\u00f3n entre ambas naciones en diversos temas.<\/p>\n\n\n\n<figure class=\"wp-block-image size-large\"><img fetchpriority=\"high\" decoding=\"async\" width=\"1024\" height=\"660\" src=\"https:\/\/losperiodistas.com.mx\/portal\/wp-content\/uploads\/2024\/10\/Captura-de-pantalla-2024-10-04-175654-1024x660.png\" alt=\"Sheinbaum habla por telef\u00f3no con Biden\" class=\"wp-image-87112\" srcset=\"https:\/\/losperiodistas.com.mx\/portal\/wp-content\/uploads\/2024\/10\/Captura-de-pantalla-2024-10-04-175654-1024x660.png 1024w, https:\/\/losperiodistas.com.mx\/portal\/wp-content\/uploads\/2024\/10\/Captura-de-pantalla-2024-10-04-175654-300x193.png 300w, https:\/\/losperiodistas.com.mx\/portal\/wp-content\/uploads\/2024\/10\/Captura-de-pantalla-2024-10-04-175654-768x495.png 768w, https:\/\/losperiodistas.com.mx\/portal\/wp-content\/uploads\/2024\/10\/Captura-de-pantalla-2024-10-04-175654.png 1192w\" sizes=\"(max-width: 1024px) 100vw, 1024px\" \/><figcaption class=\"wp-element-caption\">La Presidenta Sheinbaum habl\u00f3 por telef\u00f3no con Joe Biden sobre asuntos bilaterales. Cr\u00e9dito: Especial<\/figcaption><\/figure>\n\n\n\n<p class=\"has-vivid-red-color has-text-color has-link-color wp-elements-3c4ff8638175c9d3a6ea8b163c9a905b\">Redacci\u00f3n \/ El Economista<\/p>\n\n\n\n<p>La presidenta de M\u00e9xico, <strong>Claudia Sheinbaum Pardo<\/strong>, dio a conocer que convers\u00f3 v\u00eda telef\u00f3nica con su hom\u00f3logo estadounidense Joe Biden para hablar sobre la cooperaci\u00f3n bilateral en diversos asuntos.<\/p>\n\n\n\n<figure class=\"wp-block-embed is-type-video is-provider-youtube wp-block-embed-youtube wp-embed-aspect-16-9 wp-has-aspect-ratio\"><div class=\"wp-block-embed__wrapper\">\n<iframe title=\"Sheinbaum conversa con Biden sobre la cooperaci\u00f3n bilateral entre M\u00e9xico y EU\" width=\"500\" height=\"281\" src=\"https:\/\/www.youtube.com\/embed\/XU5198c7Jbw?feature=oembed\" frameborder=\"0\" allow=\"accelerometer; autoplay; clipboard-write; encrypted-media; gyroscope; picture-in-picture; web-share\" referrerpolicy=\"strict-origin-when-cross-origin\" allowfullscreen><\/iframe>\n<\/div><\/figure>\n\n\n\n<p>\u00abRecib\u00ed una llamada del presidente de Estados Unidos, Joseph Biden, en la que abordamos la cooperaci\u00f3n bilateral en materia econ\u00f3mica, cultural y comercial. Agradezco su felicitaci\u00f3n tras asumir como la primera presidenta de M\u00e9xico\u00bb, escribi\u00f3 Sheinbaum en su cuenta de la red social X, para comentar sobre su primera conversaci\u00f3n con Biden ya como mandataria federal.<\/p>\n\n\n\n<blockquote class=\"twitter-tweet\"><p lang=\"es\" dir=\"ltr\">Recib\u00ed una llamada del presidente de Estados Unidos, Joseph Biden, en la que abordamos la cooperaci\u00f3n bilateral en materia econ\u00f3mica, cultural y comercial. Agradezco su felicitaci\u00f3n tras asumir como la primera presidenta de M\u00e9xico. <a href=\"https:\/\/t.co\/lMNS7Uccah\">pic.twitter.com\/lMNS7Uccah<\/a><\/p>&mdash; Claudia Sheinbaum Pardo (@Claudiashein) <a href=\"https:\/\/twitter.com\/Claudiashein\/status\/1842283467201298501?ref_src=twsrc%5Etfw\">October 4, 2024<\/a><\/blockquote> <script async src=\"https:\/\/platform.twitter.com\/widgets.js\" charset=\"utf-8\"><\/script> \n\n\n\n<p>Minutos m\u00e1s tarde, el presidente Biden, que dejar\u00e1 el cargo en enero pr\u00f3ximo, public\u00f3 tambi\u00e9n en X un mensaje informando sobre la conversaci\u00f3n y felicitando de nuevo a Sheinbaum por su investidura.<\/p>\n\n\n\n<p>\u00abEspero continuar con esta s\u00f3lida y colaborativa asociaci\u00f3n que promover\u00e1 la prosperidad y la seguridad en ambos pa\u00edses\u00bb, escribi\u00f3 Biden.<\/p>\n\n\n\n<blockquote class=\"twitter-tweet\"><p lang=\"en\" dir=\"ltr\">Today I spoke with President Sheinbaum to congratulate her on her historic inauguration as the first woman to serve as President of Mexico. <br> <br>I look forward to continuing the strong and collaborative partnership that will advance prosperity and security in both of our countries. <a href=\"https:\/\/t.co\/kPXZ0pZaec\">pic.twitter.com\/kPXZ0pZaec<\/a><\/p>&mdash; President Biden (@POTUS) <a href=\"https:\/\/twitter.com\/POTUS\/status\/1842288109322432996?ref_src=twsrc%5Etfw\">October 4, 2024<\/a><\/blockquote> <script async src=\"https:\/\/platform.twitter.com\/widgets.js\" charset=\"utf-8\"><\/script> \n\n\n\n<p>El pasado 1 de octubre, a trav\u00e9s de un comunicado, el presidente Biden felicit\u00f3 a Sheinbaum tras asumir el cargo como la primera mujer Presidenta de M\u00e9xico.<\/p>\n\n\n\n<p>\u00abJill (la primera dama) y yo extendemos nuestras m\u00e1s sinceras felicitaciones a la Presidenta Claudia Sheinbaum por su toma de posesi\u00f3n\u00bb, dijo el mandatario estadounidense en una declaraci\u00f3n difundida por la Embajada de Estados Unidos en M\u00e9xico.<\/p>\n\n\n\n<p>En su mensaje, el <strong>presidente Biden<\/strong> destac\u00f3 que M\u00e9xico y Estados Unidos, que son principales socios comerciales, \u00abcompartimos profundos lazos pol\u00edticos, econ\u00f3micos y culturales\u00bb y reiter\u00f3 el compromiso de su pa\u00eds para continuar trabajando con M\u00e9xico para lograr un futuro \u00abpr\u00f3spero y seguro\u00bb.<\/p>\n\n\n\n<p>Cabe recordar que el lunes pasado, el mandatario estadounidense tambi\u00e9n expres\u00f3 su inter\u00e9s de reunirse pronto con Sheinbaum Pardo una vez que tomara protesta.<\/p>\n\n\n\n<p>Ambos pa\u00edses, socios comerciales junto con Canad\u00e1, en el tratado comercial de Am\u00e9rica del Norte (T-MEC), han tenido diferencias por una pol\u00e9mica reforma al sistema judicial mexicano promulgada al inicio de esta semana.<\/p>\n\n\n\n<p>Adem\u00e1s de la reforma al Poder Judicial, que establece, entre otras cosas, la elecci\u00f3n por voto popular de jueces, magistrados y ministros y que ha provocado inquietud entre inversionistas y golpeado los mercados, ambos socios tienen una delicada agenda que resolver.<\/p>\n\n\n\n<p>M\u00e9xico y Estados Unidos aguardan la resoluci\u00f3n de un panel de soluci\u00f3n de controversias en el <strong>T-MEC<\/strong> sobre el uso de ma\u00edz transg\u00e9nico en la naci\u00f3n latinoamericana, adem\u00e1s de la b\u00fasqueda de caminos para resolver el reto de los enormes flujos migratorios procedentes de Centroam\u00e9rica, Sudam\u00e9rica y otras regiones hacia territorio estadounidense. (<em>Con informaci\u00f3n de Reuters.<\/em>)<\/p>\n\n\n\n<p>Fuente: <a href=\"https:\/\/www.eleconomista.com.mx\/politica\/sheinbaum-conversa-biden-sobre-cooperacion-bilateral-mexico-y-eu-20241004-728699.html\" target=\"_blank\" rel=\"noreferrer noopener\">El Economista<\/a><\/p>\n","protected":false},"excerpt":{"rendered":"<p>La presidenta de M\u00e9xico confirm\u00f3 que recibi\u00f3 una llamada del presidente de Estados Unidos, Joe Biden, para conversar sobre la [&hellip;]<\/p>\n","protected":false},"author":1,"featured_media":87112,"comment_status":"open","ping_status":"open","sticky":false,"template":"","format":"standard","meta":{"site-sidebar-layout":"default","site-content-layout":"","ast-site-content-layout":"default","site-content-style":"default","site-sidebar-style":"default","ast-global-header-display":"","ast-banner-title-visibility":"","ast-main-header-display":"","ast-hfb-above-header-display":"","ast-hfb-below-header-display":"","ast-hfb-mobile-header-display":"","site-post-title":"","ast-breadcrumbs-content":"","ast-featured-img":"","footer-sml-layout":"","theme-transparent-header-meta":"","adv-header-id-meta":"","stick-header-meta":"","header-above-stick-meta":"","header-main-stick-meta":"","header-below-stick-meta":"","astra-migrate-meta-layouts":"default","ast-page-background-enabled":"default","ast-page-background-meta":{"desktop":{"background-color":"var(--ast-global-color-4)","background-image":"","background-repeat":"repeat","background-position":"center center","background-size":"auto","background-attachment":"scroll","background-type":"","background-media":"","overlay-type":"","overlay-color":"","overlay-opacity":"","overlay-gradient":""},"tablet":{"background-color":"","background-image":"","background-repeat":"repeat","background-position":"center center","background-size":"auto","background-attachment":"scroll","background-type":"","background-media":"","overlay-type":"","overlay-color":"","overlay-opacity":"","overlay-gradient":""},"mobile":{"background-color":"","background-image":"","background-repeat":"repeat","background-position":"center center","background-size":"auto","background-attachment":"scroll","background-type":"","background-media":"","overlay-type":"","overlay-color":"","overlay-opacity":"","overlay-gradient":""}},"ast-content-background-meta":{"desktop":{"background-color":"var(--ast-global-color-5)","background-image":"","background-repeat":"repeat","background-position":"center center","background-size":"auto","background-attachment":"scroll","background-type":"","background-media":"","overlay-type":"","overlay-color":"","overlay-opacity":"","overlay-gradient":""},"tablet":{"background-color":"var(--ast-global-color-5)","background-image":"","background-repeat":"repeat","background-position":"center center","background-size":"auto","background-attachment":"scroll","background-type":"","background-media":"","overlay-type":"","overlay-color":"","overlay-opacity":"","overlay-gradient":""},"mobile":{"background-color":"var(--ast-global-color-5)","background-image":"","background-repeat":"repeat","background-position":"center center","background-size":"auto","background-attachment":"scroll","background-type":"","background-media":"","overlay-type":"","overlay-color":"","overlay-opacity":"","overlay-gradient":""}},"footnotes":""},"categories":[8],"tags":[1505,31176,696,31177],"class_list":["post-87111","post","type-post","status-publish","format-standard","has-post-thumbnail","hentry","category-noticias","tag-claudia-sheinbaum","tag-cooperacion-bilateral","tag-joe-biden","tag-mexico-eua"],"_links":{"self":[{"href":"https:\/\/losperiodistas.com.mx\/portal\/wp-json\/wp\/v2\/posts\/87111","targetHints":{"allow":["GET"]}}],"collection":[{"href":"https:\/\/losperiodistas.com.mx\/portal\/wp-json\/wp\/v2\/posts"}],"about":[{"href":"https:\/\/losperiodistas.com.mx\/portal\/wp-json\/wp\/v2\/types\/post"}],"author":[{"embeddable":true,"href":"https:\/\/losperiodistas.com.mx\/portal\/wp-json\/wp\/v2\/users\/1"}],"replies":[{"embeddable":true,"href":"https:\/\/losperiodistas.com.mx\/portal\/wp-json\/wp\/v2\/comments?post=87111"}],"version-history":[{"count":1,"href":"https:\/\/losperiodistas.com.mx\/portal\/wp-json\/wp\/v2\/posts\/87111\/revisions"}],"predecessor-version":[{"id":87113,"href":"https:\/\/losperiodistas.com.mx\/portal\/wp-json\/wp\/v2\/posts\/87111\/revisions\/87113"}],"wp:featuredmedia":[{"embeddable":true,"href":"https:\/\/losperiodistas.com.mx\/portal\/wp-json\/wp\/v2\/media\/87112"}],"wp:attachment":[{"href":"https:\/\/losperiodistas.com.mx\/portal\/wp-json\/wp\/v2\/media?parent=87111"}],"wp:term":[{"taxonomy":"category","embeddable":true,"href":"https:\/\/losperiodistas.com.mx\/portal\/wp-json\/wp\/v2\/categories?post=87111"},{"taxonomy":"post_tag","embeddable":true,"href":"https:\/\/losperiodistas.com.mx\/portal\/wp-json\/wp\/v2\/tags?post=87111"}],"curies":[{"name":"wp","href":"https:\/\/api.w.org\/{rel}","templated":true}]}}