{"id":87107,"date":"2024-10-04T18:11:54","date_gmt":"2024-10-04T23:11:54","guid":{"rendered":"http:\/\/losperiodistas.com.mx\/portal\/?p=87107"},"modified":"2024-10-04T18:11:57","modified_gmt":"2024-10-04T23:11:57","slug":"abre-temporalmente-paso-superior-central-de-abasto-con-restricciones","status":"publish","type":"post","link":"https:\/\/losperiodistas.com.mx\/portal\/abre-temporalmente-paso-superior-central-de-abasto-con-restricciones\/","title":{"rendered":"Paso Superior \u00abCentral de Abasto\u00bb abre temporalmente con restricciones"},"content":{"rendered":"\n<figure class=\"wp-block-image size-large\"><img fetchpriority=\"high\" decoding=\"async\" width=\"1024\" height=\"571\" src=\"https:\/\/losperiodistas.com.mx\/portal\/wp-content\/uploads\/2024\/10\/Captura-de-pantalla-2024-10-04-170339-1024x571.png\" alt=\"Paso Superior Vehicular \u201cCentral de Abasto\u201d\" class=\"wp-image-87108\" srcset=\"https:\/\/losperiodistas.com.mx\/portal\/wp-content\/uploads\/2024\/10\/Captura-de-pantalla-2024-10-04-170339-1024x571.png 1024w, https:\/\/losperiodistas.com.mx\/portal\/wp-content\/uploads\/2024\/10\/Captura-de-pantalla-2024-10-04-170339-300x167.png 300w, https:\/\/losperiodistas.com.mx\/portal\/wp-content\/uploads\/2024\/10\/Captura-de-pantalla-2024-10-04-170339-768x428.png 768w, https:\/\/losperiodistas.com.mx\/portal\/wp-content\/uploads\/2024\/10\/Captura-de-pantalla-2024-10-04-170339.png 1296w\" sizes=\"(max-width: 1024px) 100vw, 1024px\" \/><figcaption class=\"wp-element-caption\">Paso Superior Vehicular \u201cCentral de Abasto\u201d<\/figcaption><\/figure>\n\n\n\n<p class=\"has-vivid-red-color has-text-color has-link-color wp-elements-eb27e7450528140191efa4df35f811c5\">Redacci\u00f3n<\/p>\n\n\n\n<p>La Secretar\u00eda de Infraestructura informa que, del 03 al 09 de octubre, ser\u00e1 temporalmente abierto a la circulaci\u00f3n el Paso Superior Vehicular \u201cCentral de Abasto\u201d para realizar trabajos de pavimentaci\u00f3n, construcci\u00f3n de guarniciones y banquetas en las laterales de la carretera federal Puebla-Tlaxcala, y muro perimetral por debajo del puente, as\u00ed como la instalaci\u00f3n de luminarias y se\u00f1alizaci\u00f3n horizontal y vertical. Estas acciones permitir\u00e1n avanzar en la conclusi\u00f3n de esta obra.<\/p>\n\n\n\n<p>En la zona habr\u00e1 personal laborando en los trabajos se\u00f1alados, por lo que la dependencia exhorta a automovilistas y peatones a transitar con precauci\u00f3n, ya que existir\u00e1n materiales y equipo de construcci\u00f3n en el \u00e1rea de las obras. El horario de trabajos ser\u00e1 de 07:00 a 21:00 horas, mismos que est\u00e1n sujetos a cambios por las condiciones clim\u00e1ticas, lo cual se procurar\u00e1 informar por las redes sociales o medios de comunicaci\u00f3n.<\/p>\n\n\n\n<figure class=\"wp-block-image size-large\"><img decoding=\"async\" width=\"1024\" height=\"574\" src=\"https:\/\/losperiodistas.com.mx\/portal\/wp-content\/uploads\/2024\/10\/PasoSuperiorVehicularCentralDeAbasto-1024x574.jpg\" alt=\"Paso Superior Vehicular \u201cCentral de Abasto\u201d\" class=\"wp-image-87109\" srcset=\"https:\/\/losperiodistas.com.mx\/portal\/wp-content\/uploads\/2024\/10\/PasoSuperiorVehicularCentralDeAbasto-1024x574.jpg 1024w, https:\/\/losperiodistas.com.mx\/portal\/wp-content\/uploads\/2024\/10\/PasoSuperiorVehicularCentralDeAbasto-300x168.jpg 300w, https:\/\/losperiodistas.com.mx\/portal\/wp-content\/uploads\/2024\/10\/PasoSuperiorVehicularCentralDeAbasto-768x431.jpg 768w, https:\/\/losperiodistas.com.mx\/portal\/wp-content\/uploads\/2024\/10\/PasoSuperiorVehicularCentralDeAbasto.jpg 1280w\" sizes=\"(max-width: 1024px) 100vw, 1024px\" \/><\/figure>\n\n\n\n<p>Como la obra contin\u00faa en proceso, la circulaci\u00f3n debe ser a no m\u00e1s de 60 kil\u00f3metros por hora sobre el puente, ya que est\u00e1n por colocarse m\u00f3dulos centrales y defensas met\u00e1licas. Es imperante que se transite con precauci\u00f3n; en tanto que en la lateral Puebla-Tlaxcala, la velocidad permitida es de 40 kil\u00f3metros por hora.<\/p>\n\n\n\n<p>En apoyo a peatones y ciclistas, habr\u00e1 bandereros y elementos de seguridad vial para dar el paso de forma segura, por lo que es necesario seguir indicaciones para evitar accidentes.<\/p>\n","protected":false},"excerpt":{"rendered":"<p>Redacci\u00f3n La Secretar\u00eda de Infraestructura informa que, del 03 al 09 de octubre, ser\u00e1 temporalmente abierto a la circulaci\u00f3n el [&hellip;]<\/p>\n","protected":false},"author":1,"featured_media":87108,"comment_status":"open","ping_status":"open","sticky":false,"template":"","format":"standard","meta":{"site-sidebar-layout":"default","site-content-layout":"","ast-site-content-layout":"default","site-content-style":"default","site-sidebar-style":"default","ast-global-header-display":"","ast-banner-title-visibility":"","ast-main-header-display":"","ast-hfb-above-header-display":"","ast-hfb-below-header-display":"","ast-hfb-mobile-header-display":"","site-post-title":"","ast-breadcrumbs-content":"","ast-featured-img":"","footer-sml-layout":"","theme-transparent-header-meta":"","adv-header-id-meta":"","stick-header-meta":"","header-above-stick-meta":"","header-main-stick-meta":"","header-below-stick-meta":"","astra-migrate-meta-layouts":"default","ast-page-background-enabled":"default","ast-page-background-meta":{"desktop":{"background-color":"var(--ast-global-color-4)","background-image":"","background-repeat":"repeat","background-position":"center center","background-size":"auto","background-attachment":"scroll","background-type":"","background-media":"","overlay-type":"","overlay-color":"","overlay-opacity":"","overlay-gradient":""},"tablet":{"background-color":"","background-image":"","background-repeat":"repeat","background-position":"center center","background-size":"auto","background-attachment":"scroll","background-type":"","background-media":"","overlay-type":"","overlay-color":"","overlay-opacity":"","overlay-gradient":""},"mobile":{"background-color":"","background-image":"","background-repeat":"repeat","background-position":"center center","background-size":"auto","background-attachment":"scroll","background-type":"","background-media":"","overlay-type":"","overlay-color":"","overlay-opacity":"","overlay-gradient":""}},"ast-content-background-meta":{"desktop":{"background-color":"var(--ast-global-color-5)","background-image":"","background-repeat":"repeat","background-position":"center center","background-size":"auto","background-attachment":"scroll","background-type":"","background-media":"","overlay-type":"","overlay-color":"","overlay-opacity":"","overlay-gradient":""},"tablet":{"background-color":"var(--ast-global-color-5)","background-image":"","background-repeat":"repeat","background-position":"center center","background-size":"auto","background-attachment":"scroll","background-type":"","background-media":"","overlay-type":"","overlay-color":"","overlay-opacity":"","overlay-gradient":""},"mobile":{"background-color":"var(--ast-global-color-5)","background-image":"","background-repeat":"repeat","background-position":"center center","background-size":"auto","background-attachment":"scroll","background-type":"","background-media":"","overlay-type":"","overlay-color":"","overlay-opacity":"","overlay-gradient":""}},"footnotes":""},"categories":[8],"tags":[31174,31173,31175],"class_list":["post-87107","post","type-post","status-publish","format-standard","has-post-thumbnail","hentry","category-noticias","tag-central-de-abasto","tag-paso-superior","tag-puebla-tlaxcala"],"_links":{"self":[{"href":"https:\/\/losperiodistas.com.mx\/portal\/wp-json\/wp\/v2\/posts\/87107","targetHints":{"allow":["GET"]}}],"collection":[{"href":"https:\/\/losperiodistas.com.mx\/portal\/wp-json\/wp\/v2\/posts"}],"about":[{"href":"https:\/\/losperiodistas.com.mx\/portal\/wp-json\/wp\/v2\/types\/post"}],"author":[{"embeddable":true,"href":"https:\/\/losperiodistas.com.mx\/portal\/wp-json\/wp\/v2\/users\/1"}],"replies":[{"embeddable":true,"href":"https:\/\/losperiodistas.com.mx\/portal\/wp-json\/wp\/v2\/comments?post=87107"}],"version-history":[{"count":1,"href":"https:\/\/losperiodistas.com.mx\/portal\/wp-json\/wp\/v2\/posts\/87107\/revisions"}],"predecessor-version":[{"id":87110,"href":"https:\/\/losperiodistas.com.mx\/portal\/wp-json\/wp\/v2\/posts\/87107\/revisions\/87110"}],"wp:featuredmedia":[{"embeddable":true,"href":"https:\/\/losperiodistas.com.mx\/portal\/wp-json\/wp\/v2\/media\/87108"}],"wp:attachment":[{"href":"https:\/\/losperiodistas.com.mx\/portal\/wp-json\/wp\/v2\/media?parent=87107"}],"wp:term":[{"taxonomy":"category","embeddable":true,"href":"https:\/\/losperiodistas.com.mx\/portal\/wp-json\/wp\/v2\/categories?post=87107"},{"taxonomy":"post_tag","embeddable":true,"href":"https:\/\/losperiodistas.com.mx\/portal\/wp-json\/wp\/v2\/tags?post=87107"}],"curies":[{"name":"wp","href":"https:\/\/api.w.org\/{rel}","templated":true}]}}