{"id":87092,"date":"2024-10-04T17:40:07","date_gmt":"2024-10-04T22:40:07","guid":{"rendered":"http:\/\/losperiodistas.com.mx\/portal\/?p=87092"},"modified":"2024-10-04T17:40:09","modified_gmt":"2024-10-04T22:40:09","slug":"sheinbaumetro-indicador-de-avance-de-los-compromisos-de-la-presidenta-sheinbaum","status":"publish","type":"post","link":"https:\/\/losperiodistas.com.mx\/portal\/sheinbaumetro-indicador-de-avance-de-los-compromisos-de-la-presidenta-sheinbaum\/","title":{"rendered":"Sheinb\u00e1umetro: El indicador de avance de los 100 compromisos de la presidenta de M\u00e9xico | Verificado"},"content":{"rendered":"\n<p>Conoce El Sheinb\u00e1umetro, una herramienta para seguir el avance y cumplimiento de las promesas de la presidenta de M\u00e9xico.<\/p>\n\n\n\n<figure class=\"wp-block-image size-large\"><img fetchpriority=\"high\" decoding=\"async\" width=\"1024\" height=\"577\" src=\"https:\/\/losperiodistas.com.mx\/portal\/wp-content\/uploads\/2024\/10\/Captura-de-pantalla-2024-10-04-155315-1024x577.png\" alt=\"Sheinb\u00e1umetro\" class=\"wp-image-87093\" srcset=\"https:\/\/losperiodistas.com.mx\/portal\/wp-content\/uploads\/2024\/10\/Captura-de-pantalla-2024-10-04-155315-1024x577.png 1024w, https:\/\/losperiodistas.com.mx\/portal\/wp-content\/uploads\/2024\/10\/Captura-de-pantalla-2024-10-04-155315-300x169.png 300w, https:\/\/losperiodistas.com.mx\/portal\/wp-content\/uploads\/2024\/10\/Captura-de-pantalla-2024-10-04-155315-768x433.png 768w, https:\/\/losperiodistas.com.mx\/portal\/wp-content\/uploads\/2024\/10\/Captura-de-pantalla-2024-10-04-155315.png 1336w\" sizes=\"(max-width: 1024px) 100vw, 1024px\" \/><figcaption class=\"wp-element-caption\">Sheinb\u00e1umetro: seguimiento a las promesas de la presidenta de M\u00e9xico<\/figcaption><\/figure>\n\n\n\n<p class=\"has-vivid-red-color has-text-color has-link-color wp-elements-bf69251e34e8544406f803c7398f372b\">Leslie Orozco \/ Verificado<\/p>\n\n\n\n<p>Durante su toma de protesta como presidenta electa, <strong>Claudia Sheinbaum Pardo<\/strong> mencion\u00f3 que, al igual que el expresidente Andr\u00e9s Manuel L\u00f3pez Obrador, tendr\u00e1 <a href=\"https:\/\/claudiasheinbaumpardo.mx\/wp-content\/uploads\/2024\/03\/CSP100.pdf\" target=\"_blank\" rel=\"noreferrer noopener\">100 compromisos<\/a> para su sexenio. Estos incluyen diferentes propuestas, indicadores, iniciativas para programas sociales, metas y seguimientos de proyectos de la administraci\u00f3n anterior.<\/p>\n\n\n\n<blockquote class=\"wp-block-quote has-text-align-right has-medium-font-size is-layout-flow wp-block-quote-is-layout-flow\">\n<p>\u00abPido un poco de su paciencia. As\u00ed como lo hizo Andr\u00e9s Manuel L\u00f3pez Obrador, quiero hacer con ustedes los 100 puntos de compromiso de los pr\u00f3ximos seis a\u00f1os del Segundo Piso de la Cuarta Transformaci\u00f3n\u00bb, mencion\u00f3 Sheinbaum en la Plaza de la Constituci\u00f3n.<\/p>\n<\/blockquote>\n\n\n\n<h2 class=\"wp-block-heading\"><strong>El Sheinb\u00e1umetro<\/strong><\/h2>\n\n\n\n<p>En\u00a0<strong><a href=\"https:\/\/verificado.com.mx\/verificado-toma-protesta-claudia-sheinbaum\/\">Verificado<\/a><\/strong>, presentan <strong>El Sheinb\u00e1umetro<\/strong>; una herramienta para visualizar los 100 compromisos de la presidenta y su avance o inacci\u00f3n.<\/p>\n\n\n\n<p>Para esto, utilizaremos cuatro categor\u00edas para hablar sobre el est\u00e1tus de los compromisos:<\/p>\n\n\n\n<ul class=\"wp-block-list\">\n<li><strong>No iniciado \/ Sin datos (Gris)<\/strong><\/li>\n\n\n\n<li><strong>En proceso (Amarillo)<\/strong><\/li>\n\n\n\n<li><strong>Cumplido (Verde)\u00a0<\/strong><\/li>\n\n\n\n<li><strong>Incumplido (Rojo)<\/strong><\/li>\n<\/ul>\n\n\n\n<figure class=\"wp-block-image size-large\"><img decoding=\"async\" width=\"1024\" height=\"536\" src=\"https:\/\/losperiodistas.com.mx\/portal\/wp-content\/uploads\/2024\/10\/Captura-de-pantalla-2024-10-04-155845-1024x536.png\" alt=\"\" class=\"wp-image-87094\" srcset=\"https:\/\/losperiodistas.com.mx\/portal\/wp-content\/uploads\/2024\/10\/Captura-de-pantalla-2024-10-04-155845-1024x536.png 1024w, https:\/\/losperiodistas.com.mx\/portal\/wp-content\/uploads\/2024\/10\/Captura-de-pantalla-2024-10-04-155845-300x157.png 300w, https:\/\/losperiodistas.com.mx\/portal\/wp-content\/uploads\/2024\/10\/Captura-de-pantalla-2024-10-04-155845-768x402.png 768w, https:\/\/losperiodistas.com.mx\/portal\/wp-content\/uploads\/2024\/10\/Captura-de-pantalla-2024-10-04-155845.png 1325w\" sizes=\"(max-width: 1024px) 100vw, 1024px\" \/><\/figure>\n\n\n\n<p>En este espacio se podr\u00e1n visualizar los compromisos en forma de tarjetas interactivas, separadas por las categor\u00edas de: <strong>Derechos Humanos, Econom\u00eda, Educaci\u00f3n, Gobierno, Infraestructura, Legislaci\u00f3n, Programas sociales, Salud y Seguridad<\/strong>.<\/p>\n\n\n\n<p>Para interactuar con estos elementos, se recomenda dar clic sobre los recuadros, no olvides que este ejercicio lo constru\u00edmos entre todos y todas, as\u00ed que si encuentras alg\u00fan avance, env\u00eda la informaci\u00f3n a <a href=\"mailto:contacto@verificado.com.mx\">contacto@verificado.com.mx\u00a0<\/a><\/p>\n\n\n\n<h3 class=\"wp-block-heading\"><strong>Derechos Humanos<\/strong><\/h3>\n\n\n\n<p>Los principales compromisos de la presidenta en relaci\u00f3n a la protecci\u00f3n de los derechos humanos como la libertad de expresi\u00f3n, acceso a la salud, derecho al trabajo, acceso a la cultura, entre otros.<\/p>\n\n\n\n<figure class=\"wp-block-image size-large\"><img decoding=\"async\" width=\"792\" height=\"343\" src=\"https:\/\/losperiodistas.com.mx\/portal\/wp-content\/uploads\/2024\/10\/Captura-de-pantalla-2024-10-04-160359.png\" alt=\"\" class=\"wp-image-87095\" srcset=\"https:\/\/losperiodistas.com.mx\/portal\/wp-content\/uploads\/2024\/10\/Captura-de-pantalla-2024-10-04-160359.png 792w, https:\/\/losperiodistas.com.mx\/portal\/wp-content\/uploads\/2024\/10\/Captura-de-pantalla-2024-10-04-160359-300x130.png 300w, https:\/\/losperiodistas.com.mx\/portal\/wp-content\/uploads\/2024\/10\/Captura-de-pantalla-2024-10-04-160359-768x333.png 768w\" sizes=\"(max-width: 792px) 100vw, 792px\" \/><\/figure>\n\n\n\n<figure class=\"wp-block-image size-large\"><img loading=\"lazy\" decoding=\"async\" width=\"797\" height=\"347\" src=\"https:\/\/losperiodistas.com.mx\/portal\/wp-content\/uploads\/2024\/10\/Captura-de-pantalla-2024-10-04-160429.png\" alt=\"\" class=\"wp-image-87097\" srcset=\"https:\/\/losperiodistas.com.mx\/portal\/wp-content\/uploads\/2024\/10\/Captura-de-pantalla-2024-10-04-160429.png 797w, https:\/\/losperiodistas.com.mx\/portal\/wp-content\/uploads\/2024\/10\/Captura-de-pantalla-2024-10-04-160429-300x131.png 300w, https:\/\/losperiodistas.com.mx\/portal\/wp-content\/uploads\/2024\/10\/Captura-de-pantalla-2024-10-04-160429-768x334.png 768w\" sizes=\"(max-width: 797px) 100vw, 797px\" \/><\/figure>\n\n\n\n<figure class=\"wp-block-image size-large\"><img loading=\"lazy\" decoding=\"async\" width=\"260\" height=\"347\" src=\"https:\/\/losperiodistas.com.mx\/portal\/wp-content\/uploads\/2024\/10\/Captura-de-pantalla-2024-10-04-160444.png\" alt=\"\" class=\"wp-image-87096\" srcset=\"https:\/\/losperiodistas.com.mx\/portal\/wp-content\/uploads\/2024\/10\/Captura-de-pantalla-2024-10-04-160444.png 260w, https:\/\/losperiodistas.com.mx\/portal\/wp-content\/uploads\/2024\/10\/Captura-de-pantalla-2024-10-04-160444-225x300.png 225w\" sizes=\"(max-width: 260px) 100vw, 260px\" \/><\/figure>\n\n\n\n<h3 class=\"wp-block-heading\"><strong>Econom\u00eda<\/strong><\/h3>\n\n\n\n<p>Dentro de los compromisos m\u00e1s relevantes de la actual administraci\u00f3n se encuentra el combate a la evasi\u00f3n fiscal, el fortalecimiento al Banco del Bienestar, hacer accesible la canasta b\u00e1sica, etc.<\/p>\n\n\n\n<figure class=\"wp-block-image size-full\"><img loading=\"lazy\" decoding=\"async\" width=\"801\" height=\"347\" src=\"https:\/\/losperiodistas.com.mx\/portal\/wp-content\/uploads\/2024\/10\/Captura-de-pantalla-2024-10-04-161059.png\" alt=\"\" class=\"wp-image-87099\" srcset=\"https:\/\/losperiodistas.com.mx\/portal\/wp-content\/uploads\/2024\/10\/Captura-de-pantalla-2024-10-04-161059.png 801w, https:\/\/losperiodistas.com.mx\/portal\/wp-content\/uploads\/2024\/10\/Captura-de-pantalla-2024-10-04-161059-300x130.png 300w, https:\/\/losperiodistas.com.mx\/portal\/wp-content\/uploads\/2024\/10\/Captura-de-pantalla-2024-10-04-161059-768x333.png 768w\" sizes=\"(max-width: 801px) 100vw, 801px\" \/><\/figure>\n\n\n\n<figure class=\"wp-block-image size-full\"><img loading=\"lazy\" decoding=\"async\" width=\"800\" height=\"346\" src=\"https:\/\/losperiodistas.com.mx\/portal\/wp-content\/uploads\/2024\/10\/Captura-de-pantalla-2024-10-04-162015.png\" alt=\"\" class=\"wp-image-87100\" srcset=\"https:\/\/losperiodistas.com.mx\/portal\/wp-content\/uploads\/2024\/10\/Captura-de-pantalla-2024-10-04-162015.png 800w, https:\/\/losperiodistas.com.mx\/portal\/wp-content\/uploads\/2024\/10\/Captura-de-pantalla-2024-10-04-162015-300x130.png 300w, https:\/\/losperiodistas.com.mx\/portal\/wp-content\/uploads\/2024\/10\/Captura-de-pantalla-2024-10-04-162015-768x332.png 768w\" sizes=\"(max-width: 800px) 100vw, 800px\" \/><\/figure>\n\n\n\n<h3 class=\"wp-block-heading\"><strong>Educaci\u00f3n<\/strong><\/h3>\n\n\n\n<p>Para la educaci\u00f3n se planea realizar cambios en el proceso de asignaci\u00f3n de plazas, creaci\u00f3n de universidades p\u00fablicas, modificaciones a los horarios escolares, otorgar becas y promover la lectura, entre otros.<\/p>\n\n\n\n<figure class=\"wp-block-image size-full\"><img loading=\"lazy\" decoding=\"async\" width=\"800\" height=\"349\" src=\"https:\/\/losperiodistas.com.mx\/portal\/wp-content\/uploads\/2024\/10\/Captura-de-pantalla-2024-10-04-163132.png\" alt=\"\" class=\"wp-image-87101\" srcset=\"https:\/\/losperiodistas.com.mx\/portal\/wp-content\/uploads\/2024\/10\/Captura-de-pantalla-2024-10-04-163132.png 800w, https:\/\/losperiodistas.com.mx\/portal\/wp-content\/uploads\/2024\/10\/Captura-de-pantalla-2024-10-04-163132-300x131.png 300w, https:\/\/losperiodistas.com.mx\/portal\/wp-content\/uploads\/2024\/10\/Captura-de-pantalla-2024-10-04-163132-768x335.png 768w\" sizes=\"(max-width: 800px) 100vw, 800px\" \/><\/figure>\n\n\n\n<figure class=\"wp-block-image size-full\"><img loading=\"lazy\" decoding=\"async\" width=\"799\" height=\"348\" src=\"https:\/\/losperiodistas.com.mx\/portal\/wp-content\/uploads\/2024\/10\/Captura-de-pantalla-2024-10-04-163238.png\" alt=\"\" class=\"wp-image-87104\" srcset=\"https:\/\/losperiodistas.com.mx\/portal\/wp-content\/uploads\/2024\/10\/Captura-de-pantalla-2024-10-04-163238.png 799w, https:\/\/losperiodistas.com.mx\/portal\/wp-content\/uploads\/2024\/10\/Captura-de-pantalla-2024-10-04-163238-300x131.png 300w, https:\/\/losperiodistas.com.mx\/portal\/wp-content\/uploads\/2024\/10\/Captura-de-pantalla-2024-10-04-163238-768x334.png 768w\" sizes=\"(max-width: 799px) 100vw, 799px\" \/><\/figure>\n\n\n\n<figure class=\"wp-block-image size-full\"><img loading=\"lazy\" decoding=\"async\" width=\"530\" height=\"351\" src=\"https:\/\/losperiodistas.com.mx\/portal\/wp-content\/uploads\/2024\/10\/Captura-de-pantalla-2024-10-04-163306.png\" alt=\"\" class=\"wp-image-87105\" srcset=\"https:\/\/losperiodistas.com.mx\/portal\/wp-content\/uploads\/2024\/10\/Captura-de-pantalla-2024-10-04-163306.png 530w, https:\/\/losperiodistas.com.mx\/portal\/wp-content\/uploads\/2024\/10\/Captura-de-pantalla-2024-10-04-163306-300x199.png 300w\" sizes=\"(max-width: 530px) 100vw, 530px\" \/><\/figure>\n\n\n\n<h3 class=\"wp-block-heading\"><strong>Gobierno<\/strong><\/h3>\n\n\n\n<p>Para la gesti\u00f3n gubernamental, se destacan iniciativas como mejoras para el acceso a la vivienda, fortalecimiento de empresas p\u00fablicas, suministro eficiente de servicios, y la digitalizaci\u00f3n de tr\u00e1mites y procesos.<br>. . .<\/p>\n\n\n\n<h3 class=\"wp-block-heading\"><strong>Infraestructura<\/strong><\/h3>\n\n\n\n<p>Lo m\u00e1s destacado de infraestructura son las propuestas de construcci\u00f3n de carreteras, mejoramiento de puertos e incluso lanzamiento de un sat\u00e9lite mexicano para mejorar la conectividad en las comunicaciones.<br>. . .<\/p>\n\n\n\n<h3 class=\"wp-block-heading\"><strong>Legislaci\u00f3n<\/strong><\/h3>\n\n\n\n<p>Respecto a las reformas legislativas, la presidenta planea postular reformas para modificar el INE, garantizar la no relecci\u00f3n en ning\u00fan cargo popular y una iniciativa para penalizar el maltrato a los animales.<br>. . .<\/p>\n\n\n\n<h3 class=\"wp-block-heading\"><strong>Programas sociales<\/strong><\/h3>\n\n\n\n<p>Los principales programas sociales para esta administraci\u00f3n planean enfocarse en la educaci\u00f3n y en las mujeres.<br>. . .<\/p>\n\n\n\n<h3 class=\"wp-block-heading\"><strong>Salud<\/strong><\/h3>\n\n\n\n<p>Para el sistema de salud se prevee el reacondicionamiento de espacios y acceso a tratamientos y medicamentos.<br>. . .<\/p>\n\n\n\n<h3 class=\"wp-block-heading\"><strong>Seguridad<\/strong><\/h3>\n\n\n\n<p>En el tema de seguridad la actual administraci\u00f3n busca fortalecer a las instituciones de seguridad y modificaciones a las defensor\u00edas p\u00fablicas.<br>. . .<\/p>\n\n\n\n<p>Durante el sexenio, verificado nos invita a sumarnos a este seguimiento, en el que actualizar\u00e1n quincenalmente con los datos factuales, el avance de las promesas e ideas que la presidenta present\u00f3 desde su candidatura.<\/p>\n\n\n\n<p>Fuente y datos completos: <a href=\"https:\/\/verificado.com.mx\/sheinbaumetro-100-compromisos-de-la-presidenta\/\" target=\"_blank\" rel=\"noreferrer noopener\">Verificado<\/a><\/p>\n\n\n\n<p><\/p>\n","protected":false},"excerpt":{"rendered":"<p>Conoce El Sheinb\u00e1umetro, una herramienta para seguir el avance y cumplimiento de las promesas de la presidenta de M\u00e9xico.<\/p>\n","protected":false},"author":1,"featured_media":87093,"comment_status":"open","ping_status":"open","sticky":false,"template":"","format":"standard","meta":{"site-sidebar-layout":"default","site-content-layout":"","ast-site-content-layout":"default","site-content-style":"default","site-sidebar-style":"default","ast-global-header-display":"","ast-banner-title-visibility":"","ast-main-header-display":"","ast-hfb-above-header-display":"","ast-hfb-below-header-display":"","ast-hfb-mobile-header-display":"","site-post-title":"","ast-breadcrumbs-content":"","ast-featured-img":"","footer-sml-layout":"","theme-transparent-header-meta":"","adv-header-id-meta":"","stick-header-meta":"","header-above-stick-meta":"","header-main-stick-meta":"","header-below-stick-meta":"","astra-migrate-meta-layouts":"default","ast-page-background-enabled":"default","ast-page-background-meta":{"desktop":{"background-color":"var(--ast-global-color-4)","background-image":"","background-repeat":"repeat","background-position":"center center","background-size":"auto","background-attachment":"scroll","background-type":"","background-media":"","overlay-type":"","overlay-color":"","overlay-opacity":"","overlay-gradient":""},"tablet":{"background-color":"","background-image":"","background-repeat":"repeat","background-position":"center center","background-size":"auto","background-attachment":"scroll","background-type":"","background-media":"","overlay-type":"","overlay-color":"","overlay-opacity":"","overlay-gradient":""},"mobile":{"background-color":"","background-image":"","background-repeat":"repeat","background-position":"center center","background-size":"auto","background-attachment":"scroll","background-type":"","background-media":"","overlay-type":"","overlay-color":"","overlay-opacity":"","overlay-gradient":""}},"ast-content-background-meta":{"desktop":{"background-color":"var(--ast-global-color-5)","background-image":"","background-repeat":"repeat","background-position":"center center","background-size":"auto","background-attachment":"scroll","background-type":"","background-media":"","overlay-type":"","overlay-color":"","overlay-opacity":"","overlay-gradient":""},"tablet":{"background-color":"var(--ast-global-color-5)","background-image":"","background-repeat":"repeat","background-position":"center center","background-size":"auto","background-attachment":"scroll","background-type":"","background-media":"","overlay-type":"","overlay-color":"","overlay-opacity":"","overlay-gradient":""},"mobile":{"background-color":"var(--ast-global-color-5)","background-image":"","background-repeat":"repeat","background-position":"center center","background-size":"auto","background-attachment":"scroll","background-type":"","background-media":"","overlay-type":"","overlay-color":"","overlay-opacity":"","overlay-gradient":""}},"footnotes":""},"categories":[8],"tags":[1505,31172,31171,31170],"class_list":["post-87092","post","type-post","status-publish","format-standard","has-post-thumbnail","hentry","category-noticias","tag-claudia-sheinbaum","tag-compromisos-de-la-presidenta","tag-medicion-de-avance-de-compromisos","tag-sheinbaumetro"],"_links":{"self":[{"href":"https:\/\/losperiodistas.com.mx\/portal\/wp-json\/wp\/v2\/posts\/87092","targetHints":{"allow":["GET"]}}],"collection":[{"href":"https:\/\/losperiodistas.com.mx\/portal\/wp-json\/wp\/v2\/posts"}],"about":[{"href":"https:\/\/losperiodistas.com.mx\/portal\/wp-json\/wp\/v2\/types\/post"}],"author":[{"embeddable":true,"href":"https:\/\/losperiodistas.com.mx\/portal\/wp-json\/wp\/v2\/users\/1"}],"replies":[{"embeddable":true,"href":"https:\/\/losperiodistas.com.mx\/portal\/wp-json\/wp\/v2\/comments?post=87092"}],"version-history":[{"count":1,"href":"https:\/\/losperiodistas.com.mx\/portal\/wp-json\/wp\/v2\/posts\/87092\/revisions"}],"predecessor-version":[{"id":87106,"href":"https:\/\/losperiodistas.com.mx\/portal\/wp-json\/wp\/v2\/posts\/87092\/revisions\/87106"}],"wp:featuredmedia":[{"embeddable":true,"href":"https:\/\/losperiodistas.com.mx\/portal\/wp-json\/wp\/v2\/media\/87093"}],"wp:attachment":[{"href":"https:\/\/losperiodistas.com.mx\/portal\/wp-json\/wp\/v2\/media?parent=87092"}],"wp:term":[{"taxonomy":"category","embeddable":true,"href":"https:\/\/losperiodistas.com.mx\/portal\/wp-json\/wp\/v2\/categories?post=87092"},{"taxonomy":"post_tag","embeddable":true,"href":"https:\/\/losperiodistas.com.mx\/portal\/wp-json\/wp\/v2\/tags?post=87092"}],"curies":[{"name":"wp","href":"https:\/\/api.w.org\/{rel}","templated":true}]}}