{"id":8692,"date":"2021-06-02T08:44:58","date_gmt":"2021-06-02T13:44:58","guid":{"rendered":"http:\/\/losperiodistas.com.mx\/portal\/?p=8692"},"modified":"2021-06-02T08:45:00","modified_gmt":"2021-06-02T13:45:00","slug":"esta-el-mundo-entrando-en-una-nueva-fase-del-capitalismo-bbc","status":"publish","type":"post","link":"https:\/\/losperiodistas.com.mx\/portal\/esta-el-mundo-entrando-en-una-nueva-fase-del-capitalismo-bbc\/","title":{"rendered":"\u00bfEst\u00e1 el mundo entrando en una nueva fase del capitalismo? | BBC"},"content":{"rendered":"\n<p><\/p>\n\n\n\n<p style=\"font-size:18px\"><em>Hace casi 250 a\u00f1os, el economista y fil\u00f3sofo Adam Smith escribi\u00f3 \u00abLa riqueza de las naciones\u00bb, donde describi\u00f3 el nacimiento de una nueva forma de actividad humana: el capitalismo industrial.<\/em><\/p>\n\n\n\n<figure class=\"wp-block-image size-large\"><img fetchpriority=\"high\" decoding=\"async\" width=\"1024\" height=\"576\" src=\"https:\/\/losperiodistas.com.mx\/portal\/wp-content\/uploads\/2021\/06\/Captura-de-Pantalla-2021-06-02-a-las-8.40.25-1024x576.jpg\" alt=\"\" class=\"wp-image-8693\" srcset=\"https:\/\/losperiodistas.com.mx\/portal\/wp-content\/uploads\/2021\/06\/Captura-de-Pantalla-2021-06-02-a-las-8.40.25-1024x576.jpg 1024w, https:\/\/losperiodistas.com.mx\/portal\/wp-content\/uploads\/2021\/06\/Captura-de-Pantalla-2021-06-02-a-las-8.40.25-300x169.jpg 300w, https:\/\/losperiodistas.com.mx\/portal\/wp-content\/uploads\/2021\/06\/Captura-de-Pantalla-2021-06-02-a-las-8.40.25-768x432.jpg 768w, https:\/\/losperiodistas.com.mx\/portal\/wp-content\/uploads\/2021\/06\/Captura-de-Pantalla-2021-06-02-a-las-8.40.25.jpg 1284w\" sizes=\"(max-width: 1024px) 100vw, 1024px\" \/><\/figure>\n\n\n\n<p class=\"has-vivid-cyan-blue-color has-text-color has-medium-font-size\">MATTHEW WILBURN KING* \/ BBC FUTURE<\/p>\n\n\n\n<p>Este conducir\u00eda a la acumulaci\u00f3n de riqueza m\u00e1s all\u00e1 de lo que \u00e9l y sus contempor\u00e1neos podr\u00edan haber imaginado.<\/p>\n\n\n\n<p>El capitalismo impuls\u00f3 las revoluciones industrial, tecnol\u00f3gica y verde, remodel\u00f3 el mundo natural y&nbsp;<strong>transform\u00f3 el papel del Estado<\/strong>&nbsp;en relaci\u00f3n con la sociedad.<\/p>\n\n\n\n<p>Sac\u00f3 a innumerables personas de la pobreza durante los \u00faltimos dos siglos, aument\u00f3 significativamente el nivel de vida y llev\u00f3 al desarrollo de innovaciones que mejoraron radicalmente el bienestar humano, adem\u00e1s de hacer posible ir a la Luna y leer este art\u00edculo en internet.<\/p>\n\n\n\n<p>Sin embargo, su historia no es completamente positiva.<\/p>\n\n\n\n<p>En los \u00faltimos a\u00f1os,&nbsp;<strong>las deficiencias del capitalismo se han vuelto cada vez m\u00e1s evidentes.<\/strong><\/p>\n\n\n\n<p>Dar prioridad a las ganancias a corto plazo para las personas signific\u00f3 en ocasiones que el bienestar a largo plazo de la sociedad y del medio ambiente se haya perdido, especialmente en momentos cuando el mundo se enfrenta a la pandemia de la covid-19 y al cambio clim\u00e1tico.<\/p>\n\n\n\n<ul class=\"wp-block-list\"><li><a href=\"https:\/\/www.bbc.com\/mundo\/noticias-internacional-52516855\">Coronavirus | \u00abLa alternativa para los pr\u00f3ximos 20 a\u00f1os es una forma sostenible de capitalismo. Seguir\u00e1 siendo capitalismo, pero no se ver\u00e1 como tal\u00bb<\/a><\/li><\/ul>\n\n\n\n<p>Y como lo demostraron el malestar pol\u00edtico y la polarizaci\u00f3n en todo el mundo, hay crecientes signos de descontento con el&nbsp;<em>statu quo.<\/em><\/p>\n\n\n\n<figure class=\"wp-block-image\"><img decoding=\"async\" src=\"https:\/\/ichef.bbci.co.uk\/news\/640\/cpsprodpb\/9FDA\/production\/_118722904_capitalismo01.jpg\" alt=\"Un hombre camina frente a un tablero de cotizaciones.\"\/><\/figure>\n\n\n\n<p>En una encuesta de 2020 realizada por la firma de marketing y relaciones p\u00fablicas Edelman, el 57% de las personas en todo el mundo dijo que \u00abel&nbsp;<strong>capitalismo tal como existe hoy hace m\u00e1s da\u00f1o que bien<\/strong>&nbsp;en el mundo\u00bb.<\/p>\n\n\n\n<p>De hecho, si se juzga por medidas como la desigualdad y el da\u00f1o ambiental, \u00abel desempe\u00f1o del capitalismo occidental en las \u00faltimas d\u00e9cadas ha sido profundamente problem\u00e1tico\u00bb, escribieron recientemente los economistas Michael Jacobs y Mariana Mazzucato en el libro \u00abRethinking Capitalism\u00bb (\u00abRepensar el capitalismo\u00bb).<\/p>\n\n\n\n<p>Sin embargo, eso no significa que no haya soluciones. \u00abEl capitalismo occidental no est\u00e1 irremediablemente destinado al fracaso, pero es necesario repensarlo\u00bb, argumentan Jacobs y Mazzucato.<\/p>\n\n\n\n<p>Entonces, \u00bfseguir\u00e1 el capitalismo tal como lo conocemos en su forma actua<strong>l o podr\u00eda tener otro futuro por delante?<\/strong><\/p>\n\n\n\n<h2 class=\"wp-block-heading\" id=\"Enfoque-en-el-individuo\">Enfoque en el individuo<\/h2>\n\n\n\n<p>El capitalismo gener\u00f3 miles de libros y millones de palabras, por lo que ser\u00eda imposible explorar todas sus facetas.<\/p>\n\n\n\n<p>Dicho esto, podemos comenzar a comprender hacia d\u00f3nde se dirigir\u00e1 el capitalismo en el futuro explorando d\u00f3nde comenz\u00f3. Esto nos dice que el capitalismo&nbsp;<strong>no siempre funcion\u00f3 como lo hace hoy<\/strong>, especialmente en Occidente.<\/p>\n\n\n\n<p>Entre los siglos IX y XV, las monarqu\u00edas autocr\u00e1ticas y las jerarqu\u00edas eclesi\u00e1sticas dominaron la sociedad occidental.<\/p>\n\n\n\n<p>Estos sistemas comenzaron a desmoronarse a medida que la gente afirmaba cada vez m\u00e1s su derecho a la libertad individual.<\/p>\n\n\n\n<p>Este impulso por un mayor enfoque en el individuo favoreci\u00f3 al&nbsp;<strong>capitalismo como sistema econ\u00f3mico debido a la flexibilidad que permit\u00eda<\/strong>&nbsp;para los derechos de propiedad privada, la elecci\u00f3n personal, el esp\u00edritu empresarial y la innovaci\u00f3n.<\/p>\n\n\n\n<p>Tambi\u00e9n favoreci\u00f3 la democracia como sistema de gobierno por su enfoque en la libertad pol\u00edtica individual.<\/p>\n\n\n\n<figure class=\"wp-block-image\"><img decoding=\"async\" src=\"https:\/\/ichef.bbci.co.uk\/news\/640\/cpsprodpb\/2E92\/production\/_118722911_capitalismo02.jpg\" alt=\"Ilustraci\u00f3n de la &quot;Gran Exposici\u00f3n de las obras de la industria de todas las naciones&quot; de 1851.\"\/><figcaption>Pie de foto,En 1851, Londres fue sede la \u00abGran Exposici\u00f3n de las obras de la industria de todas las naciones\u00bb.<\/figcaption><\/figure>\n\n\n\n<p>El cambio hacia una mayor libertad individual cambi\u00f3 el contrato social.<\/p>\n\n\n\n<p>Anteriormente, quienes estaban en el poder proporcionaban muchos recursos (tierra, alimentos y protecci\u00f3n) a cambio de importantes contribuciones de los ciudadanos (por ejemplo, desde trabajo esclavo hasta trabajo duro con poca paga, altos impuestos y lealtad incondicional).<\/p>\n\n\n\n<p>Con el capitalismo, la gente esperaba menos de las autoridades gobernantes, a cambio de mayores libertades civiles, incluida la libertad individual, pol\u00edtica y econ\u00f3mica.<\/p>\n\n\n\n<p>Pero&nbsp;<strong>el capitalismo evolucionar\u00eda<\/strong>&nbsp;significativamente durante los siglos siguientes y, especialmente, durante la segunda mitad del siglo XX.<\/p>\n\n\n\n<p>Despu\u00e9s de la Segunda Guerra Mundial, se fund\u00f3 la Sociedad Mont Pelerin, un grupo de expertos en pol\u00edtica econ\u00f3mica, con el objetivo de abordar los desaf\u00edos que enfrentaba Occidente.<\/p>\n\n\n\n<p>Su enfoque espec\u00edfico fue la defensa de los valores pol\u00edticos de una sociedad abierta, el estado de derecho, la libertad de expresi\u00f3n y las pol\u00edticas econ\u00f3micas de libre mercado, aspectos centrales del liberalismo cl\u00e1sico.<\/p>\n\n\n\n<p>Con el tiempo, sus ideas dieron lugar a la escuela macroecon\u00f3mica de la&nbsp;<strong>\u00abeconom\u00eda de la oferta\u00bb.<\/strong><\/p>\n\n\n\n<p>Esta se basaba en la creencia de que impuestos m\u00e1s bajos y una regulaci\u00f3n m\u00ednima del libre mercado conducir\u00edan a un mayor crecimiento econ\u00f3mico y, por lo tanto, a mejores condiciones de vida para todos.<\/p>\n\n\n\n<p>En la d\u00e9cada de 1980, junto con el surgimiento del neoliberalismo pol\u00edtico, la econom\u00eda de la oferta se convirti\u00f3 en una prioridad para Estados Unidos y muchos gobiernos europeos.<\/p>\n\n\n\n<p>Esta nueva<strong>&nbsp;cepa del capitalismo<\/strong>&nbsp;llev\u00f3 a un mayor crecimiento econ\u00f3mico en todo el mundo, al tiempo que sac\u00f3 a un n\u00famero sustancial de personas de la pobreza absoluta.<\/p>\n\n\n\n<p>Pero, al mismo tiempo, sus cr\u00edticos argumentan que sus principios de reducci\u00f3n de impuestos y desregulaci\u00f3n empresarial hicieron poco para apoyar la inversi\u00f3n pol\u00edtica en servicios p\u00fablicos, hacer frente al desmoronamiento de la infraestructura p\u00fablica, la mejora de la educaci\u00f3n y la mitigaci\u00f3n de los riesgos para la salud.<\/p>\n\n\n\n<h2 class=\"wp-block-heading\" id=\"Desigualdad\">Desigualdad<\/h2>\n\n\n\n<p>Quiz\u00e1s lo m\u00e1s significativo es que en muchas naciones desarrolladas el capitalismo de finales del siglo XX contribuy\u00f3 a una<strong>&nbsp;brecha significativa entre la riqueza de las personas m\u00e1s ricas y las m\u00e1s pobres<\/strong>, seg\u00fan lo mide el \u00cdndice de Gini.<\/p>\n\n\n\n<figure class=\"wp-block-image\"><img decoding=\"async\" src=\"https:\/\/ichef.bbci.co.uk\/news\/640\/cpsprodpb\/8C52\/production\/_118722953_gettyimages-1320554159.jpg\" alt=\"&quot;Que pena incomodar a los acomodados&quot;, dice el cartel que sostiene un manifestante en las protestas que irrumpieron en mayo en Colombia.\"\/><\/figure>\n\n\n\n<p>En algunos pa\u00edses, esa brecha es cada vez mayor. Es particularmente duro en Estados Unidos, donde las personas m\u00e1s pobres no han visto un crecimiento real de ingresos&nbsp;<strong>desde 1980<\/strong>, mientras que los ingresos de los ultrarricos crecieron en alrededor de un 6% por a\u00f1o.<\/p>\n\n\n\n<p>Casi todos los multimillonarios m\u00e1s ricos del mundo residen en EE.UU. y amasaron fortunas asombrosas, mientras que, al mismo tiempo, el ingreso medio de los hogares en ese pa\u00eds aument\u00f3 modestamente desde inicios del presente siglo.<\/p>\n\n\n\n<p>La brecha de desigualdad<strong>&nbsp;puede importar m\u00e1s de lo que a algunos pol\u00edticos y l\u00edderes corporativos les gustar\u00eda creer.<\/strong><\/p>\n\n\n\n<p>El capitalismo puede haber sacado a millones de personas en todo el mundo de la pobreza absoluta, pero la desigualdad puede ser corrosiva dentro de una sociedad, dice Denise Stanley, profesora de Econom\u00eda en la Universidad Estatal de California en Fullerton.<\/p>\n\n\n\n<p>\u00abLa pobreza absoluta es b\u00e1sicamente que las personas puedan obtener&#8230; US$4 por d\u00eda por persona. Es una medida de umbral\u00bb, explica, pero advierte que&nbsp;<strong>la pobreza relativa puede desequilibrar una sociedad a largo plazo.<\/strong><\/p>\n\n\n\n<p>Incluso si la econom\u00eda est\u00e1 creciendo, la desigualdad de ingresos y el estancamiento de los salarios pueden hacer que las personas se sientan menos seguras a medida que disminuye su posici\u00f3n relativa en la econom\u00eda.<\/p>\n\n\n\n<p>Los economistas del comportamiento demostraron que \u00abnuestro estatus en comparaci\u00f3n con otras personas, nuestra felicidad, deriva m\u00e1s de medidas relativas y de distribuci\u00f3n que de medidas absolutas. Si eso es cierto, entonces el capitalismo tiene un problema\u00bb, dice Stanley.<\/p>\n\n\n\n<p>Como resultado del aumento de la desigualdad, \u00abla gente tiene menos confianza en las instituciones y experimenta una sensaci\u00f3n de injusticia\u00bb, seg\u00fan el informe Edelman.<\/p>\n\n\n\n<figure class=\"wp-block-image\"><img decoding=\"async\" src=\"https:\/\/ichef.bbci.co.uk\/news\/640\/cpsprodpb\/DA72\/production\/_118722955_capitalismo03.jpg\" alt=\"Contraste entre un barrio rico y un barrio pobre.\"\/><\/figure>\n\n\n\n<p>Pero el impacto en la vida de las personas puede ser m\u00e1s profundo.&nbsp;<strong>El capitalismo en su forma actual est\u00e1 destruyendo la vida de muchas personas de la clase trabajadora<\/strong>, argumentan los economistas Anne Case y Angus Deaton en su libro \u00abDeaths of Despair and the Future of Capitalism\u00bb (\u00abMuertes desesperadas y el futuro del capitalismo\u00bb).<\/p>\n\n\n\n<p>Durante \u00ablas \u00faltimas dos d\u00e9cadas, las muertes por desesperaci\u00f3n por suicidio, sobredosis de drogas y alcoholismo aumentaron dram\u00e1ticamente y ahora se cobran cientos de miles de vidas estadounidenses cada a\u00f1o\u00bb, escriben.<\/p>\n\n\n\n<p>La crisis financiera de 2007-2008 agrav\u00f3 estos problemas.&nbsp;<strong>La crisis fue provocada por una desregulaci\u00f3n excesiva<\/strong>&nbsp;y golpe\u00f3 especialmente a la clase trabajadora en los pa\u00edses desarrollados.<\/p>\n\n\n\n<p>Los subsiguientes rescates de los grandes bancos generaron resentimiento y \u00abayudaron a impulsar el surgimiento de la&#8230; pol\u00edtica polarizada que hemos visto durante la \u00faltima d\u00e9cada\u00bb, seg\u00fan Richard Cordray, primer director de la Oficina de Protecci\u00f3n Financiera del Consumidor de EE.UU. (CFPB) y autor de \u00abWatchdog: How Protecting Consumers Can Save Our Families, Our Economy, and Our Democracy\u00bb (\u00abDefensor del consumidor: C\u00f3mo proteger a los consumidores puede salvar a nuestras familias, nuestra econom\u00eda y nuestra democracia\u00bb).<\/p>\n\n\n\n<h2 class=\"wp-block-heading\" id=\"Protestas-anticapitalistas\">Protestas anticapitalistas<\/h2>\n\n\n\n<p>Las democracias liberales pueden estar ahora en un punto de inflexi\u00f3n, donde&nbsp;<strong>los ciudadanos cuestionan las normas capitalistas de hoy&nbsp;<\/strong>con mayor intensidad pol\u00edtica en todo el mundo.<\/p>\n\n\n\n<p>J. Patrice McSherry, profesora de ciencias pol\u00edticas en la Universidad de Long Island en Nueva York, observ\u00f3 este cambio en Chile, por ejemplo.<\/p>\n\n\n\n<p>\u00abLa movilizaci\u00f3n social comenz\u00f3 con un aumento en las tarifas del metro en octubre de 2019, lo que provoc\u00f3 protestas de base amplia que convocaron a m\u00e1s de un mill\u00f3n de personas en manifestaciones\u00bb, dice.<\/p>\n\n\n\n<p>\u00abEl movimiento social expuso las profundas fuentes del descontento en Chile: l<strong>a desigualdad arraigada y creciente<\/strong>, el costo de vida en constante aumento y la privatizaci\u00f3n extrema en uno de los estados m\u00e1s neoliberales del mundo\u00bb.<\/p>\n\n\n\n<p>Esas quejas se remontan a finales del siglo XX, cuando el gobierno autoritario de Chile introdujo reformas constitucionales que \u00abinstitucionalizaron la dominaci\u00f3n econ\u00f3mica y pol\u00edtica del gobierno de facto y consagraron un marco neoliberal que borr\u00f3 el papel del Estado en las \u00e1reas sociales y econ\u00f3micas. Restringi\u00f3 la participaci\u00f3n pol\u00edtica, dio a la derecha (pol\u00edtica) un poder desproporcionado e instal\u00f3 un papel tutelar para las fuerzas armadas\u00bb, escribe McSherry en un art\u00edculo para el Congreso de Am\u00e9rica del Norte sobre Am\u00e9rica Latina, una organizaci\u00f3n sin fines de lucro que rastrea las tendencias en la regi\u00f3n.<\/p>\n\n\n\n<figure class=\"wp-block-image\"><img decoding=\"async\" src=\"https:\/\/ichef.bbci.co.uk\/news\/640\/cpsprodpb\/12892\/production\/_118722957_capitalismo04.jpg\" alt=\"Mujeres vestidas con un chaleco amarillo organizan una protesta en Francia.\"\/><\/figure>\n\n\n\n<p>De manera similar, el movimiento de los chalecos amarillos que comenz\u00f3 en Francia en 2018 se centr\u00f3 inicialmente en el aumento del costo del combustible, pero se ampli\u00f3 r\u00e1pidamente<strong>&nbsp;para incluir quejas similares a las de Chile,<\/strong>&nbsp;el costo de vida, la creciente desigualdad y una demanda para que el gobierno deje de ignorar las necesidades de los ciudadanos.<\/p>\n\n\n\n<p>Y en EE.UU., el movimiento pol\u00edtico que gener\u00f3 el trumpismo est\u00e1 posiblemente impulsado por la desigualdad econ\u00f3mica tanto como por la ideolog\u00eda.<\/p>\n\n\n\n<p>El gobierno de Trump obtuvo un amplio apoyo pol\u00edtico para sus enfoques m\u00e1s cerrados del comercio mundial, incluida la retirada del Acuerdo Transpac\u00edfico de Cooperaci\u00f3n Econ\u00f3mica y los aranceles de represalia sobre los bienes y servicios chinos, indios, brasile\u00f1os y argentinos importados a Estados Unidos.<\/p>\n\n\n\n<p>Incluso los aliados de Estados Unidos fueron el objetivo de esta agenda, incluidos Europa, Canad\u00e1 y M\u00e9xico.<\/p>\n\n\n\n<p>Si bien una respuesta a las desventajas del capitalismo en su forma actual es que las naciones adopten una postura defensiva, buscando protegerse minimizando los lazos externos, el proteccionismo&nbsp;<strong>\u00abes miope, particularmente en lo que respecta al comercio\u00bb<\/strong>, seg\u00fan Anahita Thoms, Jefe de la Pr\u00e1ctica de Comercio Internacional de Baker McKenzie en Alemania y Joven L\u00edder Global del Foro Econ\u00f3mico Mundial.<\/p>\n\n\n\n<p>\u00abSi bien puede traer algunos beneficios temporales, a largo plazo pone en peligro la econom\u00eda global en su conjunto y amenaza con deshacer d\u00e9cadas de progreso econ\u00f3mico. Es crucial mantener mercados abiertos favorables a la inversi\u00f3n\u00bb, dice Thoms.<\/p>\n\n\n\n<p>Un desaf\u00edo central para los gobiernos en el siglo XXI ser\u00e1 encontrar&nbsp;<strong>la manera de equilibrar estos beneficios a largo plazo del comercio mundial con los da\u00f1os a corto plazo<\/strong>&nbsp;que la globalizaci\u00f3n puede traer a las comunidades locales afectadas por los bajos salarios o el desempleo.<\/p>\n\n\n\n<p>Las econom\u00edas no pueden divorciarse por completo de las demandas de las mayor\u00edas democr\u00e1ticas que buscan trabajo, vivienda asequible, educaci\u00f3n, atenci\u00f3n m\u00e9dica y un medio ambiente limpio.<\/p>\n\n\n\n<figure class=\"wp-block-image\"><img decoding=\"async\" src=\"https:\/\/ichef.bbci.co.uk\/news\/640\/cpsprodpb\/176B2\/production\/_118722959_gettyimages-1229158461.jpg\" alt=\"Un manifestante sostiene una bandera chilena con la frase &quot;Chile despert\u00f3&quot;.\"\/><\/figure>\n\n\n\n<p>Como muestran los movimientos chileno, chaleco amarillo y trumpista, mucha gente est\u00e1 pidiendo un cambio en el sistema existente para que d\u00e9 cuenta de estas necesidades, en lugar de solo enriquecer los intereses privados.<\/p>\n\n\n\n<p>En resumen, puede que sea hora de reconsiderar el contrato social para el capitalismo, de modo&nbsp;<strong>que se vuelva m\u00e1s inclusivo<\/strong>&nbsp;de un conjunto m\u00e1s amplio de intereses m\u00e1s all\u00e1 de los derechos y libertades individuales.<\/p>\n\n\n\n<p>Esto no es imposible. El capitalismo ha evolucionado antes y, si va a continuar en el futuro a largo plazo, puede volver a evolucionar.<\/p>\n\n\n\n<h2 class=\"wp-block-heading\" id=\"El-futuro-del-capitalismo\">El futuro del capitalismo<\/h2>\n\n\n\n<p>En los \u00faltimos a\u00f1os surgieron diversas ideas y propuestas que apuntan a reescribir el contrato social del capitalismo.<\/p>\n\n\n\n<p>Lo que tienen en com\u00fan es la idea de que las empresas necesitan medidas de \u00e9xito m\u00e1s variadas que simplemente las ganancias y el crecimiento.<\/p>\n\n\n\n<p>En los negocios, existe el&nbsp;<strong>\u00abcapitalismo consciente\u00bb<\/strong>, inspirado en las pr\u00e1cticas de las llamadas marcas \u00ab\u00e9ticas\u00bb.<\/p>\n\n\n\n<p>En pol\u00edtica, hay un&nbsp;<strong>\u00abcapitalismo inclusivo\u00bb<\/strong>, defendido tanto por el Banco de Inglaterra como por el Vaticano, que aboga por aprovechar el \u00abcapitalismo para el bien com\u00fan\u00bb.<\/p>\n\n\n\n<p>Y en la sostenibilidad, est\u00e1 la idea de la&nbsp;<strong>\u00abeconom\u00eda de la dona\u00bb<\/strong>, una teor\u00eda propuesta por la economista y autora Kate Raworth, que sugiere que es posible prosperar econ\u00f3micamente como sociedad y al mismo tiempo permanecer dentro de los l\u00edmites sociales y planetarios.<\/p>\n\n\n\n<ul class=\"wp-block-list\"><li><a href=\"https:\/\/www.bbc.com\/mundo\/noticias-56283169\">Las radicales propuestas de la \u00abeconom\u00eda de la dona\u00bb (y c\u00f3mo quieren transformar el mundo)<\/a><\/li><\/ul>\n\n\n\n<p>Luego est\u00e1 el modelo de&nbsp;<strong>\u00abl<\/strong><strong>o<\/strong><strong>s cinco capitales\u00bb<\/strong>&nbsp;articulado por Jonathan Porritt, el autor de \u00abCapitalism As If The World Matters\u00bb (Capitalismo como si el mundo importara).<\/p>\n\n\n\n<p>Porritt pide la integraci\u00f3n de cinco pilares del capital humano:&nbsp;<strong>natural, humano, social, manufacturado y financiero<\/strong>, en los modelos econ\u00f3micos existentes.<\/p>\n\n\n\n<figure class=\"wp-block-image\"><img decoding=\"async\" src=\"https:\/\/ichef.bbci.co.uk\/news\/640\/cpsprodpb\/421A\/production\/_118722961_capitalismo05.jpg\" alt=\"Rueda gigante\"\/><figcaption>Pie de foto,Es posible que los incentivos incorporados del capitalismo deban expandirse para estar en comuni\u00f3n con la sostenibilidad.<\/figcaption><\/figure>\n\n\n\n<p>Un ejemplo tangible de d\u00f3nde las empresas est\u00e1n comenzando a adoptar \u00ablos cinco capitales\u00bb es el movimiento B-Corporation. Las empresas certificadas se adhieren a la obligaci\u00f3n legal de considerar \u00abel impacto de sus decisiones en sus trabajadores, clientes, proveedores, comunidad y el medio ambiente\u00bb.<\/p>\n\n\n\n<p>Sus filas ahora incluyen grandes corporaciones como Danone, Patagonia y Ben &amp; Jerry&#8217;s (que es propiedad de Unilever).<\/p>\n\n\n\n<p>Este enfoque se ha vuelto cada vez m\u00e1s com\u00fan, reflejado en una declaraci\u00f3n de 2019 publicada por m\u00e1s de 180 directores ejecutivos corporativos que redefinen \u00abel prop\u00f3sito de una corporaci\u00f3n\u00bb.<\/p>\n\n\n\n<p>Por primera vez, directores ejecutivos que representan a Wal-Mart, Apple, JP Morgan Chase, Pepsi y otros reconocieron que deben redefinir el papel de las empresas en relaci\u00f3n con la sociedad y el medio ambiente.<\/p>\n\n\n\n<p>Su declaraci\u00f3n propone que&nbsp;<strong>las empresas deben hacer m\u00e1s que ofrecer beneficios a sus accionistas.<\/strong><\/p>\n\n\n\n<p>Adem\u00e1s, deben invertir en sus empleados y contribuir a la mejora de los elementos humanos, naturales y sociales del capital al que Porritt se refiere en su modelo, en lugar de centrarse \u00fanicamente en el capital financiero.<\/p>\n\n\n\n<p>En una reciente entrevista con Yahoo Finance sobre el futuro del capitalismo, el presidente ejecutivo de Best Buy, Hubert Joly, dijo que \u00ablo que sucedi\u00f3 es que durante 30 a\u00f1os, desde la d\u00e9cada de 1980 hasta hace 10 a\u00f1os, hemos tenido este enfoque singular sobre las ganancias que fueron excesivas y causaron muchos de estos problemas. Necesitamos relajarnos un poco de estos 30 a\u00f1os. Si tenemos una refundaci\u00f3n de los negocios, t<strong>ambi\u00e9n puede ser una refundaci\u00f3n del capitalismo<\/strong>&#8230; Creo que esto puede hacerse, tiene que hacerse\u00bb.<\/p>\n\n\n\n<h2 class=\"wp-block-heading\" id=\"Una-nueva-direcci\u00f3n\">Una nueva direcci\u00f3n<\/h2>\n\n\n\n<p>Hace m\u00e1s de tres d\u00e9cadas, la Comisi\u00f3n Brundtland de las Naciones Unidas escribi\u00f3 en \u00abNuestro futuro com\u00fan\u00bb que hab\u00eda amplia evidencia de que los impactos sociales y ambientales son relevantes y deben incorporarse a los modelos de desarrollo.<\/p>\n\n\n\n<figure class=\"wp-block-image\"><img decoding=\"async\" src=\"https:\/\/ichef.bbci.co.uk\/news\/640\/cpsprodpb\/F638\/production\/_118723036_gettyimages-1320588160.jpg\" alt=\"Ni\u00f1as marchando en una protesta en Colombia sosteniendo un cartel con la leyenda: &quot;Marcho porque quiero un mundo feliz&quot;.\"\/><\/figure>\n\n\n\n<p>Ahora es obvio que estos temas tambi\u00e9n deben considerarse dentro del contrato social que sustenta el capitalismo, para que sea m\u00e1s inclusivo, hol\u00edstico e integrado con los valores humanos b\u00e1sicos.<\/p>\n\n\n\n<p>En \u00faltima instancia, vale la pena recordar que los ciudadanos en una democracia capitalista y liberal tienen poder.<\/p>\n\n\n\n<p>De manera colectiva,&nbsp;<strong>pueden apoyar a las empresas alineadas con sus creencias<\/strong>&nbsp;y exigir continuamente nuevas leyes y pol\u00edticas que transformen el panorama competitivo de las empresas para que puedan mejorar sus pr\u00e1cticas.<\/p>\n\n\n\n<p>Cuando Adam Smith estaba observando el capitalismo industrial naciente en 1776, no pod\u00eda prever cu\u00e1nto transformar\u00eda nuestras sociedades en la actualidad.<\/p>\n\n\n\n<p>Por tanto, podr\u00edamos estar igualmente ciegos ante c\u00f3mo podr\u00eda verse el capitalismo en otros dos siglos.<\/p>\n\n\n\n<p>Sin embargo, eso no significa que no debamos preguntarnos c\u00f3mo podr\u00eda evolucionar hacia algo mejor a corto plazo.<strong>&nbsp;El futuro del capitalismo y nuestro planeta depende de ello.<\/strong><\/p>\n\n\n\n<p>* Matthew Wilburn King es consultor y conservacionista internacional basado en Boulder, Colorado, y presidente y director de Common Foundation.<\/p>\n\n\n\n<p><a href=\"https:\/\/www.bbc.com\/future\/article\/20210525-why-the-next-stage-of-capitalism-is-coming\">Puedes leer aqu\u00ed el art\u00edculo original en ingl\u00e9s<\/a><\/p>\n\n\n\n<p><\/p>\n\n\n\n<p>Fuente: https:\/\/www.bbc.com\/mundo\/vert-fut-57291419<\/p>\n\n\n\n<p><\/p>\n","protected":false},"excerpt":{"rendered":"<p>Hace casi 250 a\u00f1os, el economista y fil\u00f3sofo Adam Smith escribi\u00f3 \u00abLa riqueza de las naciones\u00bb, donde describi\u00f3 el nacimiento [&hellip;]<\/p>\n","protected":false},"author":1,"featured_media":8693,"comment_status":"open","ping_status":"open","sticky":false,"template":"","format":"standard","meta":{"site-sidebar-layout":"default","site-content-layout":"","ast-site-content-layout":"default","site-content-style":"default","site-sidebar-style":"default","ast-global-header-display":"","ast-banner-title-visibility":"","ast-main-header-display":"","ast-hfb-above-header-display":"","ast-hfb-below-header-display":"","ast-hfb-mobile-header-display":"","site-post-title":"","ast-breadcrumbs-content":"","ast-featured-img":"","footer-sml-layout":"","theme-transparent-header-meta":"","adv-header-id-meta":"","stick-header-meta":"","header-above-stick-meta":"","header-main-stick-meta":"","header-below-stick-meta":"","astra-migrate-meta-layouts":"default","ast-page-background-enabled":"default","ast-page-background-meta":{"desktop":{"background-color":"var(--ast-global-color-4)","background-image":"","background-repeat":"repeat","background-position":"center center","background-size":"auto","background-attachment":"scroll","background-type":"","background-media":"","overlay-type":"","overlay-color":"","overlay-opacity":"","overlay-gradient":""},"tablet":{"background-color":"","background-image":"","background-repeat":"repeat","background-position":"center center","background-size":"auto","background-attachment":"scroll","background-type":"","background-media":"","overlay-type":"","overlay-color":"","overlay-opacity":"","overlay-gradient":""},"mobile":{"background-color":"","background-image":"","background-repeat":"repeat","background-position":"center center","background-size":"auto","background-attachment":"scroll","background-type":"","background-media":"","overlay-type":"","overlay-color":"","overlay-opacity":"","overlay-gradient":""}},"ast-content-background-meta":{"desktop":{"background-color":"var(--ast-global-color-5)","background-image":"","background-repeat":"repeat","background-position":"center center","background-size":"auto","background-attachment":"scroll","background-type":"","background-media":"","overlay-type":"","overlay-color":"","overlay-opacity":"","overlay-gradient":""},"tablet":{"background-color":"var(--ast-global-color-5)","background-image":"","background-repeat":"repeat","background-position":"center center","background-size":"auto","background-attachment":"scroll","background-type":"","background-media":"","overlay-type":"","overlay-color":"","overlay-opacity":"","overlay-gradient":""},"mobile":{"background-color":"var(--ast-global-color-5)","background-image":"","background-repeat":"repeat","background-position":"center center","background-size":"auto","background-attachment":"scroll","background-type":"","background-media":"","overlay-type":"","overlay-color":"","overlay-opacity":"","overlay-gradient":""}},"footnotes":""},"categories":[8],"tags":[1838,1839,1840],"class_list":["post-8692","post","type-post","status-publish","format-standard","has-post-thumbnail","hentry","category-noticias","tag-adam-smith","tag-el-futuro-del-capitalismo","tag-matthew-wilburn-king"],"_links":{"self":[{"href":"https:\/\/losperiodistas.com.mx\/portal\/wp-json\/wp\/v2\/posts\/8692","targetHints":{"allow":["GET"]}}],"collection":[{"href":"https:\/\/losperiodistas.com.mx\/portal\/wp-json\/wp\/v2\/posts"}],"about":[{"href":"https:\/\/losperiodistas.com.mx\/portal\/wp-json\/wp\/v2\/types\/post"}],"author":[{"embeddable":true,"href":"https:\/\/losperiodistas.com.mx\/portal\/wp-json\/wp\/v2\/users\/1"}],"replies":[{"embeddable":true,"href":"https:\/\/losperiodistas.com.mx\/portal\/wp-json\/wp\/v2\/comments?post=8692"}],"version-history":[{"count":1,"href":"https:\/\/losperiodistas.com.mx\/portal\/wp-json\/wp\/v2\/posts\/8692\/revisions"}],"predecessor-version":[{"id":8694,"href":"https:\/\/losperiodistas.com.mx\/portal\/wp-json\/wp\/v2\/posts\/8692\/revisions\/8694"}],"wp:featuredmedia":[{"embeddable":true,"href":"https:\/\/losperiodistas.com.mx\/portal\/wp-json\/wp\/v2\/media\/8693"}],"wp:attachment":[{"href":"https:\/\/losperiodistas.com.mx\/portal\/wp-json\/wp\/v2\/media?parent=8692"}],"wp:term":[{"taxonomy":"category","embeddable":true,"href":"https:\/\/losperiodistas.com.mx\/portal\/wp-json\/wp\/v2\/categories?post=8692"},{"taxonomy":"post_tag","embeddable":true,"href":"https:\/\/losperiodistas.com.mx\/portal\/wp-json\/wp\/v2\/tags?post=8692"}],"curies":[{"name":"wp","href":"https:\/\/api.w.org\/{rel}","templated":true}]}}