{"id":86908,"date":"2024-10-02T06:40:15","date_gmt":"2024-10-02T11:40:15","guid":{"rendered":"https:\/\/losperiodistas.com.mx\/portal\/?p=86908"},"modified":"2024-10-02T06:40:18","modified_gmt":"2024-10-02T11:40:18","slug":"inmensa-regresion-democratica-de-mexico-sordido-legado-de-lopez-obrador-el-pais","status":"publish","type":"post","link":"https:\/\/losperiodistas.com.mx\/portal\/inmensa-regresion-democratica-de-mexico-sordido-legado-de-lopez-obrador-el-pais\/","title":{"rendered":"Inmensa regresi\u00f3n democr\u00e1tica de M\u00e9xico: s\u00f3rdido legado de L\u00f3pez Obrador | El Pa\u00eds"},"content":{"rendered":"\n<h2 class=\"wp-block-heading\">Lo grotesco de esta impostura de la 4T queda claro si se examina \u201cel primer piso\u201d sobre el que la nueva presidenta ofrece construir lo que a ella toca: el fomento del culto al l\u00edder y el abuso clientelista de las pol\u00edticas sociales, entre otras<\/h2>\n\n\n\n<figure class=\"wp-block-image size-large\"><img fetchpriority=\"high\" decoding=\"async\" width=\"1024\" height=\"682\" src=\"https:\/\/losperiodistas.com.mx\/portal\/wp-content\/uploads\/2024\/10\/Captura-de-pantalla-2024-10-02-a-las-5.34.12\u202fa.m-1024x682.png\" alt=\"\" class=\"wp-image-86909\" srcset=\"https:\/\/losperiodistas.com.mx\/portal\/wp-content\/uploads\/2024\/10\/Captura-de-pantalla-2024-10-02-a-las-5.34.12\u202fa.m-1024x682.png 1024w, https:\/\/losperiodistas.com.mx\/portal\/wp-content\/uploads\/2024\/10\/Captura-de-pantalla-2024-10-02-a-las-5.34.12\u202fa.m-300x200.png 300w, https:\/\/losperiodistas.com.mx\/portal\/wp-content\/uploads\/2024\/10\/Captura-de-pantalla-2024-10-02-a-las-5.34.12\u202fa.m-768x512.png 768w, https:\/\/losperiodistas.com.mx\/portal\/wp-content\/uploads\/2024\/10\/Captura-de-pantalla-2024-10-02-a-las-5.34.12\u202fa.m.png 1324w\" sizes=\"(max-width: 1024px) 100vw, 1024px\" \/><figcaption class=\"wp-element-caption\">L\u00f3pez Obrador durante el desfile del 213 aniversario de la Independencia de M\u00e9xico, el 16 de septiembre de 2023, en Ciudad de M\u00e9xico. M\u00f3nica Gonz\u00e1lez Islas<\/figcaption><\/figure>\n\n\n\n<p class=\"has-vivid-red-color has-text-color has-link-color has-medium-font-size wp-elements-65ed21d285b87b4b47261df3d11dc59b\"><strong>ERNESTO ZEDILLO \/ El Pa\u00eds<\/strong><\/p>\n\n\n\n<p>Nunca sabremos cu\u00e1l habr\u00eda sido el futuro de M\u00e9xico si el pasado 2 de junio no hubiera culminado una largu\u00edsima \u201celecci\u00f3n de Estado\u201d en la que&nbsp;<a href=\"https:\/\/elpais.com\/mexico\/2024-10-01\/lopez-obrador-el-ultimo-de-su-especie.html\">Andr\u00e9s Manuel L\u00f3pez Obrador<\/a>&nbsp;y su partido Morena, desde mucho tiempo antes, durante y despu\u00e9s de la campa\u00f1a electoral, violaron abiertamente las reglas establecidas desde las reformas electoral y judicial de 1994-1996. Estas reformas hab\u00edan dado a M\u00e9xico tanto un Poder Judicial independiente como las condiciones para contar con elecciones limpias y justas.<\/p>\n\n\n\n<p>Durante a\u00f1os, el presidente y su partido socavaron la independencia, integridad y el presupuesto del Instituto Nacional Electoral (INE) y, cuando este los reconvino, respondieron con rechazo, burla y desacato. Sin ning\u00fan decoro, se ocup\u00f3 de que se montara un aparato de cooptaci\u00f3n de electores \u2015clientelismo puro y masivo\u2015 con recursos gubernamentales desviados de los programas sociales, al tiempo que sus campa\u00f1as y movilizaciones electorales se financiaban, por encima de los l\u00edmites legales, con recursos p\u00fablicos y privados \u2015estos \u00faltimos, v\u00e1yase a saber de qui\u00e9n y por qu\u00e9.<\/p>\n\n\n\n<p>Contra la letra y el esp\u00edritu de las leyes electorales, L\u00f3pez Obrador se sirvi\u00f3 de los instrumentos que le hab\u00eda dado la democracia para destruirla. Insisto: siempre ser\u00e1 un misterio qu\u00e9 hubiese acontecido si L\u00f3pez Obrador y los suyos hubieran respetado la Constituci\u00f3n y las instituciones de la Rep\u00fablica. Lo que es indiscutible es que su candidata gan\u00f3 unas elecciones en las que, gracias a los mecanismos creados por las reformas de hace m\u00e1s de un cuarto de siglo, los votos fueron contados bien. As\u00ed, a partir de este 1 de octubre, Claudia Sheinbaum es la primera presidenta de M\u00e9xico.<\/p>\n\n\n\n<p>La pregunta ahora es acerca del camino por el que ella optar\u00e1 en esta bifurcaci\u00f3n de la historia de M\u00e9xico. \u00bfSer presidenta de una naci\u00f3n democr\u00e1tica o simplemente ser el rostro \u2015nunca el poder real\u2015 de un r\u00e9gimen pol\u00edtico que amenaza con convertir a M\u00e9xico en una tiran\u00eda?<\/p>\n\n\n\n<p>Claudia Sheinbaum no ha dado indicios de que vaya a optar por el primer camino, pues ha insistido hasta la saciedad en que gan\u00f3 para dar continuidad al proyecto de L\u00f3pez Obrador. En sus propias palabras, se abocar\u00e1 a construir&nbsp;<a href=\"https:\/\/elpais.com\/mexico\/actualidad\/2023-11-19\/sheinbaum-promete-un-segundo-piso-de-la-cuarta-transformacion-en-su-registro-como-candidata.html\">el segundo piso de la \u201cCuarta Transformaci\u00f3n\u201d<\/a>&nbsp;(la 4T).<\/p>\n\n\n\n<p>Lo grotesco de esta impostura de la 4T queda claro si se examinan \u201clos cimientos y el primer piso\u201d sobre los que la nueva presidenta ofrece construir lo que a ella toca. Las piezas de esa estructura est\u00e1n ya ah\u00ed: por un lado, fomento del culto al l\u00edder; abuso clientelista de las pol\u00edticas sociales para cooptar voluntades de los ciudadanos con los propios recursos que ellos transfieren al fisco; nombrar a un familiar su comisario para el control de su partido; terrorismo tributario que acalle disidencias y encuentre aliados en el sector empresarial; control de los espacios de que disponen los medios de comunicaci\u00f3n masiva con fines de enga\u00f1o y propaganda \u2015en ciertos casos a cambio de negocios con el Gobierno\u2015; s\u00f3tanos con multitud de troles en las redes sociales para atacar an\u00f3nima y masivamente a cr\u00edticos, periodistas libres, pol\u00edticos de oposici\u00f3n y cualquiera que se atreva a disentir; un sistema de Educaci\u00f3n B\u00e1sica muy por debajo del que recibi\u00f3, en el cual la prioridad no es educar sino adoctrinar.<\/p>\n\n\n\n<p>Por otro lado, y much\u00edsimo m\u00e1s grave, est\u00e1 la destrucci\u00f3n institucional que obsesivamente ha llevado a cabo L\u00f3pez Obrador. Sus mayores trofeos ser\u00e1n la devastaci\u00f3n&nbsp;<a href=\"https:\/\/elpais.com\/mexico\/2024-09-11\/mexico-aprueba-la-reforma-judicial-que-somete-al-voto-popular-la-eleccion-de-jueces.html\">del Poder Judicial independiente<\/a>, cuyo lugar ser\u00eda tomado por uno armado, mediante una farsa de elecciones, para servir al poder pol\u00edtico y con el riesgo de ser manipulado por el crimen organizado; la ampliaci\u00f3n de la prisi\u00f3n preventiva oficiosa, que es dejar a la gente encarcelada mientras se completa la investigaci\u00f3n judicial correspondiente, pr\u00e1ctica abominable que viola los principios universales de justicia; la sustituci\u00f3n de las autoridades electorales aut\u00f3nomas por \u00f3rganos controlados por el partido en el poder que, llegado el caso, podr\u00e1n comportarse como en Venezuela, donde la dictadura acaba de perder las elecciones y enseguida fue falsamente declarada como vencedora; la apertura a la influencia del crimen organizado en los resultados electorales; la cooptaci\u00f3n de nuestras fuerzas armadas \u2015hist\u00f3ricamente ejemplares en Am\u00e9rica Latina por su sujeci\u00f3n legal y funcional al poder civil\u2015 no solo al entregarles la Polic\u00eda Nacional \u2015lo que ha ocurrido \u00fanicamente en pa\u00edses no-democr\u00e1ticos\u2015, sino algo quiz\u00e1s m\u00e1s siniestro, dejarlas expuestas a que se conviertan en parte interesada en la preservaci\u00f3n de un r\u00e9gimen autoritario y corrupto. Esto, por cierto, traiciona y elimina el principio, que ha estado en vigor desde la Constituci\u00f3n de 1857, de que las fuerzas armadas solo podr\u00e1n ejercer funciones que tengan rigurosa conexi\u00f3n con la disciplina militar.<\/p>\n\n\n\n<p>Tambi\u00e9n est\u00e1 en proceso la abolici\u00f3n de instituciones aut\u00f3nomas en materias como la transparencia, la competencia, la regulaci\u00f3n de energ\u00eda y las telecomunicaciones, que en el mundo de hoy son esenciales para apoyar el desarrollo de las naciones y prevenir el uso abusivo y autoritario del poder gubernamental.<\/p>\n\n\n\n<p>Como pocos lo hab\u00edan hecho en el pasado de M\u00e9xico, L\u00f3pez Obrador hizo sentir desde el inicio su poder arbitrario con las formas m\u00e1s abusivas posibles. Nunca se ha estimado rigurosamente el costo total de esta absurda arbitrariedad, c\u00e1lculo que debiera incluir no solo el costo de aquella construcci\u00f3n y su demolici\u00f3n, sino tambi\u00e9n las enormes indemnizaciones en que se incurri\u00f3, y otros costos directos, sino tambi\u00e9n lo que ha perdido la econom\u00eda del pa\u00eds y de los usuarios potenciales por no contar con esa infraestructura.<\/p>\n\n\n\n<p>Por mera ocurrencia presidencial se emprendieron otras obras que han implicado y seguir\u00e1n representando alt\u00edsimos costos, muy por encima de los beneficios que razonablemente pudieran esperarse de ellas. Un caso monumental es&nbsp;<a href=\"https:\/\/elpais.com\/mexico\/2024-08-04\/lopez-obrador-y-sheinbaum-inauguran-la-produccion-de-dos-bocas-entre-protestas-de-contaminacion.html\">la refiner\u00eda de Dos Bocas<\/a>, cuya construcci\u00f3n se aprob\u00f3 sin que hubiera estudios de factibilidad ni ambientales, con proyectos de construcci\u00f3n improvisados e incompletos, para obtener productos que tienen gran capacidad ociosa entre los proveedores tradicionales de M\u00e9xico, y con el antecedente de ser un sector en el que Pemex ha perdido much\u00edsimo dinero.<\/p>\n\n\n\n<p>El llamado Tren Maya parece ser el mayor orgullo de las ocurrencias constructoras de L\u00f3pez Obrador, si se atiende al n\u00famero de menciones y visitas propagandistas que le ha dedicado. Tambi\u00e9n es otro gran ejemplo de irresponsable improvisaci\u00f3n, obsolescencia tecnol\u00f3gica, desperdicio, opacidad y grav\u00edsimos e irreparables da\u00f1os ambientales. Como en otros casos, sin estudios serios sobre necesidades insatisfechas, ingenier\u00eda, costo, e impacto ambiental, entre otros muchos aspectos esenciales, se inici\u00f3 su construcci\u00f3n. Para comprobar la magnitud de este chasco bastar\u00eda referirse a su costo m\u00e1s de tres veces lo dicho en su inicio, al reducid\u00edsimo n\u00famero de pasajeros que ahora atiende en sus mejores d\u00edas, y los numerosos atropellos a leyes y regulaciones cometidos para su construcci\u00f3n.<\/p>\n\n\n\n<p>Lamentablemente hay una consecuencia que a\u00fan no se ha valorado debidamente y que no tiene arreglo alguno. Se trata de la destrucci\u00f3n de una parte importante de la riqueza y capital natural de esa regi\u00f3n de nuestro pa\u00eds. Entre los muchos da\u00f1os se cuenta la deforestaci\u00f3n de 2.500 hect\u00e1reas de selva con la tala de m\u00e1s de 10 millones de \u00e1rboles, enormes p\u00e9rdidas del h\u00e1bitat de su fauna incluyendo el del ya escaso jaguar; da\u00f1os inmensos al enorme sistema de cuevas y cenotes de la pen\u00ednsula de Yucat\u00e1n, contaminaci\u00f3n de mantos acu\u00edferos, destrucci\u00f3n de vastos sumideros de CO2 y seria afectaci\u00f3n de zonas arqueol\u00f3gicas. La debida cuantificaci\u00f3n de todas estas p\u00e9rdidas del capital natural de M\u00e9xico debiera hacerse rigurosamente y acreditarse a la arbitrariedad de L\u00f3pez Obrador.<\/p>\n\n\n\n<p>Con todo, la mayor muestra de incompetencia y carencia de inter\u00e9s en servir realmente a la poblaci\u00f3n de M\u00e9xico se dio con la respuesta gubernamental a la pandemia de covid-19. Aunque el gobierno se ha afanado en ocultarlas, las m\u00e1s graves consecuencias de su gran irresponsabilidad frente al covid19 han sido debidamente estudiadas y cuantificadas por expertos independientes. En concreto, al ser medido con la tasa de letalidad \u2015decesos en relaci\u00f3n a infectados\u2015 M\u00e9xico tuvo el peor desempe\u00f1o del mundo. Esa tasa fue del 9%, varias veces mayor que la de que de cualquier pa\u00eds. Tambi\u00e9n sufrimos la deshonrosa distinci\u00f3n de alcanzar las m\u00e1s altas tasas en el mundo de morbilidad y mortalidad de personal sanitario: m\u00e9dicos y enfermeras. Se estima que el n\u00famero de fallecidos por covid-19 en M\u00e9xico super\u00f3 las 800.000 personas, muy por encima de la cifra que en forma oficial fue reportada a la OMS.<\/p>\n\n\n\n<p>A esta tragedia humana la acompa\u00f1\u00f3 la econ\u00f3mica. En el 2020 la econom\u00eda mexicana sufri\u00f3 una contracci\u00f3n del 8.6%, una de las tres m\u00e1s graves entre los pa\u00edses de la OECD.<\/p>\n\n\n\n<p>La dimensi\u00f3n de estos desastres, muy por encima de lo ocurrido en cualquier pa\u00eds con un nivel desarrollo similar al nuestro, no fue fortuita; fue consecuencia de la negligencia y falta de empat\u00eda con el sufrimiento de los mexicanos, por parte de L\u00f3pez Obrador y de sus colaboradores.<\/p>\n\n\n\n<p>La supuesta \u201causteridad republicana\u201d no impidi\u00f3 que se siguiera gastando en los elefantes blancos de L\u00f3pez Obrador, quien adem\u00e1s, de principio a fin exhibi\u00f3 una penosa indolencia frente a los tristes acontecimientos. Es tr\u00e1gicamente memorable su exhorto burl\u00f3n a la poblaci\u00f3n de que, frente a la epidemia, las personas recurrieran a sus estampas religiosas y amuletos, as\u00ed como su total ausencia de las instalaciones para apoyar al menos moralmente al personal que atend\u00eda a las v\u00edctimas de la enfermedad. No ayud\u00f3 que justo antes del brote, en otra decisi\u00f3n injustificada y arbitraria, el gobierno haya desarticulado el sistema p\u00fablico de provisi\u00f3n de servicios b\u00e1sicos de salud y de adquisici\u00f3n de medicamentos, como siempre, alegando que todo lo hecho en el pasado deb\u00eda desecharse.<\/p>\n\n\n\n<p>As\u00ed, no sorprendi\u00f3 que sin justificaci\u00f3n seria alguna, se eliminasen programas orientados a apoyar a los m\u00e1s pobres del pa\u00eds. Adem\u00e1s de los estropicios causados al sistema de salud, que afectaron de manera desproporcionada a la poblaci\u00f3n con mayor pobreza, el gobierno suprimi\u00f3 sin m\u00e1s, un programa dise\u00f1ado espec\u00edficamente para abordar tanto la pobreza extrema como favorecer la educaci\u00f3n y la salud de las familias m\u00e1s pobres de M\u00e9xico.<\/p>\n\n\n\n<p>Igualmente pasa por alto el hecho que el producto interno bruto por persona, a precios constantes, no haya crecido nada durante su per\u00edodo presidencial. Una econom\u00eda estancada har\u00e1 m\u00e1s dif\u00edcil corregir los otros problemas econ\u00f3micos que deja a su sucesora, como el mayor d\u00e9ficit fiscal en 30 a\u00f1os, y por supuesto el grav\u00edsimo problema de inseguridad p\u00fablica y violencia, que como era de esperarse ni siquiera atemper\u00f3 su pol\u00edtica practicada hasta la ignominia de \u201cabrazos no balazos\u201d al crimen organizado.<\/p>\n\n\n\n<p>Solo el tiempo dir\u00e1 por qu\u00e9 y para qui\u00e9n, durante las \u00faltimas semanas de su presidencia, L\u00f3pez Obrador se dio a la nefasta tarea de destruir las bases de la democracia mexicana \u2015poder judicial independiente, reglas justas para la competencia electoral, \u00f3rganos electorales imparciales y profesionales, \u00f3rganos aut\u00f3nomos a cargo de tareas cr\u00edticas para el desarrollo, y fuerzas armadas apol\u00edticas.<\/p>\n\n\n\n<p>Esperemos que pronto ocurra la reconstrucci\u00f3n y mejora de esas bases. Ayudar\u00eda que la presidenta Claudia Sheinbaum imite a su antecesor exclusivamente en una cosa: no cumplir con lo que prometi\u00f3. En su caso, continuar con la \u201cCuarta Transformaci\u00f3n.\u201d Que no cumpla, por favor.<\/p>\n\n\n\n<hr class=\"wp-block-separator has-alpha-channel-opacity\"\/>\n\n\n\n<p><strong>Ernesto Zedillo<\/strong>\u00a0fue presidente de M\u00e9xico entre 1994 y el 2000.<\/p>\n\n\n\n<hr class=\"wp-block-separator has-alpha-channel-opacity\"\/>\n\n\n\n<p>Fuente: <a href=\"https:\/\/elpais.com\/mexico\/opinion\/2024-10-02\/inmensa-regresion-democratica-de-mexico-sordido-legado-de-lopez-obrador.html\">https:\/\/elpais.com\/mexico\/opinion\/2024-10-02\/inmensa-regresion-democratica-de-mexico-sordido-legado-de-lopez-obrador.html<\/a><\/p>\n\n\n\n<p><\/p>\n","protected":false},"excerpt":{"rendered":"<p>Lo grotesco de esta impostura de la 4T queda claro si se examina \u201cel primer piso\u201d sobre el que la [&hellip;]<\/p>\n","protected":false},"author":1,"featured_media":86909,"comment_status":"open","ping_status":"open","sticky":false,"template":"","format":"standard","meta":{"site-sidebar-layout":"default","site-content-layout":"","ast-site-content-layout":"default","site-content-style":"default","site-sidebar-style":"default","ast-global-header-display":"","ast-banner-title-visibility":"","ast-main-header-display":"","ast-hfb-above-header-display":"","ast-hfb-below-header-display":"","ast-hfb-mobile-header-display":"","site-post-title":"","ast-breadcrumbs-content":"","ast-featured-img":"","footer-sml-layout":"","theme-transparent-header-meta":"","adv-header-id-meta":"","stick-header-meta":"","header-above-stick-meta":"","header-main-stick-meta":"","header-below-stick-meta":"","astra-migrate-meta-layouts":"default","ast-page-background-enabled":"default","ast-page-background-meta":{"desktop":{"background-color":"var(--ast-global-color-4)","background-image":"","background-repeat":"repeat","background-position":"center center","background-size":"auto","background-attachment":"scroll","background-type":"","background-media":"","overlay-type":"","overlay-color":"","overlay-opacity":"","overlay-gradient":""},"tablet":{"background-color":"","background-image":"","background-repeat":"repeat","background-position":"center center","background-size":"auto","background-attachment":"scroll","background-type":"","background-media":"","overlay-type":"","overlay-color":"","overlay-opacity":"","overlay-gradient":""},"mobile":{"background-color":"","background-image":"","background-repeat":"repeat","background-position":"center center","background-size":"auto","background-attachment":"scroll","background-type":"","background-media":"","overlay-type":"","overlay-color":"","overlay-opacity":"","overlay-gradient":""}},"ast-content-background-meta":{"desktop":{"background-color":"var(--ast-global-color-5)","background-image":"","background-repeat":"repeat","background-position":"center center","background-size":"auto","background-attachment":"scroll","background-type":"","background-media":"","overlay-type":"","overlay-color":"","overlay-opacity":"","overlay-gradient":""},"tablet":{"background-color":"var(--ast-global-color-5)","background-image":"","background-repeat":"repeat","background-position":"center center","background-size":"auto","background-attachment":"scroll","background-type":"","background-media":"","overlay-type":"","overlay-color":"","overlay-opacity":"","overlay-gradient":""},"mobile":{"background-color":"var(--ast-global-color-5)","background-image":"","background-repeat":"repeat","background-position":"center center","background-size":"auto","background-attachment":"scroll","background-type":"","background-media":"","overlay-type":"","overlay-color":"","overlay-opacity":"","overlay-gradient":""}},"footnotes":""},"categories":[8],"tags":[31079,31078,31080,31077],"class_list":["post-86908","post","type-post","status-publish","format-standard","has-post-thumbnail","hentry","category-noticias","tag-abuso-clientelista","tag-culto-al-lider","tag-presidente-ernesto-zedillo","tag-sordido-legado-de-amlo"],"_links":{"self":[{"href":"https:\/\/losperiodistas.com.mx\/portal\/wp-json\/wp\/v2\/posts\/86908","targetHints":{"allow":["GET"]}}],"collection":[{"href":"https:\/\/losperiodistas.com.mx\/portal\/wp-json\/wp\/v2\/posts"}],"about":[{"href":"https:\/\/losperiodistas.com.mx\/portal\/wp-json\/wp\/v2\/types\/post"}],"author":[{"embeddable":true,"href":"https:\/\/losperiodistas.com.mx\/portal\/wp-json\/wp\/v2\/users\/1"}],"replies":[{"embeddable":true,"href":"https:\/\/losperiodistas.com.mx\/portal\/wp-json\/wp\/v2\/comments?post=86908"}],"version-history":[{"count":1,"href":"https:\/\/losperiodistas.com.mx\/portal\/wp-json\/wp\/v2\/posts\/86908\/revisions"}],"predecessor-version":[{"id":86910,"href":"https:\/\/losperiodistas.com.mx\/portal\/wp-json\/wp\/v2\/posts\/86908\/revisions\/86910"}],"wp:featuredmedia":[{"embeddable":true,"href":"https:\/\/losperiodistas.com.mx\/portal\/wp-json\/wp\/v2\/media\/86909"}],"wp:attachment":[{"href":"https:\/\/losperiodistas.com.mx\/portal\/wp-json\/wp\/v2\/media?parent=86908"}],"wp:term":[{"taxonomy":"category","embeddable":true,"href":"https:\/\/losperiodistas.com.mx\/portal\/wp-json\/wp\/v2\/categories?post=86908"},{"taxonomy":"post_tag","embeddable":true,"href":"https:\/\/losperiodistas.com.mx\/portal\/wp-json\/wp\/v2\/tags?post=86908"}],"curies":[{"name":"wp","href":"https:\/\/api.w.org\/{rel}","templated":true}]}}