{"id":86905,"date":"2024-10-02T06:00:32","date_gmt":"2024-10-02T11:00:32","guid":{"rendered":"https:\/\/losperiodistas.com.mx\/portal\/?p=86905"},"modified":"2024-10-02T06:00:34","modified_gmt":"2024-10-02T11:00:34","slug":"el-papa-francisco-insta-a-los-participantes-del-sinodo-de-la-sinodalidad-a-no-imponer-su-propia-agenda-aci","status":"publish","type":"post","link":"https:\/\/losperiodistas.com.mx\/portal\/el-papa-francisco-insta-a-los-participantes-del-sinodo-de-la-sinodalidad-a-no-imponer-su-propia-agenda-aci\/","title":{"rendered":"El Papa Francisco insta a los participantes del S\u00ednodo de la Sinodalidad a no imponer su propia agenda | ACI"},"content":{"rendered":"\n<figure class=\"wp-block-image size-full\"><img fetchpriority=\"high\" decoding=\"async\" width=\"672\" height=\"448\" src=\"https:\/\/losperiodistas.com.mx\/portal\/wp-content\/uploads\/2024\/10\/papasinodo.webp\" alt=\"\" class=\"wp-image-86906\" srcset=\"https:\/\/losperiodistas.com.mx\/portal\/wp-content\/uploads\/2024\/10\/papasinodo.webp 672w, https:\/\/losperiodistas.com.mx\/portal\/wp-content\/uploads\/2024\/10\/papasinodo-300x200.webp 300w\" sizes=\"(max-width: 672px) 100vw, 672px\" \/><figcaption class=\"wp-element-caption\">El Papa Francisco en la Misa de inauguraci\u00f3n de la segunda sesi\u00f3n del S\u00ednodo de la Sinodalidad | Cr\u00e9dito: Daniel Ib\u00e1\u00f1ez\/ EWTN News<\/figcaption><\/figure>\n\n\n\n<p class=\"has-vivid-red-color has-text-color has-link-color has-medium-font-size wp-elements-bb95fa7b50b7203dea1ccee9960315c6\"><strong>Por\u00a0<a href=\"https:\/\/www.aciprensa.com\/autor\/52\/almudena-martinez-bordiu\">Almudena Mart\u00ednez-Bordi\u00fa<\/a> \/ ACI Prensa<\/strong><\/p>\n\n\n\n<p>2 de octubre de 2024<\/p>\n\n\n\n<p>\u201cCuidemos de no convertir nuestras aportaciones en puntos que defender o agendas que imponer\u201d, inst\u00f3 el Papa Francisco a los participantes de la segunda sesi\u00f3n del S\u00ednodo de la Sinodalidad, que comienza este 2 de octubre.<\/p>\n\n\n\n<p>En el d\u00eda en el que la Iglesia Cat\u00f3lica celebra a los Santos \u00c1ngeles Custodios, el Papa Francisco presidi\u00f3 a las 9.00 hora local la Misa de inauguraci\u00f3n de la segunda sesi\u00f3n de la asamblea del S\u00ednodo de la Sinodalidad ante los fieles que les escuchaban desde la Plaza de San Pedro del Vaticano.<\/p>\n\n\n\n<h2 class=\"wp-block-heading\"><strong>\u00bfQu\u00e9 es el S\u00ednodo de la Sinodalidad para el Papa Francisco?<\/strong><\/h2>\n\n\n\n<p>En primer lugar, el Pont\u00edfice defini\u00f3 el S\u00ednodo como \u201cun viaje en el que el Se\u00f1or pone en nuestras manos la historia, los sue\u00f1os y las esperanzas de un gran Pueblo de hermanas y hermanos esparcidos por el mundo, animados por&nbsp; nuestra misma fe, impulsados por el mismo deseo de santidad para que, con ellos y por ellos, tratemos de comprender qu\u00e9 camino seguir para llegar adonde \u00c9l quiere llevarnos\u201d.&nbsp;<\/p>\n\n\n\n<p>En este sentido, destac\u00f3 que se trata de un camino para \u201cacercarse con respeto y atenci\u00f3n, en la oraci\u00f3n y a la luz de la Palabra de Dios, a todas las aportaciones recopiladas a lo largo de estos tres a\u00f1os de intenso trabajo\u201d.<\/p>\n\n\n\n<p>Con la ayuda y la fuerza del Esp\u00edritu Santo, continu\u00f3 el Papa Francisco , se trata de \u201cescuchar y comprender las voces, es decir, las ideas, las expectativas, las propuestas, para discernir juntos la voz de Dios que habla a la Iglesia\u201d.<\/p>\n\n\n\n<p>Remarc\u00f3, como en ocasiones pasadas, que no se trata de \u201cuna asamblea parlamentaria\u201d, sino \u201cun lugar de escucha en la comuni\u00f3n\u201d.<\/p>\n\n\n\n<h2 class=\"wp-block-heading\"><strong>\u201cCrear armon\u00eda en la diversidad\u201d<\/strong><\/h2>\n\n\n\n<p>Para que esto suceda, invit\u00f3 a los participantes a liberarse de aquello que, \u201cen nosotros y entre nosotros, puede impedir a la caridad del Esp\u00edritu crear armon\u00eda en la diversidad\u201d.<\/p>\n\n\n\n<p>\u201cCuidemos de no convertir nuestras aportaciones en puntos que defender o agendas que imponer, sino ofrezc\u00e1moslas como dones para compartir, dispuestos incluso a sacrificar lo que es particular, si ello puede servir para hacer surgir, juntos, algo nuevo seg\u00fan el plan de Dios\u201d, a\u00f1adi\u00f3.&nbsp;<\/p>\n\n\n\n<p>De lo contrario, advirti\u00f3 el Papa Francisco, \u201cacabaremos encerr\u00e1ndonos en di\u00e1logos entre sordos, donde cada uno trata de \u2018llevar agua a su molino\u2019 sin escuchar a los dem\u00e1s y, sobre todo, sin escuchar la voz del Se\u00f1or\u201d.<\/p>\n\n\n\n<p>Subray\u00f3 que \u201clas soluciones a los problemas que se nos plantean no las tenemos nosotros\u201d, sino el Se\u00f1or, e invit\u00f3 a los participantes \u201cfuertes y bien preparados\u201d a ayudar a los dem\u00e1s.&nbsp;<\/p>\n\n\n\n<p>Tambi\u00e9n inst\u00f3 a tener \u201cun coraz\u00f3n abierto y capaz de dialogar\u201d y reiter\u00f3 que \u201clo que importa y es fundamental es la armon\u00eda\u201d, que se logra gracias al Esp\u00edritu Santo.&nbsp;<\/p>\n\n\n\n<p>\u201cTodos, aqu\u00ed, se sentir\u00e1n libres de expresarse tanto m\u00e1s espont\u00e1nea y libremente cuanto m\u00e1s&nbsp; perciban a su alrededor la presencia de amigos que los quieren y respetan, los aprecian y desean escuchar lo que tienen que decir\u201d, a\u00f1adi\u00f3.<\/p>\n\n\n\n<p>Adem\u00e1s, afirm\u00f3 que \u201cabrazar, proteger y cuidar forma parte de la naturaleza&nbsp; misma de la Iglesia, que es por su misma vocaci\u00f3n lugar de acogida y encuentro\u201d.<\/p>\n\n\n\n<p>Tambi\u00e9n destac\u00f3 que el S\u00ednodo, \u201cdada su importancia\u201d, en cierto sentido&nbsp; nos pide ser \u201cgrandes\u201d \u2015de mente, de coraz\u00f3n, de mirada\u2015, \u201cporque las cuestiones a tratar son grandes y delicadas, y los escenarios en que se sit\u00faan son amplios, universales\u201d.&nbsp;<\/p>\n\n\n\n<p>A modo de conclusi\u00f3n, el Papa Francisco se\u00f1al\u00f3 que \u201clos \u00e1ngeles son como un telescopio del amor del Padre\u201d.&nbsp;<\/p>\n\n\n\n<p>Fuente: <a href=\"https:\/\/www.aciprensa.com\/noticias\/107229\/sinodo-de-la-sinodalidad-papa-francisco-insta-a-participantes-a-no-imponer-su-agenda\">https:\/\/www.aciprensa.com\/noticias\/107229\/sinodo-de-la-sinodalidad-papa-francisco-insta-a-participantes-a-no-imponer-su-agenda<\/a><\/p>\n","protected":false},"excerpt":{"rendered":"<p>Por\u00a0Almudena Mart\u00ednez-Bordi\u00fa \/ ACI Prensa 2 de octubre de 2024 \u201cCuidemos de no convertir nuestras aportaciones en puntos que defender [&hellip;]<\/p>\n","protected":false},"author":1,"featured_media":86906,"comment_status":"open","ping_status":"open","sticky":false,"template":"","format":"standard","meta":{"site-sidebar-layout":"default","site-content-layout":"","ast-site-content-layout":"default","site-content-style":"default","site-sidebar-style":"default","ast-global-header-display":"","ast-banner-title-visibility":"","ast-main-header-display":"","ast-hfb-above-header-display":"","ast-hfb-below-header-display":"","ast-hfb-mobile-header-display":"","site-post-title":"","ast-breadcrumbs-content":"","ast-featured-img":"","footer-sml-layout":"","theme-transparent-header-meta":"","adv-header-id-meta":"","stick-header-meta":"","header-above-stick-meta":"","header-main-stick-meta":"","header-below-stick-meta":"","astra-migrate-meta-layouts":"default","ast-page-background-enabled":"default","ast-page-background-meta":{"desktop":{"background-color":"var(--ast-global-color-4)","background-image":"","background-repeat":"repeat","background-position":"center center","background-size":"auto","background-attachment":"scroll","background-type":"","background-media":"","overlay-type":"","overlay-color":"","overlay-opacity":"","overlay-gradient":""},"tablet":{"background-color":"","background-image":"","background-repeat":"repeat","background-position":"center center","background-size":"auto","background-attachment":"scroll","background-type":"","background-media":"","overlay-type":"","overlay-color":"","overlay-opacity":"","overlay-gradient":""},"mobile":{"background-color":"","background-image":"","background-repeat":"repeat","background-position":"center center","background-size":"auto","background-attachment":"scroll","background-type":"","background-media":"","overlay-type":"","overlay-color":"","overlay-opacity":"","overlay-gradient":""}},"ast-content-background-meta":{"desktop":{"background-color":"var(--ast-global-color-5)","background-image":"","background-repeat":"repeat","background-position":"center center","background-size":"auto","background-attachment":"scroll","background-type":"","background-media":"","overlay-type":"","overlay-color":"","overlay-opacity":"","overlay-gradient":""},"tablet":{"background-color":"var(--ast-global-color-5)","background-image":"","background-repeat":"repeat","background-position":"center center","background-size":"auto","background-attachment":"scroll","background-type":"","background-media":"","overlay-type":"","overlay-color":"","overlay-opacity":"","overlay-gradient":""},"mobile":{"background-color":"var(--ast-global-color-5)","background-image":"","background-repeat":"repeat","background-position":"center center","background-size":"auto","background-attachment":"scroll","background-type":"","background-media":"","overlay-type":"","overlay-color":"","overlay-opacity":"","overlay-gradient":""}},"footnotes":""},"categories":[8],"tags":[31076,196,26575],"class_list":["post-86905","post","type-post","status-publish","format-standard","has-post-thumbnail","hentry","category-noticias","tag-no-imponer-agendas","tag-papa-francisco","tag-sinodo-de-la-sinodalidad"],"_links":{"self":[{"href":"https:\/\/losperiodistas.com.mx\/portal\/wp-json\/wp\/v2\/posts\/86905","targetHints":{"allow":["GET"]}}],"collection":[{"href":"https:\/\/losperiodistas.com.mx\/portal\/wp-json\/wp\/v2\/posts"}],"about":[{"href":"https:\/\/losperiodistas.com.mx\/portal\/wp-json\/wp\/v2\/types\/post"}],"author":[{"embeddable":true,"href":"https:\/\/losperiodistas.com.mx\/portal\/wp-json\/wp\/v2\/users\/1"}],"replies":[{"embeddable":true,"href":"https:\/\/losperiodistas.com.mx\/portal\/wp-json\/wp\/v2\/comments?post=86905"}],"version-history":[{"count":1,"href":"https:\/\/losperiodistas.com.mx\/portal\/wp-json\/wp\/v2\/posts\/86905\/revisions"}],"predecessor-version":[{"id":86907,"href":"https:\/\/losperiodistas.com.mx\/portal\/wp-json\/wp\/v2\/posts\/86905\/revisions\/86907"}],"wp:featuredmedia":[{"embeddable":true,"href":"https:\/\/losperiodistas.com.mx\/portal\/wp-json\/wp\/v2\/media\/86906"}],"wp:attachment":[{"href":"https:\/\/losperiodistas.com.mx\/portal\/wp-json\/wp\/v2\/media?parent=86905"}],"wp:term":[{"taxonomy":"category","embeddable":true,"href":"https:\/\/losperiodistas.com.mx\/portal\/wp-json\/wp\/v2\/categories?post=86905"},{"taxonomy":"post_tag","embeddable":true,"href":"https:\/\/losperiodistas.com.mx\/portal\/wp-json\/wp\/v2\/tags?post=86905"}],"curies":[{"name":"wp","href":"https:\/\/api.w.org\/{rel}","templated":true}]}}