{"id":86902,"date":"2024-10-02T05:27:49","date_gmt":"2024-10-02T10:27:49","guid":{"rendered":"https:\/\/losperiodistas.com.mx\/portal\/?p=86902"},"modified":"2024-10-02T05:27:51","modified_gmt":"2024-10-02T10:27:51","slug":"sheinbaum-abre-dudas-sobre-el-presupuesto-para-empresas-del-estado-y-transferencias-sociales-el-economista","status":"publish","type":"post","link":"https:\/\/losperiodistas.com.mx\/portal\/sheinbaum-abre-dudas-sobre-el-presupuesto-para-empresas-del-estado-y-transferencias-sociales-el-economista\/","title":{"rendered":"Sheinbaum abre dudas sobre el presupuesto para empresas del Estado y transferencias sociales | El Economista"},"content":{"rendered":"\n<p class=\"has-medium-font-size\">El discurso de toma de protesta de la presidenta Claudia Sheinbaum dej\u00f3 dudas entre estrategas del mercado sobre el presupuesto federal y la ejecuci\u00f3n de las reformas.<\/p>\n\n\n\n<figure class=\"wp-block-image size-large\"><img fetchpriority=\"high\" decoding=\"async\" width=\"1024\" height=\"643\" src=\"https:\/\/losperiodistas.com.mx\/portal\/wp-content\/uploads\/2024\/10\/Captura-de-pantalla-2024-10-02-a-las-4.22.32\u202fa.m-1024x643.png\" alt=\"\" class=\"wp-image-86903\" srcset=\"https:\/\/losperiodistas.com.mx\/portal\/wp-content\/uploads\/2024\/10\/Captura-de-pantalla-2024-10-02-a-las-4.22.32\u202fa.m-1024x643.png 1024w, https:\/\/losperiodistas.com.mx\/portal\/wp-content\/uploads\/2024\/10\/Captura-de-pantalla-2024-10-02-a-las-4.22.32\u202fa.m-300x188.png 300w, https:\/\/losperiodistas.com.mx\/portal\/wp-content\/uploads\/2024\/10\/Captura-de-pantalla-2024-10-02-a-las-4.22.32\u202fa.m-768x483.png 768w, https:\/\/losperiodistas.com.mx\/portal\/wp-content\/uploads\/2024\/10\/Captura-de-pantalla-2024-10-02-a-las-4.22.32\u202fa.m.png 1512w\" sizes=\"(max-width: 1024px) 100vw, 1024px\" \/><figcaption class=\"wp-element-caption\">La mandataria expres\u00f3 en su discurso, de toma de posesi\u00f3n, que en su gobierno promover\u00e1n la inversi\u00f3n p\u00fablica y la privada.foto ee: eric lugo<\/figcaption><\/figure>\n\n\n\n<p class=\"has-vivid-red-color has-text-color has-link-color has-medium-font-size wp-elements-c21d3ad4005adef143060a9c0bab1f2c\"><strong>Yolanda Morales \/ El Economista<\/strong><\/p>\n\n\n\n<p>El discurso de toma de protesta de la presidenta Claudia Sheinbaum dej\u00f3 dudas entre estrategas del mercado sobre el presupuesto federal y la ejecuci\u00f3n de las reformas.&nbsp;<\/p>\n\n\n\n<p>Desde Brasil, el estratega para Am\u00e9rica Latina en el banco XP Investment, Marco Oviedo, coment\u00f3 que la mandataria insisti\u00f3 en seguir \u201ctirando recursos fiscales en Pemex\u201d.<\/p>\n\n\n\n<p>Aparte, la directora de an\u00e1lisis econ\u00f3mico en Banco Base, Gabriela Siller, destac\u00f3 que la gran duda que deja es de d\u00f3nde saldr\u00e1n los recursos para fondear sus propuestas de becas, apoyos sociales y transferencias.<\/p>\n\n\n\n<p>Para Alberto Ramos, economista para Am\u00e9rica Latina en Goldman Sachs, ser\u00e1 relevante conocer el detalle sobre las estrategias de pol\u00edticas para reducir las ineficiencias del gasto y la carga fiscal de las empresas estatales.<\/p>\n\n\n\n<p>Los tres coinciden en que el principal desaf\u00edo para la presidenta Sheinbaum ser\u00e1 reforzar el sentimiento del mercado y proporcionar un marco regulatorio y de pol\u00edticas predecibles y favorables a la inversi\u00f3n.<\/p>\n\n\n\n<p>Sobre el Estado de derecho, que demandan los inversionistas, enfatiz\u00f3 que \u201cla reciente reforma constitucional al Poder Judicial, que marca la elecci\u00f3n por voto popular de jueces, magistrados y ministros, significa m\u00e1s autonom\u00eda e independencia del poder judicial\u201d.<\/p>\n\n\n\n<p>Marco Oviedo afirm\u00f3 que \u201clos inversionistas est\u00e1n cansados de los discursos. Habr\u00e1 que ver el presupuesto y c\u00f3mose implementa la reforma\u201d.<\/p>\n\n\n\n<p><strong>Autonom\u00eda de Banco de M\u00e9xico y respeto a la IP<\/strong><\/p>\n\n\n\n<p>Para Siller, lo que gener\u00f3 m\u00e1s confianza de su discurso es cuando habl\u00f3 del respeto a la autonom\u00eda del Banco de M\u00e9xico.<\/p>\n\n\n\n<p>Ramos enfatiz\u00f3 que ser\u00e1 fundamental mostrar en los hechos que no se invadir\u00e1n las actividades del sector privado ni la operaci\u00f3n del libre mercado. Consider\u00f3 que ser\u00e1 igual de relevante, adoptar soluciones t\u00e9cnicas y de pol\u00edtica para evitar una mayor erosi\u00f3n institucional.<\/p>\n\n\n\n<p>La mandataria expres\u00f3 en su discurso que en su gobierno promover\u00e1n la inversi\u00f3n p\u00fablica y la privada. \u201clo digo con toda claridad: tengan la certeza que las inversiones de accionistas nacionales y extranjeros estar\u00e1n seguros en nuestro pa\u00eds\u201d.<\/p>\n\n\n\n<p><strong>T-MEC, coordinaci\u00f3n, no competencia<\/strong><\/p>\n\n\n\n<p>La mandataria asegur\u00f3 que, en el marco del Acuerdo Comercial con Estados Unidos y Canad\u00e1, el T-MEC, \u201caprovecharemos la relaci\u00f3n para seguir impulsando la relocalizaci\u00f3n de las empresas mientras se promueve el desarrollo regional con bienestar y cuidado del ambiente. Estados Unidos, Canad\u00e1 y M\u00e9xico sabemos que la cooperaci\u00f3n econ\u00f3mica fortalece a las tres naciones\u201d.<\/p>\n\n\n\n<p>El experto de Goldman Sachs resalt\u00f3 que no se puede dar por sentado que seguir\u00e1 el pa\u00eds en una senda constructiva. Siller consider\u00f3 que la Presidenta hizo una referencia d\u00e9bil a la sociedad de los tres pa\u00edses.<\/p>\n\n\n\n<p>\u201cEntre m\u00e1s pronto reconozca la relevancia de la iniciativa, m\u00e1s pronto alentar\u00e1 un repunte en el crecimiento econ\u00f3mico. En el sexenio anterior hubo muchas transferencias sociales y pocos incentivos a la inversi\u00f3n, lo que arroj\u00f3 un bajo crecimiento, el m\u00e1s bajo en varios sexenios\u201d, acot\u00f3.<\/p>\n\n\n\n<p>Desde su perspectiva, el gobierno entrante debe asumir que necesita ir de la mano del sector privado y generar confianza en los empresarios.<\/p>\n\n\n\n<p>Fuente: <a href=\"https:\/\/www.eleconomista.com.mx\/economia\/sheinbaum-abre-dudas-sobre-presupuesto-empresas-y-transferencias-sociales-20241001-728273.html\">https:\/\/www.eleconomista.com.mx\/economia\/sheinbaum-abre-dudas-sobre-presupuesto-empresas-y-transferencias-sociales-20241001-728273.html<\/a><\/p>\n","protected":false},"excerpt":{"rendered":"<p>El discurso de toma de protesta de la presidenta Claudia Sheinbaum dej\u00f3 dudas entre estrategas del mercado sobre el presupuesto [&hellip;]<\/p>\n","protected":false},"author":1,"featured_media":86903,"comment_status":"open","ping_status":"open","sticky":false,"template":"","format":"standard","meta":{"site-sidebar-layout":"default","site-content-layout":"","ast-site-content-layout":"default","site-content-style":"default","site-sidebar-style":"default","ast-global-header-display":"","ast-banner-title-visibility":"","ast-main-header-display":"","ast-hfb-above-header-display":"","ast-hfb-below-header-display":"","ast-hfb-mobile-header-display":"","site-post-title":"","ast-breadcrumbs-content":"","ast-featured-img":"","footer-sml-layout":"","theme-transparent-header-meta":"","adv-header-id-meta":"","stick-header-meta":"","header-above-stick-meta":"","header-main-stick-meta":"","header-below-stick-meta":"","astra-migrate-meta-layouts":"default","ast-page-background-enabled":"default","ast-page-background-meta":{"desktop":{"background-color":"var(--ast-global-color-4)","background-image":"","background-repeat":"repeat","background-position":"center center","background-size":"auto","background-attachment":"scroll","background-type":"","background-media":"","overlay-type":"","overlay-color":"","overlay-opacity":"","overlay-gradient":""},"tablet":{"background-color":"","background-image":"","background-repeat":"repeat","background-position":"center center","background-size":"auto","background-attachment":"scroll","background-type":"","background-media":"","overlay-type":"","overlay-color":"","overlay-opacity":"","overlay-gradient":""},"mobile":{"background-color":"","background-image":"","background-repeat":"repeat","background-position":"center center","background-size":"auto","background-attachment":"scroll","background-type":"","background-media":"","overlay-type":"","overlay-color":"","overlay-opacity":"","overlay-gradient":""}},"ast-content-background-meta":{"desktop":{"background-color":"var(--ast-global-color-5)","background-image":"","background-repeat":"repeat","background-position":"center center","background-size":"auto","background-attachment":"scroll","background-type":"","background-media":"","overlay-type":"","overlay-color":"","overlay-opacity":"","overlay-gradient":""},"tablet":{"background-color":"var(--ast-global-color-5)","background-image":"","background-repeat":"repeat","background-position":"center center","background-size":"auto","background-attachment":"scroll","background-type":"","background-media":"","overlay-type":"","overlay-color":"","overlay-opacity":"","overlay-gradient":""},"mobile":{"background-color":"var(--ast-global-color-5)","background-image":"","background-repeat":"repeat","background-position":"center center","background-size":"auto","background-attachment":"scroll","background-type":"","background-media":"","overlay-type":"","overlay-color":"","overlay-opacity":"","overlay-gradient":""}},"footnotes":""},"categories":[8],"tags":[31075,31072,31071,31074,31073],"class_list":["post-86902","post","type-post","status-publish","format-standard","has-post-thumbnail","hentry","category-noticias","tag-autonomia-banco-de-mexico","tag-dudas-sobre-ejecucion-de-reformas-mexico","tag-dudas-sobre-presupuesto-federa-mexico","tag-tirar-recursos-fiscales-pemex","tag-xp-investment"],"_links":{"self":[{"href":"https:\/\/losperiodistas.com.mx\/portal\/wp-json\/wp\/v2\/posts\/86902","targetHints":{"allow":["GET"]}}],"collection":[{"href":"https:\/\/losperiodistas.com.mx\/portal\/wp-json\/wp\/v2\/posts"}],"about":[{"href":"https:\/\/losperiodistas.com.mx\/portal\/wp-json\/wp\/v2\/types\/post"}],"author":[{"embeddable":true,"href":"https:\/\/losperiodistas.com.mx\/portal\/wp-json\/wp\/v2\/users\/1"}],"replies":[{"embeddable":true,"href":"https:\/\/losperiodistas.com.mx\/portal\/wp-json\/wp\/v2\/comments?post=86902"}],"version-history":[{"count":1,"href":"https:\/\/losperiodistas.com.mx\/portal\/wp-json\/wp\/v2\/posts\/86902\/revisions"}],"predecessor-version":[{"id":86904,"href":"https:\/\/losperiodistas.com.mx\/portal\/wp-json\/wp\/v2\/posts\/86902\/revisions\/86904"}],"wp:featuredmedia":[{"embeddable":true,"href":"https:\/\/losperiodistas.com.mx\/portal\/wp-json\/wp\/v2\/media\/86903"}],"wp:attachment":[{"href":"https:\/\/losperiodistas.com.mx\/portal\/wp-json\/wp\/v2\/media?parent=86902"}],"wp:term":[{"taxonomy":"category","embeddable":true,"href":"https:\/\/losperiodistas.com.mx\/portal\/wp-json\/wp\/v2\/categories?post=86902"},{"taxonomy":"post_tag","embeddable":true,"href":"https:\/\/losperiodistas.com.mx\/portal\/wp-json\/wp\/v2\/tags?post=86902"}],"curies":[{"name":"wp","href":"https:\/\/api.w.org\/{rel}","templated":true}]}}