{"id":86892,"date":"2024-10-01T21:47:01","date_gmt":"2024-10-02T02:47:01","guid":{"rendered":"http:\/\/losperiodistas.com.mx\/portal\/?p=86892"},"modified":"2024-10-01T21:47:04","modified_gmt":"2024-10-02T02:47:04","slug":"exhibicion-de-cine-documental-doctubre","status":"publish","type":"post","link":"https:\/\/losperiodistas.com.mx\/portal\/exhibicion-de-cine-documental-doctubre\/","title":{"rendered":"Se presenta exhibici\u00f3n de cine documental a Cinemateca Luis Bu\u00f1uel \u201cDOCTUBRE\u201d"},"content":{"rendered":"\n<p><em>La programaci\u00f3n abarca seis filmes de M\u00e9xico, Espa\u00f1a, Colombia, Estados Unidos y Portugal, programados del 03 al 25 de octubre con entrada libre<\/em><\/p>\n\n\n\n<figure class=\"wp-block-image size-full\"><img fetchpriority=\"high\" decoding=\"async\" width=\"997\" height=\"718\" src=\"https:\/\/losperiodistas.com.mx\/portal\/wp-content\/uploads\/2024\/10\/Captura-de-pantalla-2024-10-01-203520.png\" alt=\"DOCTUBRE en Cinemateca Luis Bu\u00f1uel\" class=\"wp-image-86893\" srcset=\"https:\/\/losperiodistas.com.mx\/portal\/wp-content\/uploads\/2024\/10\/Captura-de-pantalla-2024-10-01-203520.png 997w, https:\/\/losperiodistas.com.mx\/portal\/wp-content\/uploads\/2024\/10\/Captura-de-pantalla-2024-10-01-203520-300x216.png 300w, https:\/\/losperiodistas.com.mx\/portal\/wp-content\/uploads\/2024\/10\/Captura-de-pantalla-2024-10-01-203520-768x553.png 768w\" sizes=\"(max-width: 997px) 100vw, 997px\" \/><figcaption class=\"wp-element-caption\">\u201cDOCTUBRE\u201d, llega exhibici\u00f3n de cine documental a Cinemateca \u201cLuis Bu\u00f1uel\u201d<\/figcaption><\/figure>\n\n\n\n<p class=\"has-vivid-red-color has-text-color has-link-color wp-elements-eb27e7450528140191efa4df35f811c5\">Redacci\u00f3n<\/p>\n\n\n\n<p>Como parte del Festival DOCSMX, el gobierno presente de Sergio Salom\u00f3n, a trav\u00e9s de la Secretar\u00eda de Cultura, program\u00f3 en la Cinemateca \u201cLuis Bu\u00f1uel\u201d la red de exhibici\u00f3n colaborativa de cine documental \u201cDOCTUBRE\u201d, cuyas funciones abarcar\u00e1n seis filmes producidos en M\u00e9xico, Espa\u00f1a, Colombia, Estados Unidos y Portugal.<\/p>\n\n\n\n<p>El ciclo abrir\u00e1 con la pel\u00edcula \u201cBarbitch\u201d, dirigida por Diego Cruz, el jueves 03 de octubre a las 17:00 horas, y continuar\u00e1 con las cintas \u201cHija del Volc\u00e1n\u201d, de Jenifer de la Rosa Mart\u00edn, y \u201cHasta Encontrarnos\u201d, de los mexicanos \u00c1lex Albert, C\u00e9sar Chiquito, Montserrat Corona, Jaime Villa, Victoria Arellano, Patricia Carrillo, David Malpica y Emma Gonz\u00e1lez, el viernes 04 y s\u00e1bado 05, respectivamente.<\/p>\n\n\n\n<figure class=\"wp-block-gallery has-nested-images columns-default is-cropped wp-block-gallery-1 is-layout-flex wp-block-gallery-is-layout-flex\">\n<figure class=\"wp-block-image size-large\"><img decoding=\"async\" width=\"1024\" height=\"1024\" data-id=\"86894\" src=\"https:\/\/losperiodistas.com.mx\/portal\/wp-content\/uploads\/2024\/10\/DOCTUBRE_2024_IGYFB-2-1024x1024.jpg\" alt=\"\" class=\"wp-image-86894\" srcset=\"https:\/\/losperiodistas.com.mx\/portal\/wp-content\/uploads\/2024\/10\/DOCTUBRE_2024_IGYFB-2-1024x1024.jpg 1024w, https:\/\/losperiodistas.com.mx\/portal\/wp-content\/uploads\/2024\/10\/DOCTUBRE_2024_IGYFB-2-300x300.jpg 300w, https:\/\/losperiodistas.com.mx\/portal\/wp-content\/uploads\/2024\/10\/DOCTUBRE_2024_IGYFB-2-150x150.jpg 150w, https:\/\/losperiodistas.com.mx\/portal\/wp-content\/uploads\/2024\/10\/DOCTUBRE_2024_IGYFB-2-768x768.jpg 768w, https:\/\/losperiodistas.com.mx\/portal\/wp-content\/uploads\/2024\/10\/DOCTUBRE_2024_IGYFB-2.jpg 1280w\" sizes=\"(max-width: 1024px) 100vw, 1024px\" \/><\/figure>\n\n\n\n<figure class=\"wp-block-image size-large\"><img decoding=\"async\" width=\"1024\" height=\"1024\" data-id=\"86895\" src=\"https:\/\/losperiodistas.com.mx\/portal\/wp-content\/uploads\/2024\/10\/DOCTUBRE_2024_IGYFB-7-1024x1024.jpg\" alt=\"\" class=\"wp-image-86895\" srcset=\"https:\/\/losperiodistas.com.mx\/portal\/wp-content\/uploads\/2024\/10\/DOCTUBRE_2024_IGYFB-7-1024x1024.jpg 1024w, https:\/\/losperiodistas.com.mx\/portal\/wp-content\/uploads\/2024\/10\/DOCTUBRE_2024_IGYFB-7-300x300.jpg 300w, https:\/\/losperiodistas.com.mx\/portal\/wp-content\/uploads\/2024\/10\/DOCTUBRE_2024_IGYFB-7-150x150.jpg 150w, https:\/\/losperiodistas.com.mx\/portal\/wp-content\/uploads\/2024\/10\/DOCTUBRE_2024_IGYFB-7-768x768.jpg 768w, https:\/\/losperiodistas.com.mx\/portal\/wp-content\/uploads\/2024\/10\/DOCTUBRE_2024_IGYFB-7.jpg 1280w\" sizes=\"(max-width: 1024px) 100vw, 1024px\" \/><\/figure>\n<\/figure>\n\n\n\n<p>El mi\u00e9rcoles 23 del mismo mes, la dependencia presentar\u00e1 el documental \u201cIgualada\u201d, del director Juan Mej\u00eda Botero; mientras que el jueves 24 la funci\u00f3n ser\u00e1 \u201cMi hermano Al\u00ed\u201d, de la directora Paula Palacios. La programaci\u00f3n finalizar\u00e1 con la exhibici\u00f3n de \u201cR\u00edo de Sapos\u201d, de Juan Nu\u00f1ch, el viernes 25. Todas estas ser\u00e1n a las 19:00 horas.<\/p>\n\n\n\n<figure class=\"wp-block-image aligncenter size-large is-resized\"><img loading=\"lazy\" decoding=\"async\" width=\"1024\" height=\"1024\" src=\"https:\/\/losperiodistas.com.mx\/portal\/wp-content\/uploads\/2024\/10\/DOCTUBRE_2024_IGYFB-6-1024x1024.jpg\" alt=\"\" class=\"wp-image-86896\" style=\"width:422px;height:auto\" srcset=\"https:\/\/losperiodistas.com.mx\/portal\/wp-content\/uploads\/2024\/10\/DOCTUBRE_2024_IGYFB-6-1024x1024.jpg 1024w, https:\/\/losperiodistas.com.mx\/portal\/wp-content\/uploads\/2024\/10\/DOCTUBRE_2024_IGYFB-6-300x300.jpg 300w, https:\/\/losperiodistas.com.mx\/portal\/wp-content\/uploads\/2024\/10\/DOCTUBRE_2024_IGYFB-6-150x150.jpg 150w, https:\/\/losperiodistas.com.mx\/portal\/wp-content\/uploads\/2024\/10\/DOCTUBRE_2024_IGYFB-6-768x768.jpg 768w, https:\/\/losperiodistas.com.mx\/portal\/wp-content\/uploads\/2024\/10\/DOCTUBRE_2024_IGYFB-6.jpg 1280w\" sizes=\"(max-width: 1024px) 100vw, 1024px\" \/><\/figure>\n\n\n\n<p>Este ciclo est\u00e1 dirigido a personas mayores de 12 a\u00f1os, quienes podr\u00e1n ingresar de forma libre al recinto de la 5 Oriente n\u00famero 5 del Centro Hist\u00f3rico. La cartelera mensual del mismo est\u00e1 disponible en el sitio web de la Secretar\u00eda de Cultura (<a href=\"http:\/\/sc.puebla.gob.mx\/\">sc.puebla.gob.mx<\/a>), as\u00ed como en la p\u00e1gina de Facebook \u201cCinemateca Luis Bu\u00f1uel Puebla\u201d.<\/p>\n","protected":false},"excerpt":{"rendered":"<p>La programaci\u00f3n abarca seis filmes de M\u00e9xico, Espa\u00f1a, Colombia, Estados Unidos y Portugal, programados del 03 al 25 de octubre con entrada libre<\/p>\n","protected":false},"author":1,"featured_media":86893,"comment_status":"open","ping_status":"open","sticky":false,"template":"","format":"standard","meta":{"site-sidebar-layout":"default","site-content-layout":"","ast-site-content-layout":"default","site-content-style":"default","site-sidebar-style":"default","ast-global-header-display":"","ast-banner-title-visibility":"","ast-main-header-display":"","ast-hfb-above-header-display":"","ast-hfb-below-header-display":"","ast-hfb-mobile-header-display":"","site-post-title":"","ast-breadcrumbs-content":"","ast-featured-img":"","footer-sml-layout":"","theme-transparent-header-meta":"","adv-header-id-meta":"","stick-header-meta":"","header-above-stick-meta":"","header-main-stick-meta":"","header-below-stick-meta":"","astra-migrate-meta-layouts":"default","ast-page-background-enabled":"default","ast-page-background-meta":{"desktop":{"background-color":"var(--ast-global-color-4)","background-image":"","background-repeat":"repeat","background-position":"center center","background-size":"auto","background-attachment":"scroll","background-type":"","background-media":"","overlay-type":"","overlay-color":"","overlay-opacity":"","overlay-gradient":""},"tablet":{"background-color":"","background-image":"","background-repeat":"repeat","background-position":"center center","background-size":"auto","background-attachment":"scroll","background-type":"","background-media":"","overlay-type":"","overlay-color":"","overlay-opacity":"","overlay-gradient":""},"mobile":{"background-color":"","background-image":"","background-repeat":"repeat","background-position":"center center","background-size":"auto","background-attachment":"scroll","background-type":"","background-media":"","overlay-type":"","overlay-color":"","overlay-opacity":"","overlay-gradient":""}},"ast-content-background-meta":{"desktop":{"background-color":"var(--ast-global-color-5)","background-image":"","background-repeat":"repeat","background-position":"center center","background-size":"auto","background-attachment":"scroll","background-type":"","background-media":"","overlay-type":"","overlay-color":"","overlay-opacity":"","overlay-gradient":""},"tablet":{"background-color":"var(--ast-global-color-5)","background-image":"","background-repeat":"repeat","background-position":"center center","background-size":"auto","background-attachment":"scroll","background-type":"","background-media":"","overlay-type":"","overlay-color":"","overlay-opacity":"","overlay-gradient":""},"mobile":{"background-color":"var(--ast-global-color-5)","background-image":"","background-repeat":"repeat","background-position":"center center","background-size":"auto","background-attachment":"scroll","background-type":"","background-media":"","overlay-type":"","overlay-color":"","overlay-opacity":"","overlay-gradient":""}},"footnotes":""},"categories":[8],"tags":[20783,31070,28957,6092],"class_list":["post-86892","post","type-post","status-publish","format-standard","has-post-thumbnail","hentry","category-noticias","tag-cinemateca-luis-bunuel","tag-doctubre","tag-documentales","tag-gobierno-de-puebla"],"_links":{"self":[{"href":"https:\/\/losperiodistas.com.mx\/portal\/wp-json\/wp\/v2\/posts\/86892","targetHints":{"allow":["GET"]}}],"collection":[{"href":"https:\/\/losperiodistas.com.mx\/portal\/wp-json\/wp\/v2\/posts"}],"about":[{"href":"https:\/\/losperiodistas.com.mx\/portal\/wp-json\/wp\/v2\/types\/post"}],"author":[{"embeddable":true,"href":"https:\/\/losperiodistas.com.mx\/portal\/wp-json\/wp\/v2\/users\/1"}],"replies":[{"embeddable":true,"href":"https:\/\/losperiodistas.com.mx\/portal\/wp-json\/wp\/v2\/comments?post=86892"}],"version-history":[{"count":1,"href":"https:\/\/losperiodistas.com.mx\/portal\/wp-json\/wp\/v2\/posts\/86892\/revisions"}],"predecessor-version":[{"id":86897,"href":"https:\/\/losperiodistas.com.mx\/portal\/wp-json\/wp\/v2\/posts\/86892\/revisions\/86897"}],"wp:featuredmedia":[{"embeddable":true,"href":"https:\/\/losperiodistas.com.mx\/portal\/wp-json\/wp\/v2\/media\/86893"}],"wp:attachment":[{"href":"https:\/\/losperiodistas.com.mx\/portal\/wp-json\/wp\/v2\/media?parent=86892"}],"wp:term":[{"taxonomy":"category","embeddable":true,"href":"https:\/\/losperiodistas.com.mx\/portal\/wp-json\/wp\/v2\/categories?post=86892"},{"taxonomy":"post_tag","embeddable":true,"href":"https:\/\/losperiodistas.com.mx\/portal\/wp-json\/wp\/v2\/tags?post=86892"}],"curies":[{"name":"wp","href":"https:\/\/api.w.org\/{rel}","templated":true}]}}