{"id":8689,"date":"2021-06-02T08:09:28","date_gmt":"2021-06-02T13:09:28","guid":{"rendered":"http:\/\/losperiodistas.com.mx\/portal\/?p=8689"},"modified":"2021-06-02T08:09:30","modified_gmt":"2021-06-02T13:09:30","slug":"todos-a-votar","status":"publish","type":"post","link":"https:\/\/losperiodistas.com.mx\/portal\/todos-a-votar\/","title":{"rendered":"Todos a votar"},"content":{"rendered":"\n<p><\/p>\n\n\n\n<figure class=\"wp-block-image size-large\"><img fetchpriority=\"high\" decoding=\"async\" width=\"1024\" height=\"322\" src=\"https:\/\/losperiodistas.com.mx\/portal\/wp-content\/uploads\/2021\/06\/Captura-de-Pantalla-2021-06-02-a-las-8.06.33-1024x322.jpg\" alt=\"\" class=\"wp-image-8690\" srcset=\"https:\/\/losperiodistas.com.mx\/portal\/wp-content\/uploads\/2021\/06\/Captura-de-Pantalla-2021-06-02-a-las-8.06.33-1024x322.jpg 1024w, https:\/\/losperiodistas.com.mx\/portal\/wp-content\/uploads\/2021\/06\/Captura-de-Pantalla-2021-06-02-a-las-8.06.33-300x94.jpg 300w, https:\/\/losperiodistas.com.mx\/portal\/wp-content\/uploads\/2021\/06\/Captura-de-Pantalla-2021-06-02-a-las-8.06.33-768x241.jpg 768w, https:\/\/losperiodistas.com.mx\/portal\/wp-content\/uploads\/2021\/06\/Captura-de-Pantalla-2021-06-02-a-las-8.06.33-1536x483.jpg 1536w, https:\/\/losperiodistas.com.mx\/portal\/wp-content\/uploads\/2021\/06\/Captura-de-Pantalla-2021-06-02-a-las-8.06.33.jpg 1636w\" sizes=\"(max-width: 1024px) 100vw, 1024px\" \/><\/figure>\n\n\n\n<p class=\"has-vivid-cyan-blue-color has-text-color\" style=\"font-size:26px\"><strong><em>Por Humberto Aguilar Coronado<\/em><\/strong><\/p>\n\n\n\n<p>Finalmente lleg\u00f3 el momento en que todos podremos ejercer el derecho a votar por las candidatas y candidatos a cargos de elecci\u00f3n popular que se han presentado al electorado durante la campa\u00f1a de los \u00faltimos dos meses.<\/p>\n\n\n\n<p>Frente al proceso electoral m\u00e1s grande (por el n\u00famero de elecciones que se llevar\u00e1n a cabo ese d\u00eda y por el n\u00famero de cargos en disputa) ya es hora de que los ciudadanos nos expresemos en las urnas para emitir nuestra opini\u00f3n.<\/p>\n\n\n\n<p>De las muchas elecciones que se desahogar\u00e1n el pr\u00f3ximo domingo destaca, por el impacto que puede tener en el funcionamiento de las instituciones clave de nuestra democracia, la de la C\u00e1mara de Diputados del Congreso de la Uni\u00f3n.<\/p>\n\n\n\n<p>Esta elecci\u00f3n es fundamental para el futuro de M\u00e9xico ya que en ella decidiremos si durante el segundo trienio de la presidencia de Andr\u00e9s Manuel L\u00f3pez Obrador se mantendr\u00e1 la actual composici\u00f3n del Congreso y la actual fortaleza del Ejecutivo o si, por el contrario, se construir\u00e1n contrapesos y equilibrios para el ejercicio del poder.<\/p>\n\n\n\n<p>Estoy convencido de que el poder Ejecutivo lleva en su esencia la vocaci\u00f3n de extenderse. Los presidentes municipales, los gobernadores y los presidentes de la Rep\u00fablica aprovechar\u00e1n siempre cualquier resquicio que les permita el sistema para ampliar su poder y su \u00e1mbito de influencia.<\/p>\n\n\n\n<p>Hasta cierto punto esta es una condici\u00f3n natural de los poderes ejecutivos. Mientras menos l\u00edmites encuentren frente al ejercicio del poder p\u00fablico m\u00e1s factible parece que puedan realizar todos los proyectos y programas que se plantearon al iniciar su mandato.<\/p>\n\n\n\n<p>Mientras menos reglas que cumplir, menos requisitos que satisfacer, menos publicidad que ofrecer, menos controles que respetar, el poder siente que puede llegar mucho m\u00e1s lejos.<\/p>\n\n\n\n<p>Y no cabe duda de que esa vocaci\u00f3n puede estar alimentada de un genuino deseo de hacer el bien; puede ser que el gobernante crea con sinceridad que la ausencia de l\u00edmites le permitir\u00e1 disminuir el sufrimiento humano a niveles mayores que en otras circunstancias.<\/p>\n\n\n\n<p>Puede ser que ese sea el \u00e1nimo que mueve la vocaci\u00f3n de poder del Presidente L\u00f3pez Obrador.<\/p>\n\n\n\n<p>Sin embargo, aunque esa vocaci\u00f3n de desaparecer los contrapesos que caracteriza el gobierno federal, sea apoyado por muchos mexicanos, lo cierto es que el peligro que esa ruta significa es enorme.<\/p>\n\n\n\n<p>Todos hemos sido testigos, desde el principio de la administraci\u00f3n federal, de las maniobras del gobierno para minar la fortaleza de los organismos aut\u00f3nomos, de los otros poderes de la Uni\u00f3n, de los poderes de los Estados y de los municipios.<\/p>\n\n\n\n<p>El Presidente ha golpeado un d\u00eda si y otro tambi\u00e9n al Poder Judicial de la Federaci\u00f3n, al INE, al Gobernador del Banco de M\u00e9xico y no se diga a la sociedad civil organizada y a la prensa.<\/p>\n\n\n\n<p>Todo con el af\u00e1n de eliminar obst\u00e1culos. El peligro es que un poder sin frenos es el pero enemigo de la libertad.<\/p>\n\n\n\n<p>Entiendo que much\u00edsimos mexicanos se preocupan mucho m\u00e1s por mejorar su situaci\u00f3n econ\u00f3mica que por luchar por su libertad. Es por ello que a a los pol\u00edticos nos corresponde levantar la voz, prender las alarmas y difundir con toda la fuerza de nuestra voz la necesidad de generar contrapesos eficientes para que el Ejecutivo atienda su agenda con respeto a las leyes y a los valores francos de la democracia.<\/p>\n\n\n\n<p>Por ello decid\u00ed postularme por la Coalici\u00f3n Va por M\u00e9xico por un espacio en la C\u00e1mara de Diputados.<\/p>\n\n\n\n<p>Por eso le pido a todos las mujers y hombres de del Distrito, el 10 con cabecera en San Pedro Cholula, que voten por nosotros, que voten por el PAN para garantizar el espacio desde el que podamos ejercer con patriotismo los contrapesos que M\u00e9xico y su democracia requieren.<\/p>\n\n\n\n<p>*Es politologo con Maestr\u00eda en Negociaci\u00f3n por la Universidad Carlos III de Madrid, Espa\u00f1a.<\/p>\n","protected":false},"excerpt":{"rendered":"<p>Por Humberto Aguilar Coronado Finalmente lleg\u00f3 el momento en que todos podremos ejercer el derecho a votar por las candidatas [&hellip;]<\/p>\n","protected":false},"author":1,"featured_media":8690,"comment_status":"open","ping_status":"open","sticky":false,"template":"","format":"standard","meta":{"site-sidebar-layout":"default","site-content-layout":"","ast-site-content-layout":"default","site-content-style":"default","site-sidebar-style":"default","ast-global-header-display":"","ast-banner-title-visibility":"","ast-main-header-display":"","ast-hfb-above-header-display":"","ast-hfb-below-header-display":"","ast-hfb-mobile-header-display":"","site-post-title":"","ast-breadcrumbs-content":"","ast-featured-img":"","footer-sml-layout":"","theme-transparent-header-meta":"","adv-header-id-meta":"","stick-header-meta":"","header-above-stick-meta":"","header-main-stick-meta":"","header-below-stick-meta":"","astra-migrate-meta-layouts":"default","ast-page-background-enabled":"default","ast-page-background-meta":{"desktop":{"background-color":"var(--ast-global-color-4)","background-image":"","background-repeat":"repeat","background-position":"center center","background-size":"auto","background-attachment":"scroll","background-type":"","background-media":"","overlay-type":"","overlay-color":"","overlay-opacity":"","overlay-gradient":""},"tablet":{"background-color":"","background-image":"","background-repeat":"repeat","background-position":"center center","background-size":"auto","background-attachment":"scroll","background-type":"","background-media":"","overlay-type":"","overlay-color":"","overlay-opacity":"","overlay-gradient":""},"mobile":{"background-color":"","background-image":"","background-repeat":"repeat","background-position":"center center","background-size":"auto","background-attachment":"scroll","background-type":"","background-media":"","overlay-type":"","overlay-color":"","overlay-opacity":"","overlay-gradient":""}},"ast-content-background-meta":{"desktop":{"background-color":"var(--ast-global-color-5)","background-image":"","background-repeat":"repeat","background-position":"center center","background-size":"auto","background-attachment":"scroll","background-type":"","background-media":"","overlay-type":"","overlay-color":"","overlay-opacity":"","overlay-gradient":""},"tablet":{"background-color":"var(--ast-global-color-5)","background-image":"","background-repeat":"repeat","background-position":"center center","background-size":"auto","background-attachment":"scroll","background-type":"","background-media":"","overlay-type":"","overlay-color":"","overlay-opacity":"","overlay-gradient":""},"mobile":{"background-color":"var(--ast-global-color-5)","background-image":"","background-repeat":"repeat","background-position":"center center","background-size":"auto","background-attachment":"scroll","background-type":"","background-media":"","overlay-type":"","overlay-color":"","overlay-opacity":"","overlay-gradient":""}},"footnotes":""},"categories":[8,18],"tags":[],"class_list":["post-8689","post","type-post","status-publish","format-standard","has-post-thumbnail","hentry","category-noticias","category-palabra-de-tigre"],"_links":{"self":[{"href":"https:\/\/losperiodistas.com.mx\/portal\/wp-json\/wp\/v2\/posts\/8689","targetHints":{"allow":["GET"]}}],"collection":[{"href":"https:\/\/losperiodistas.com.mx\/portal\/wp-json\/wp\/v2\/posts"}],"about":[{"href":"https:\/\/losperiodistas.com.mx\/portal\/wp-json\/wp\/v2\/types\/post"}],"author":[{"embeddable":true,"href":"https:\/\/losperiodistas.com.mx\/portal\/wp-json\/wp\/v2\/users\/1"}],"replies":[{"embeddable":true,"href":"https:\/\/losperiodistas.com.mx\/portal\/wp-json\/wp\/v2\/comments?post=8689"}],"version-history":[{"count":1,"href":"https:\/\/losperiodistas.com.mx\/portal\/wp-json\/wp\/v2\/posts\/8689\/revisions"}],"predecessor-version":[{"id":8691,"href":"https:\/\/losperiodistas.com.mx\/portal\/wp-json\/wp\/v2\/posts\/8689\/revisions\/8691"}],"wp:featuredmedia":[{"embeddable":true,"href":"https:\/\/losperiodistas.com.mx\/portal\/wp-json\/wp\/v2\/media\/8690"}],"wp:attachment":[{"href":"https:\/\/losperiodistas.com.mx\/portal\/wp-json\/wp\/v2\/media?parent=8689"}],"wp:term":[{"taxonomy":"category","embeddable":true,"href":"https:\/\/losperiodistas.com.mx\/portal\/wp-json\/wp\/v2\/categories?post=8689"},{"taxonomy":"post_tag","embeddable":true,"href":"https:\/\/losperiodistas.com.mx\/portal\/wp-json\/wp\/v2\/tags?post=8689"}],"curies":[{"name":"wp","href":"https:\/\/api.w.org\/{rel}","templated":true}]}}