{"id":86889,"date":"2024-10-01T21:29:26","date_gmt":"2024-10-02T02:29:26","guid":{"rendered":"http:\/\/losperiodistas.com.mx\/portal\/?p=86889"},"modified":"2024-10-01T21:29:29","modified_gmt":"2024-10-02T02:29:29","slug":"los-100-puntos-de-sheinbaum-para-construir-su-mexico","status":"publish","type":"post","link":"https:\/\/losperiodistas.com.mx\/portal\/los-100-puntos-de-sheinbaum-para-construir-su-mexico\/","title":{"rendered":"Los 100 pasos de Claudia Sheinbaum para construir \u2018su\u2019 M\u00e9xico | El Pa\u00eds"},"content":{"rendered":"\n<p>La primera mujer en alcanzar la presidencia de M\u00e9xico presenta, ante cientos de miles de personas, un plan que traza la ruta del nuevo Gobierno<\/p>\n\n\n\n<figure class=\"wp-block-image size-large\"><img fetchpriority=\"high\" decoding=\"async\" width=\"1024\" height=\"602\" src=\"https:\/\/losperiodistas.com.mx\/portal\/wp-content\/uploads\/2024\/10\/Captura-de-pantalla-2024-10-01-200111-1024x602.png\" alt=\"Claudia Sheinbaum y sus 100 puntos\" class=\"wp-image-86890\" srcset=\"https:\/\/losperiodistas.com.mx\/portal\/wp-content\/uploads\/2024\/10\/Captura-de-pantalla-2024-10-01-200111-1024x602.png 1024w, https:\/\/losperiodistas.com.mx\/portal\/wp-content\/uploads\/2024\/10\/Captura-de-pantalla-2024-10-01-200111-300x176.png 300w, https:\/\/losperiodistas.com.mx\/portal\/wp-content\/uploads\/2024\/10\/Captura-de-pantalla-2024-10-01-200111-768x452.png 768w, https:\/\/losperiodistas.com.mx\/portal\/wp-content\/uploads\/2024\/10\/Captura-de-pantalla-2024-10-01-200111.png 1294w\" sizes=\"(max-width: 1024px) 100vw, 1024px\" \/><figcaption class=\"wp-element-caption\">Claudia Sheinbaum saluda a simpatizantes tras recibir el bast\u00f3n de mando, este martes en el Z\u00f3calo de Ciudad de M\u00e9xico.Foto: AP<\/figcaption><\/figure>\n\n\n\n<p class=\"has-vivid-red-color has-text-color has-link-color wp-elements-0cad9ffb7bb83c2343efdd259236f480\">El\u00edas Camhaji \/ Alejandro I. L\u00f3pez \/ El Pa\u00eds<\/p>\n\n\n\n<p>La primera presidenta de M\u00e9xico. La pol\u00edtica m\u00e1s votada en la historia del pa\u00eds. La mujer que carga a sus espaldas la esperanza de casi 36 millones de votantes y que deber\u00e1 gobernar para m\u00e1s de 130 millones de mexicanas y mexicanos.<\/p>\n\n\n\n<p>Tras seis a\u00f1os de mandato de Andr\u00e9s Manuel L\u00f3pez Obrador y otros 64 hombres que la precedieron, ha llegado el momento de Claudia Sheinbaum.<\/p>\n\n\n\n<p>La mandataria tom\u00f3 protesta en el Palacio Legislativo de San L\u00e1zaro y celebr\u00f3 su primer acto masivo ante cientos de miles de simpatizantes que llenaron este martes el Z\u00f3calo de Ciudad de M\u00e9xico, la plaza m\u00e1s emblem\u00e1tica del pa\u00eds, para escuchar l<a href=\"https:\/\/elpais.com\/mexico\/2024-10-02\/estas-son-las-100-promesas-de-claudia-sheinbaum-como-presidenta-de-mexico.html\">os 100 puntos que guiar\u00e1n los destinos del pr\u00f3ximo Gobierno <\/a>y presenciar la entrega ceremonial de un bast\u00f3n de mando, el s\u00edmbolo de una nueva era. <em>\u201cMe comprometo a seguir haciendo historia\u201d<\/em>, afirm\u00f3 Sheinbaum, que escribi\u00f3 la primera p\u00e1gina de su Administraci\u00f3n en tacones y vestido color marfil.<\/p>\n\n\n\n<p><em>\u201cMe comprometo con ustedes que entregar\u00e9 mi conocimiento, mi alma, mi vida y lo mejor de mi misma para el bienestar del pueblo de M\u00e9xico\u201d<\/em>, se\u00f1al\u00f3 Sheinbaum en un mensaje que marc\u00f3 el inicio de un nuevo curso pol\u00edtico. Hubo mucho de L\u00f3pez Obrador en su discurso.<\/p>\n\n\n\n<p>La presidenta habl\u00f3 ampliamente del legado de su predecesor y mentor pol\u00edtico, pero ofreci\u00f3 tambi\u00e9n los primeros esbozos de lo que ser\u00e1 <em>su<\/em> estilo, <em>sus<\/em> prioridades y <em>su<\/em> sello como nueva mandataria. \u201c<em>Hoy inicia el segundo piso de la Cuarta Transformaci\u00f3n, eso significa mantener nuestros principios y nuestras causas\u201d<\/em>, afirm\u00f3.<\/p>\n\n\n\n<p>Los 100 puntos de su plan de gobierno retoman las l\u00edneas que traz\u00f3 L\u00f3pez Obrador \u2014<em>como la austeridad, la lucha contra la corrupci\u00f3n o la ampliaci\u00f3n de los programas sociales<\/em>\u2014, pero dan cuenta tambi\u00e9n de su propia impronta: <a href=\"https:\/\/elpais.com\/mexico\/2024-08-19\/claudia-sheinbaum-anuncia-a-citlalli-hernandez-como-nueva-titular-de-la-secretaria-de-las-mujeres.html\">del impulso a las mujeres<\/a>, la apuesta por la educaci\u00f3n y la ciencia, los retos en materia de medio ambiente y la lucha contra el machismo y el racismo. M\u00e1s all\u00e1 de la consigna de <em>\u201ccontinuidad con cambio\u201d<\/em>, Sheinbaum dot\u00f3 por primera vez de contenido a su nuevo Gobierno.<\/p>\n\n\n\n<h2 class=\"wp-block-heading\">Los 100 puntos de Claudia Sheinbaum, a detalle<\/h2>\n\n\n\n<p><\/p>\n\n\n\n<ol class=\"wp-block-list\">\n<li>Gobernaremos con la obligada divisi\u00f3n entre el poder econ\u00f3mico y pol\u00edtico. Nunca nos someteremos a intereses econ\u00f3micos, pol\u00edticos o extranjeros. Siempre trabajaremos por el inter\u00e9s supremo del pueblo y de la naci\u00f3n.<br><\/li>\n\n\n\n<li>Gobernaremos teniendo como sustento el humanismo mexicano, que se nutre de dos pilares: la esencia de los pueblos originarios y tambi\u00e9n la fecunda historia de M\u00e9xico.<br><\/li>\n\n\n\n<li>Seremos un Gobierno sensible y cercano a la gente, de territorio, no de escritorio. Seguir\u00e9 visitando todos los Estados de la rep\u00fablica los fines de semana. A partir de ma\u00f1ana, reinician las ma\u00f1aneras del pueblo a las 07.30 de la ma\u00f1ana.<br><\/li>\n\n\n\n<li>Garantizaremos todas las libertades: la de expresi\u00f3n, de prensa, reuni\u00f3n y movilizaci\u00f3n. La libertad es un principio democr\u00e1tico. Se respetar\u00e1n los derechos humanos y nunca usaremos la fuerza del Estado para reprimir al pueblo de M\u00e9xico.<br><\/li>\n\n\n\n<li>Respetaremos y garantizaremos la diversidad religiosa, pol\u00edtica, social, cultural y sexual de nuestra sociedad. Combatiremos cualquier forma de discriminaci\u00f3n. No al racismo, al clasismo y al machismo.<br><\/li>\n\n\n\n<li>La pol\u00edtica exterior seguir\u00e1 los principios constitucionales: libre autodeterminaci\u00f3n de los pueblos, no intervenci\u00f3n y soluci\u00f3n pac\u00edfica de controversias. Nos corresponde siempre defender la grandeza de M\u00e9xico y promover relaciones de respeto. Nunca de subordinaci\u00f3n. Somos un pa\u00eds libre, democr\u00e1tico, soberano e independiente.<br><\/li>\n\n\n\n<li>Nuestros paisanos son h\u00e9roes y hero\u00ednas de la patria. No solo ayudan a la econom\u00eda de nuestro pa\u00eds, sino que tambi\u00e9n son pilar de la econom\u00eda de Estados Unidos, siempre estaremos agradecidos y admirados por su trabajo, por ayudar a sus familias cada mes, por ello, siempre les defenderemos. Le he encargado al secretario de Relaciones Exteriores que su principal tarea sea atender en consulados que est\u00e1n en Estados Unidos y otros pa\u00edses a nuestros paisanos y paisanas con dignidad.<br><\/li>\n\n\n\n<li>Ya se aprob\u00f3 la reforma judicial. En unos d\u00edas el Senado va a emitir la convocatoria porque la elecci\u00f3n (de cargos judiciales) es en junio de 2025. Como lo dije en el Congreso, lo que queremos es m\u00e1s independencia y autonom\u00eda del poder judicial, erradicar la corrupci\u00f3n. Adem\u00e1s, ya el Ejecutivo se elige democr\u00e1ticamente, el Legislativo tambi\u00e9n, ahora le toca al poder judicial ser elegido democr\u00e1ticamente.<br><\/li>\n\n\n\n<li>Seguiremos trabajando con los familiares para alcanzar la verdad y justicia hasta encontrar a todos los j\u00f3venes desaparecidos de Ayotzinapa.<br><\/li>\n\n\n\n<li>Impulsaremos la reforma constitucional al sistema electoral que fortalezca la democracia participativa, la revocaci\u00f3n de mandato, la decisi\u00f3n del pueblo a trav\u00e9s de las consultas y la reducci\u00f3n del costo de las elecciones. En 2027, me someter\u00e9 a la revocaci\u00f3n de mandato como lo establece la constituci\u00f3n.<br><\/li>\n\n\n\n<li>Enviaremos una iniciativa de reforma constitucional para recuperar el principio democr\u00e1tico de no reelecci\u00f3n, para que a partir de 2030 ning\u00fan puesto de elecci\u00f3n popular pueda ser reelecto. Impulsaremos la prohibici\u00f3n de suceder a un familiar directo en los cargos de elecci\u00f3n popular. No al nepotismo.<br><\/li>\n\n\n\n<li>Encabezaremos un gobierno honesto, honrado, sin nepotismo, corrupci\u00f3n e impunidad. La Secretar\u00eda de la Funci\u00f3n P\u00fablica (SFP) se convierte en la Secretar\u00eda Anticorrupci\u00f3n y de Buen Gobierno. No va a regresar el r\u00e9gimen de corrupci\u00f3n y de privilegios. Nuestra gu\u00eda ser\u00e1 siempre la honradez y la honestidad.<br><\/li>\n\n\n\n<li>No regresar\u00e1 el modelo neoliberal que tanto da\u00f1o le hizo a M\u00e9xico. Se mantendr\u00e1 la econom\u00eda y el humanismo mexicano.<br><\/li>\n\n\n\n<li>No regresar\u00e1 el avi\u00f3n presidencial. Ni tampoco vivir\u00e9 en Los Pinos, vamos a vivir en Palacio Nacional. Vamos a mantener la austeridad republicana, disciplina financiera y fiscal. Continuar\u00e1 un gobierno sin lujos ni privilegios. Est\u00e1 por aprobarse la reforma constitucional para que nadie gane m\u00e1s que la presidenta de la Rep\u00fablica.<br><\/li>\n\n\n\n<li>Respetaremos la autonom\u00eda del Banco de M\u00e9xico y mantendremos un equilibrio razonable entre deuda y Producto Interno Bruto. Seguiremos financiando el desarrollo con la pol\u00edtica de austeridad republicana.<br><\/li>\n\n\n\n<li>Apoyaremos la econom\u00eda popular. No va a aumentar la gasolina, ni el di\u00e9sel, ni la electricidad, ni el gas dom\u00e9stico por encima de la inflaci\u00f3n. Tampoco la canasta b\u00e1sica. No van a regresar los gasolinazos.<br><\/li>\n\n\n\n<li>Vamos a facilitar el acceso al pago de impuestos, tr\u00e1mites y servicios. Crearemos el programa de reducci\u00f3n y digitalizaci\u00f3n de tr\u00e1mites m\u00e1s grande de nuestra historia.<br><\/li>\n\n\n\n<li>Estamos saldando deudas hist\u00f3ricas que ten\u00edamos con pueblos y comunidades ind\u00edgenas y afromexicanas. Se aprob\u00f3 por unanimidad en el Congreso los derechos plenos de pueblos ind\u00edgenas y afromexicanos.<br><\/li>\n\n\n\n<li>Vamos a garantizar todos los programas de bienestar del presidente L\u00f3pez Obrador. Adem\u00e1s tambi\u00e9n est\u00e1n por aprobarse en el Congreso, para que pasen a la Constituci\u00f3n: pensi\u00f3n universal para los adultos mayores, pensi\u00f3n a personas con discapacidad, becas Benito Ju\u00e1rez para estudiantes de prepa p\u00fablica, Becas para estudiantes escasos recursos, el programa Sembrando vida, J\u00f3venes sembrando el futuro, Producci\u00f3n y pesca para el bienestar, Precios de garant\u00eda, La escuela es nuestra y La cl\u00ednica es nuestra. Los vamos a mantener.<br><\/li>\n\n\n\n<li>Todas las <a href=\"https:\/\/elpais.com\/mexico\/2024-07-18\/pension-del-bienestar-para-mujeres-de-60-a-64-anos-cuando-se-recibiran-los-apoyos-y-el-monto-que-se-otorga.html\">mujeres de 60 a 64 a\u00f1os recibir\u00e1n un apoyo bimestral.<\/a><br><\/li>\n\n\n\n<li>Como me compromet\u00ed, todas y todos los estudiantes de preescolar, primaria y secundaria p\u00fablica tendr\u00e1n beca si van a la escuela p\u00fablica. En 2025 vamos a iniciar con los estudiantes de secundaria.<br><\/li>\n\n\n\n<li>Este octubre tambi\u00e9n iniciaremos con el programa de atenci\u00f3n a la salud casa por casa a los adultos mayores. Para ello, los Servidores de la naci\u00f3n tocar\u00e1n puerta por puerta en todas las casas de los adultos mayores, les har\u00e1n un cuestionario para conocer su situaci\u00f3n de salud y en enero vamos a contratar m\u00e1s de 20.000 enfermeros y m\u00e9dicos para que sea una realidad la atenci\u00f3n a la salud casa por casa de todos los adultos mayores.<br><\/li>\n\n\n\n<li>Vamos a fortalecer el Banco del bienestar y tambi\u00e9n la Financiera para el bienestar, que facilita las remesas sin cobrar comisiones y otorga cr\u00e9ditos a la palabra.<br><\/li>\n\n\n\n<li>Llevaremos apoyo a las mujeres ind\u00edgenas artesanas de todo el pa\u00eds y tendremos un esquema de comercializaci\u00f3n a precios justos de huipiles, textiles, alfarer\u00eda y todas las maravillas que realizan las artesanas, que son ra\u00edz cultural de M\u00e9xico.<br><\/li>\n\n\n\n<li>Apoyaremos la iniciativa para establecer en la Constituci\u00f3n el maltrato a los animales.<br><\/li>\n\n\n\n<li>Continuar\u00e1 el modelo educativo de la Nueva escuela mexicana y los libros de texto gratuitos.<br><\/li>\n\n\n\n<li>El magisterio nacional seguir\u00e1 siendo reconocido por su noble tarea. Vamos por fin a desaparecer la USICAMM. y vamos a trabajar conjuntamente en un nuevo sistema de contrataci\u00f3n, promoci\u00f3n y permanencia, que garantice los derechos laborales y el derecho a la educaci\u00f3n.<br><\/li>\n\n\n\n<li>Seguir\u00e1 el programa La Escuela es nuestra y se expandir\u00e1 a la educaci\u00f3n media superior.<br><\/li>\n\n\n\n<li>El horario de las escuelas primarias se extender\u00e1 gradualmente para ense\u00f1ar educaci\u00f3n f\u00edsica y art\u00edstica.<br><\/li>\n\n\n\n<li>Haremos de las escuelas p\u00fablicas espacios de prevenci\u00f3n de la salud, incluyendo salud mental, prevenci\u00f3n de las adicciones, salud bucal y el programa \u201cvisualiza tus sue\u00f1os\u201d, que consiste en ex\u00e1menes de la vista y lentes gratuitos a todos los ni\u00f1os que los necesiten.<br><\/li>\n\n\n\n<li>Vamos a fortalecer las preparatorias p\u00fablicas y la educaci\u00f3n media superior. El objetivo es que todos los que salen de secundaria tengan un espacio para continuar con sus estudios y que no abandonen la escuela. Vamos a hacer m\u00e1s preparatorias. En campa\u00f1a dec\u00eda que es mejor que los adolescentes est\u00e9n en la escuela. Por eso queremos a todos los j\u00f3venes en la escuela. Vamos a ampliar la educaci\u00f3n superior, a consolidar las universidades Benito Ju\u00e1rez y hacer nacionales las universidades Rosario Castellanos y de la Salud. El objetivo es aumentar en al menos 300 mil espacios m\u00e1s en universidades.<br><\/li>\n\n\n\n<li>En la Zona Metropolitana del Valle de M\u00e9xico desaparecer\u00e1 el examen de COMIPEMS.<br><\/li>\n\n\n\n<li>Haremos de M\u00e9xico una potencia cient\u00edfica y de la innovaci\u00f3n, para ello apoyaremos las ciencias b\u00e1sicas, naturales y las humanidades.<br><\/li>\n\n\n\n<li>Consolidaremos el programa espacial mexicano y pondremos en \u00f3rbita un sat\u00e9lite propio que nos permita ampliar la conectividad de todas las personas. Nos integraremos a la cadena de producci\u00f3n de semiconductores, pero tambi\u00e9n los desarrollaremos en el pa\u00eds. Pondremos en marcha la producci\u00f3n en litio. Tendremos una f\u00e1brica de <em>software <\/em>p\u00fablico y un centro de ciberseguridad e Inteligencia Artificial. Las soluciones tecnol\u00f3gicas ser\u00e1n hechas en casa por j\u00f3venes profesionistas. Produciremos drones de bajo costo y alta eficiencia, equipos de telecomunicaciones cifrados, equipos de diagn\u00f3stico y monitoreo de enfermedades y tecnolog\u00edas para el agua y tal. Ser\u00e1 tecnolog\u00eda hecha en M\u00e9xico por mexicanas y mexicanos.<br><\/li>\n\n\n\n<li>Apoyaremos el deporte comunitario, impulsaremos deportivos comunitarios y a los deportistas de alto rendimiento.<br><\/li>\n\n\n\n<li>Rep\u00fablica cultural y lectora. Crearemos el sistema m\u00e1s ambicioso de educaci\u00f3n y creaci\u00f3n art\u00edstica formal y comunitaria, a consolidar las escuelas del INBALy a promover la educaci\u00f3n art\u00edstica en las escuelas. Por cada escuela p\u00fablica formaremos una banda, un coro, una orquesta, un grupo de teatro, de creaci\u00f3n literaria y de artes pl\u00e1sticas, que tengan espacio de encuentro.<br><\/li>\n\n\n\n<li>Garantizaremos las condiciones para que los artistas de M\u00e9xico puedan desarrollar su actividad y reciban una remuneraci\u00f3n justa.<br><\/li>\n\n\n\n<li>Promoveremos desarrollo y acceso a la cultura en todos los \u00e1mbitos y disciplinas.<br><\/li>\n\n\n\n<li>Seguiremos impulsando la grandeza cultural y la recuperaci\u00f3n de la memoria hist\u00f3rica de M\u00e9xico. Eso ya inici\u00f3 y no lo vamos a dejar.<br><\/li>\n\n\n\n<li>Haremos una rep\u00fablica de lectores, promoviendo c\u00edrculos de lectura en todos los \u00e1mbitos educativos y laborales, creando m\u00e1s salas de lectura, redes de librer\u00edas, bibliotecas populares, ferias del libro, as\u00ed como producci\u00f3n de libros a bajo costo y bibliotecas a bajo costo.<br><\/li>\n\n\n\n<li>Acceso a vacunas, cirug\u00edas, y tratamientos para hacer efectivo el derecho a la Salud.<br><\/li>\n\n\n\n<li>Fortalecer el programa de distribuci\u00f3n de medicamentos que comenzar\u00e1 a mediados de 2025.<br><\/li>\n\n\n\n<li>Se impulsar\u00e1 un programa de cuidados para los primeros mil d\u00edas de vida. Acompa\u00f1amiento a las mujeres embarazadas.<br><\/li>\n\n\n\n<li>Programa ampliaci\u00f3n en los centros de salud y de laboratorios cl\u00ednicos.<br><\/li>\n\n\n\n<li>Seguir\u00e1 el programa de modernizaci\u00f3n de infraestructura y equipamiento de hospitales y unidades de Salud. Un programa amplio de cirug\u00edas, sobre todo, la de cataratas y la de rodillas, que ser\u00e1n masivas en todo el pa\u00eds.<br><\/li>\n\n\n\n<li>En escuelas, centros de trabajo y espacios p\u00fabicos se impulsar\u00e1n programas para reducir la obesidad y la diabetes. \u201cNada de seguir comiendo chatarra\u201d.<br><\/li>\n\n\n\n<li>Inauguraci\u00f3n de 16 unidades del IMSS Bienestar, siete del IMSS y cuatro del ISSSTE.<br><\/li>\n\n\n\n<li>Acceso a la vivienda: Un mill\u00f3n de viviendas ser\u00e1n entregadas durante todo el sexenio, una parte con el Infonativ y el Fovissste; y la otra un programa de vivienda popular, para quienes no cuentan con prestaciones. 450.000 cr\u00e9ditos ser\u00e1n entregados a bajo costo para el mejoramiento de la vivienda.<br><\/li>\n\n\n\n<li>Programa masivo de escrituraci\u00f3n de vivienda. Comenzando en Tijuana y Estado de M\u00e9xico.<br><\/li>\n\n\n\n<li>En la zona oriente del Estado de M\u00e9xico se llevar\u00e1 a cabo un proyecto sin precedentes para revertir el rezago de acceso al agua, vivienda y movilidad.<br><\/li>\n\n\n\n<li>Haremos la primera Secretar\u00eda de las Mujeres. El 3 de octubre se enviar\u00e1 un paquete de reformas para que en el art\u00edculo 4 de la Constituci\u00f3n quede recogida la Igualdad sustantiva entre hombres y mujeres. Tambi\u00e9n se incluir\u00e1 en la Constituci\u00f3n el derecho de las mujeres a vivir una vida libre de violencias. Se crear\u00e1n mecanismos para que no haya brecha salarial entre hombres y mujeres. Habr\u00e1 gabinetes paritarios en municipios y Estados. Implantaci\u00f3n a nivel federal la ley Olimpia y Ley y la ley contra la violencia vicaria. Sheinbaum tambi\u00e9n ha hablado de una reforma que garantice que los agresores dejen el hogar para que las mujeres v\u00edctimas de violencia no tengan que hacerlo. Habr\u00e1 obligatoriedad de que haya mujeres en todos los Ministerios P\u00fablicos del pa\u00eds, se homologar\u00e1 el tipo penal de feminicidio en todos los Estados del pa\u00eds y se crear\u00e1n fiscal\u00edas de feminicidios en los 32 Estados.<br><\/li>\n\n\n\n<li>Fortaleceremos el acceso a la salud de las mujeres en toda su vida, en especial sus derechos sexuales y reproductivos.<br><\/li>\n\n\n\n<li>Se le entregar\u00e1 propiedad de tierras a 150.000 mujeres del campo.<br><\/li>\n\n\n\n<li>A todos los ciudadanos se les entregaran una cartilla de derechos y se crear\u00e1n redes comunitarias de mujeres, llamadas Cuidadoras de la patria.<br><\/li>\n\n\n\n<li>Con el IMSS y el DIF comenzar\u00e1 a implementarse el Sistema Nacional de Cuidados de manera progresiva. \u201cVamos a arrancar con centros de bienestar infantil para las mas pobres, las jornaleras y las mujeres de la maquila en Ciudad Ju\u00e1rez\u201d.<br><\/li>\n\n\n\n<li>Seguir\u00e1 el aumento al salario m\u00ednimo para llegar a 2.5 canastas b\u00e1sicas, ahora est\u00e1 en 1.6 canastas. Cada a\u00f1o tiene que aumentar progresivamente.<br><\/li>\n\n\n\n<li>Reforma a la Constituci\u00f3n para renovar las pensiones, continuaci\u00f3n de la reforma que ya empez\u00f3 el anterior Gobierno.<br><\/li>\n\n\n\n<li>Aumentar\u00e1 progresivamente el salario m\u00ednimo de maestras y maestros de educaci\u00f3n b\u00e1sica, de m\u00e9dicos, enfermeras, elementos de la Guardia Nacional, soldados y marinos para que nadie de ellos gane menos que el salario medio del IMSS.<br><\/li>\n\n\n\n<li>Se crear\u00e1 una ley para garantizar los derechos de los trabajadores de las aplicaciones tecnol\u00f3gicas.<br><\/li>\n\n\n\n<li>Se buscar\u00e1 un acuerdo con los empleadores y los otros entes sociales para alcanzar la semana laboral de 40 horas.<br><\/li>\n\n\n\n<li>Tenemos el compromiso con los trabadores de Altos Hornos de M\u00e9xico de la regi\u00f3n Monclova de Coahuila de recuperar sus fuentes de trabajo. Continuaremos con el plan integral de rescate y justicia para familiares de Pasta de Conchos y el Pinabete. Rep\u00fablica rural, justa y soberana.<br><\/li>\n\n\n\n<li>La soberan\u00eda alimentaria seguir\u00e1 siendo el eje rector de nuestra pol\u00edtica para el campo. Garantizaremos la autosuficiencia del ma\u00edz blanco libre de transg\u00e9nicos, desde la producci\u00f3n hasta le consumo, Aseguraremos el abasto de ma\u00edz para el consumo humano, el objetivo es lograr un verdadero acuerdo entre productores de ma\u00edz y de tortillas, queremos llegar a un precio justo de la tortilla en nuestro pa\u00eds.<br><\/li>\n\n\n\n<li>Garantizaremos la seguridad social a los jornaleros agr\u00edcolas.<br><\/li>\n\n\n\n<li>Recuperaremos la autosuficiencia del abasto de frijol, apoyando a peque\u00f1os y medianos productores en Nayarit y Zacatecas. Crearemos una empresa nacional de semillas que apoyar\u00e1 con este objetivo para producir semillas de alta calidad.<br><\/li>\n\n\n\n<li>Acompa\u00f1aremos los apoyos actuales con un nuevo programa que se llama Cosechando Soberan\u00eda, que implica asistencia agroecol\u00f3gica, financiamiento, sanidad vegetal y animal a peque\u00f1os productores de municipios rurales. Con ello vamos a aumentar la producci\u00f3n de alimentos.<br><\/li>\n\n\n\n<li>Segalmex se fusiona con Diconsa, que a su vez se convertir\u00e1 en Alimentaci\u00f3n Para el Bienestar. Estar\u00e1 a cargo de la compra a peque\u00f1os productores a precio de garant\u00eda Y promover el comercio justo para la venta de miel, caf\u00e9, cacao y otros productos que se vender\u00e1n en las tiendas del bienestar, que son el nuevo nombre porque las vamos a ampliar de las tiendas Diconsa en todo el pa\u00eds. Para apoyar a Diconsa, que promueve leche a millones de ni\u00f1as y ni\u00f1os en todo el pa\u00eds, abriremos una planta de pasteurizaci\u00f3n de leche en Campeche, una planta de secado de leche en Michoac\u00e1n y centros de acopio en Chihuahua y otros puntos de la Rep\u00fablica.<br><\/li>\n\n\n\n<li>Implementaremos el plan especial para Campeche y Tabasco para aumentar la producci\u00f3n de arroz, leche y carne, garantizando la protecci\u00f3n de la selva. Rep\u00fablica soberana y con energ\u00eda sustentable.<br><\/li>\n\n\n\n<li>El objetivo sigue siendo fortalecer a Pemex y a CFE como empresas p\u00fablicas estrat\u00e9gicas del Estado, quedaron atr\u00e1s los tiempos de las privatizaciones.<br><\/li>\n\n\n\n<li>El objetivo fundamental de la producci\u00f3n de petr\u00f3leo seguir\u00e1 siendo el consumo nacional, no la exportaci\u00f3n. Para eso, el fortalecimiento de nuestras refiner\u00edas, este se limitar\u00e1 a una producci\u00f3n de 1,8 millones de barriles diarios. Por razones ambientales y de ahorro de energ\u00eda vamos a promover normas para que los veh\u00edculos que se vendan en M\u00e9xico sean eficientes y no tengan tantos consumo de gasolina y di\u00e9sel y se promueva la electromovilidad.<br><\/li>\n\n\n\n<li>La CFE reforzar\u00e1 y garantizar\u00e1 la capacidad de transmisi\u00f3n, distribuci\u00f3n de energ\u00eda y generaci\u00f3n. El Estado, CFE, va a producir al menos el 54% de la generaci\u00f3n y el 46% con generaci\u00f3n privada, as\u00ed existe ahora, as\u00ed lo dejo el presidente Andr\u00e9s Manuel L\u00f3pez Obrador y as\u00ed va a continuar porque es indispensable la soberan\u00eda energ\u00e9tica.<br><\/li>\n\n\n\n<li>Vamos a impulsar las energ\u00edas renovables. El objetivo es que en 2030 tengan una participaci\u00f3n del 45%<br><\/li>\n\n\n\n<li>En algunas ciudades del norte del pa\u00eds donde la tarifa de verano es muy alta, pagan mucho los ciudadanos, vamos a impulsar un programa de paneles fotovoltaicos para que tengan en su vivienda paneles de energ\u00eda solar ayuden al medio ambiente y disminuyan su pago de electricidad.<br><\/li>\n\n\n\n<li>Aumentaremos la producci\u00f3n nacional de petroqu\u00edmicos y fertilizantes.<br><\/li>\n\n\n\n<li>Rep\u00fablica pr\u00f3spera y conectada. Se mantendr\u00e1n incentivos econ\u00f3micos en las franjas fronterizas.<br><\/li>\n\n\n\n<li>Buscaremos coordinaci\u00f3n con EEUU para ampliaci\u00f3n de puentes transfronterizos.<br><\/li>\n\n\n\n<li>Tras las privatizaciones de los ferrocarriles, se recuperaron los trenes de pasajeros. Llevar\u00e1n el Tren Maya al puerto de progreso, en Yucat\u00e1n y se har\u00e1 de carga. El tren interoce\u00e1nico concluir\u00e1 con l\u00ednea K. Habr\u00e1 colaboraci\u00f3n con Guatemala para que el tren llegue hasta all\u00e1.<br><\/li>\n\n\n\n<li>Vamos a hacer nuevas l\u00edneas de tren hacia el norte. Se trata de 3.000 kil\u00f3metros y terminaremos los trenes Buenavista-AIFA y Pachuca-Tizayuca.<br><\/li>\n\n\n\n<li>Tambi\u00e9n las rutas Ciudad de M\u00e9xico-Quer\u00e9taro, pasando por el Estado de M\u00e9xico; y Quer\u00e9taro, San Luis Potos\u00ed, Monterrey y Nuevo Laredo.<br><\/li>\n\n\n\n<li>En el Pac\u00edfico, las l\u00edneas de Quer\u00e9taro-Guadalajara, hasta Nogales, pasando por Tepic, Culiac\u00e1n y Hermosillo. Tambi\u00e9n recuperaremos la hist\u00f3rica ruta M\u00e9xico &#8211; Puebla &#8211; Veracruz del tren de pasajeros.<br><\/li>\n\n\n\n<li>Se fortalecer\u00e1 el transporte de carga en trenes.<br><\/li>\n\n\n\n<li>Vamos a quitar los baches de 4.000 kil\u00f3metros de carreteras federales.<br><\/li>\n\n\n\n<li>Continuaremos con el programa de caminos artesanales, vamos a seguir en Oaxaca y otros Estados de la rep\u00fablica permitiendo conectar las localidades m\u00e1s apartadas con la cabeceras municipales utilizando el trabajo de las comunidades.<br><\/li>\n\n\n\n<li>Seguiremos ampliando carreteras y obras viales en Baja California Sur, Coahuila, Michoac\u00e1n, Morelos, carretera Toluca &#8211; Zihuatanejo, Cuautla &#8211; Tlapa &#8211; Marquelia, Oaxaca, Manzanillo.<br><\/li>\n\n\n\n<li>En la costa del Pac\u00edfico, la carretera de Salina Cruz, Amozoc &#8211; Puebla, corredor Benito Ju\u00e1rez en Quintana Roo, Ciudad Valle en San Luis Potos\u00ed hasta Tampico, Sonora y desde Guaymas a Chihuahua, entre otras obras p\u00fablicas.<br><\/li>\n\n\n\n<li>Adem\u00e1s de consolidar el puerto de Salina Cruz, se ampliar\u00e1n los puertos en Puerto Libertad, la Laguna de Coyutla en Manzanillo, Puerto Chiapas, Puerto Progreso (Yucat\u00e1n), Tuxpan (Veracruz), Altamira y el Puerto norte de Tamaulipas.<br><\/li>\n\n\n\n<li>Vamos a fortalecer Mexicana de Aviaci\u00f3n. Entre 2025 y 2027, van a estar llegando diversos aviones.<br><\/li>\n\n\n\n<li>Ampliaremos los aeropuertos de Tamu\u00edn, Tepic, L\u00e1zaro C\u00e1rdenas, Puerto Escondido y remodelaci\u00f3n del Aeropuerto Internacional de Ciudad de M\u00e9xico.<br><\/li>\n\n\n\n<li>En M\u00e9xico el internet es un derecho. Ya viene la reforma constitucional en esta materia.<br><\/li>\n\n\n\n<li>Bienvenida la deslocalizaci\u00f3n de las empresas y la innovaci\u00f3n privada con buenos salarios y la protecci\u00f3n al medio ambiente. Se crear\u00e1 el Consejo nacional para el Desarrollo Regional para crear nuevos polos tecnol\u00f3gicos y 100 nuevos parques industriales.<br><\/li>\n\n\n\n<li>Vamos a consolidar el Plan Sonora, que ampliar\u00e1 la generaci\u00f3n el\u00e9ctrica solar, implementaci\u00f3n de la cadena productiva de litio, cobre, semiconductores y almacenamiento de electricidad.<br><\/li>\n\n\n\n<li>Vamos a impulsar un programa Balsas-Pac\u00edfico Sur para los Estados de Michoac\u00e1n, Guerrero, Oaxaca, y Estado de M\u00e9xico para que las comunidades pobres tengan desarrollo con bienestar.<br><\/li>\n\n\n\n<li>Vamos a limpiar los tres r\u00edos m\u00e1s contaminados del pa\u00eds, el Lerma Santiago, el Tula y el Atoyac.<br><\/li>\n\n\n\n<li>Atenderemos integralmente con los Estados la contaminaci\u00f3n atmosf\u00e9rica de Monterrey, Guadalajara y Ciudad de M\u00e9xico.<br><\/li>\n\n\n\n<li>Construiremos en Tula, Hidalgo un proyecto que le llamamos de econom\u00eda circular. Es decir, ah\u00ed va a haber plantas de tratamiento de agua para sanear el r\u00edo Tula, plantas de reciclamiento de basura, generaci\u00f3n el\u00e9ctrica con fuentes renovables que nos permitir\u00e1 sanear este municipio, de los m\u00e1s contaminados del pa\u00eds. Va a ser el primero porque el objetivo es seguir en otros lugares de M\u00e9xico.<br><\/li>\n\n\n\n<li>Construiremos al menos tres plantas recicladoras de basura iniciando por Oaxaca.<br><\/li>\n\n\n\n<li>Seguiremos reforestando y rescatando bosques, selvas, garantizando el cuidado del medio ambiente, nuestra biodiversidad y recursos naturales.<br><\/li>\n\n\n\n<li>El acceso al agua ser\u00e1 una prioridad de nuestro Gobierno, por lo que arrancaremos este mismo mes un programa para ordenar las concesiones y la transmisi\u00f3n de derechos de agua. El agua es de la naci\u00f3n.<br><\/li>\n\n\n\n<li>Vamos a tecnificar m\u00e1s de 200.00 hect\u00e1reas de riego, empezando con 13 distritos prioritarios, en Baja California, Sinaloa, Guanajuato, Aguascalientes, Chihuahua, Hidalgo, Morelos, Coahuila, Durango y Tamaulipas.<br><\/li>\n\n\n\n<li>Los principales proyectos estrat\u00e9gicos para garantizar el acceso humano al agua ser\u00e1n en Baja California, Baja California Sur, Sonora, Colima, Guerrero, Durango, Coahuila, Guanajuato, Zacatecas, Oaxaca, Tamaulipas, Veracruz y Campeche, y un programa especial que ya lo estamos desarrollando desde hace meses para la zona metropolitana del Valle de M\u00e9xico. Vamos a garantizar el acceso al agua en el Valle de M\u00e9xico y en Hidalgo.<br><\/li>\n\n\n\n<li>Rep\u00fablica segura y con justicia. Garantizaremos la disminuci\u00f3n de los delitos de alto impacto, no regresar\u00e1 la irresponsable guerra contra el narco de Calder\u00f3n que tanto da\u00f1o le hizo a nuestro pa\u00eds. Nuesta convicci\u00f3n sigue siendo que la seguridad y la paz son fruto de la justicia. Estamos consolidando la estrategia que consiste en cuatro ejes. Atenci\u00f3n a las causas, fortalecimiento de la Guardia Nacional, inteligencia e investigaci\u00f3n y coordinaci\u00f3n. Atenci\u00f3n a las causas significa garantizar el derecho a la educaci\u00f3n, vivienda, trabajo digno de las y los j\u00f3venes de nuestro pa\u00eds, y haremos el programa J\u00f3venes Uniendo a la Naci\u00f3n para sacar a los j\u00f3venes de la delincuencia. La Guardia Nacional se consolidar\u00e1, ya se aprob\u00f3 en la Constituci\u00f3n, como parte de la Sedena. Para los que critican que esto es militarizaci\u00f3n: falso. En nuestro pa\u00eds no hay estado de excepci\u00f3n, no hay violaciones a los derechos humanos, lo que hay ahora es con la 4T m\u00e1s democracia, m\u00e1s libertades y un verdadero Estado de derecho que vamos a construir con el cambio en la Suprema Corte de Justicia de la Naci\u00f3n y el Poder Judicial. La pr\u00f3xima semana anunciaremos la estrategia nacional de seguridad.<\/li>\n<\/ol>\n\n\n\n<p>Fuente: <a href=\"https:\/\/elpais.com\/mexico\/2024-10-02\/los-100-pasos-de-claudia-sheinbaum-para-construir-su-mexico.html  \/  https:\/\/elpais.com\/mexico\/2024-10-02\/estas-son-las-100-promesas-de-claudia-sheinbaum-como-presidenta-de-mexico.html\" target=\"_blank\" rel=\"noreferrer noopener\">El Pa\u00eds<\/a><\/p>\n","protected":false},"excerpt":{"rendered":"<p>La primera mujer en alcanzar la presidencia de M\u00e9xico presenta, ante cientos de miles de personas, un plan que traza la ruta del nuevo Gobierno<\/p>\n","protected":false},"author":1,"featured_media":86890,"comment_status":"open","ping_status":"open","sticky":false,"template":"","format":"standard","meta":{"site-sidebar-layout":"default","site-content-layout":"","ast-site-content-layout":"default","site-content-style":"default","site-sidebar-style":"default","ast-global-header-display":"","ast-banner-title-visibility":"","ast-main-header-display":"","ast-hfb-above-header-display":"","ast-hfb-below-header-display":"","ast-hfb-mobile-header-display":"","site-post-title":"","ast-breadcrumbs-content":"","ast-featured-img":"","footer-sml-layout":"","theme-transparent-header-meta":"","adv-header-id-meta":"","stick-header-meta":"","header-above-stick-meta":"","header-main-stick-meta":"","header-below-stick-meta":"","astra-migrate-meta-layouts":"default","ast-page-background-enabled":"default","ast-page-background-meta":{"desktop":{"background-color":"var(--ast-global-color-4)","background-image":"","background-repeat":"repeat","background-position":"center center","background-size":"auto","background-attachment":"scroll","background-type":"","background-media":"","overlay-type":"","overlay-color":"","overlay-opacity":"","overlay-gradient":""},"tablet":{"background-color":"","background-image":"","background-repeat":"repeat","background-position":"center center","background-size":"auto","background-attachment":"scroll","background-type":"","background-media":"","overlay-type":"","overlay-color":"","overlay-opacity":"","overlay-gradient":""},"mobile":{"background-color":"","background-image":"","background-repeat":"repeat","background-position":"center center","background-size":"auto","background-attachment":"scroll","background-type":"","background-media":"","overlay-type":"","overlay-color":"","overlay-opacity":"","overlay-gradient":""}},"ast-content-background-meta":{"desktop":{"background-color":"var(--ast-global-color-5)","background-image":"","background-repeat":"repeat","background-position":"center center","background-size":"auto","background-attachment":"scroll","background-type":"","background-media":"","overlay-type":"","overlay-color":"","overlay-opacity":"","overlay-gradient":""},"tablet":{"background-color":"var(--ast-global-color-5)","background-image":"","background-repeat":"repeat","background-position":"center center","background-size":"auto","background-attachment":"scroll","background-type":"","background-media":"","overlay-type":"","overlay-color":"","overlay-opacity":"","overlay-gradient":""},"mobile":{"background-color":"var(--ast-global-color-5)","background-image":"","background-repeat":"repeat","background-position":"center center","background-size":"auto","background-attachment":"scroll","background-type":"","background-media":"","overlay-type":"","overlay-color":"","overlay-opacity":"","overlay-gradient":""}},"footnotes":""},"categories":[8],"tags":[31067,31068,1505,31069],"class_list":["post-86889","post","type-post","status-publish","format-standard","has-post-thumbnail","hentry","category-noticias","tag-100-pasos","tag-100-puntos","tag-claudia-sheinbaum","tag-primer-presidenta-de-mexico"],"_links":{"self":[{"href":"https:\/\/losperiodistas.com.mx\/portal\/wp-json\/wp\/v2\/posts\/86889","targetHints":{"allow":["GET"]}}],"collection":[{"href":"https:\/\/losperiodistas.com.mx\/portal\/wp-json\/wp\/v2\/posts"}],"about":[{"href":"https:\/\/losperiodistas.com.mx\/portal\/wp-json\/wp\/v2\/types\/post"}],"author":[{"embeddable":true,"href":"https:\/\/losperiodistas.com.mx\/portal\/wp-json\/wp\/v2\/users\/1"}],"replies":[{"embeddable":true,"href":"https:\/\/losperiodistas.com.mx\/portal\/wp-json\/wp\/v2\/comments?post=86889"}],"version-history":[{"count":1,"href":"https:\/\/losperiodistas.com.mx\/portal\/wp-json\/wp\/v2\/posts\/86889\/revisions"}],"predecessor-version":[{"id":86891,"href":"https:\/\/losperiodistas.com.mx\/portal\/wp-json\/wp\/v2\/posts\/86889\/revisions\/86891"}],"wp:featuredmedia":[{"embeddable":true,"href":"https:\/\/losperiodistas.com.mx\/portal\/wp-json\/wp\/v2\/media\/86890"}],"wp:attachment":[{"href":"https:\/\/losperiodistas.com.mx\/portal\/wp-json\/wp\/v2\/media?parent=86889"}],"wp:term":[{"taxonomy":"category","embeddable":true,"href":"https:\/\/losperiodistas.com.mx\/portal\/wp-json\/wp\/v2\/categories?post=86889"},{"taxonomy":"post_tag","embeddable":true,"href":"https:\/\/losperiodistas.com.mx\/portal\/wp-json\/wp\/v2\/tags?post=86889"}],"curies":[{"name":"wp","href":"https:\/\/api.w.org\/{rel}","templated":true}]}}