{"id":86885,"date":"2024-10-01T20:25:25","date_gmt":"2024-10-02T01:25:25","guid":{"rendered":"http:\/\/losperiodistas.com.mx\/portal\/?p=86885"},"modified":"2024-10-01T20:25:27","modified_gmt":"2024-10-02T01:25:27","slug":"recibe-sheinbaum-baston-de-mando-y-reitera-que-mujeres-seran-prioridad","status":"publish","type":"post","link":"https:\/\/losperiodistas.com.mx\/portal\/recibe-sheinbaum-baston-de-mando-y-reitera-que-mujeres-seran-prioridad\/","title":{"rendered":"Sheinbaum recibe el bast\u00f3n de mando y reitera que las mujeres ser\u00e1n prioridad | Proceso"},"content":{"rendered":"\n<p><strong>Mujeres ind\u00edgenas y afromexicanas celebraron el hecho de tener, por vez primera, a una mujer como presidenta, y la ungieron como gu\u00eda espiritual y autoridad pol\u00edtica de los pueblos originarios.<\/strong><\/p>\n\n\n\n<figure class=\"wp-block-image size-large\"><img fetchpriority=\"high\" decoding=\"async\" width=\"1024\" height=\"657\" src=\"https:\/\/losperiodistas.com.mx\/portal\/wp-content\/uploads\/2024\/10\/Captura-de-pantalla-2024-10-01-191153-1024x657.png\" alt=\"Claudia Sheinbaum al recibir el bast\u00f3n de mando\" class=\"wp-image-86886\" srcset=\"https:\/\/losperiodistas.com.mx\/portal\/wp-content\/uploads\/2024\/10\/Captura-de-pantalla-2024-10-01-191153-1024x657.png 1024w, https:\/\/losperiodistas.com.mx\/portal\/wp-content\/uploads\/2024\/10\/Captura-de-pantalla-2024-10-01-191153-300x193.png 300w, https:\/\/losperiodistas.com.mx\/portal\/wp-content\/uploads\/2024\/10\/Captura-de-pantalla-2024-10-01-191153-768x493.png 768w, https:\/\/losperiodistas.com.mx\/portal\/wp-content\/uploads\/2024\/10\/Captura-de-pantalla-2024-10-01-191153.png 1237w\" sizes=\"(max-width: 1024px) 100vw, 1024px\" \/><figcaption class=\"wp-element-caption\">Claudia Sheinbaum al recibir el bast\u00f3n de mando. Foto: Eduardo Miranda<\/figcaption><\/figure>\n\n\n\n<p class=\"has-vivid-red-color has-text-color has-link-color wp-elements-1e722dfefc4b8c9ff5682c477c9cbfc5\">Rafael Croda \/ Proceso<\/p>\n\n\n\n<p>La presidenta Claudia Sheinbaum recibi\u00f3 esta tarde el bast\u00f3n de mando por parte de un grupo de mujeres ind\u00edgenas y afromexicanas que celebraron el hecho de tener, por vez primera, a una mujer como jefa de Estado, y la ungieron como gu\u00eda espiritual y autoridad pol\u00edtica de los pueblos originarios.<\/p>\n\n\n\n<p>En una ceremonia con sello feminista, con mujeres como principales protagonistas, Sheinbaum recibi\u00f3 el bast\u00f3n de mando de manos de la presidenta municipal de Chalcatongo, Oaxaca, Mar\u00eda de Lourdes Jim\u00e9nez Liera, quien le dijo en n\u00e1huatl que esa pieza de manera representa la esperanza de millones de mujeres mexicanas.<\/p>\n\n\n\n<p>Sheinbaum hab\u00eda juramentado esta ma\u00f1ana como presidenta con una guardia militar de tres mujeres a sus espaldas en el pres\u00eddium del Congreso de la Uni\u00f3n, donde termin\u00f3 su discurso con un enf\u00e1tico mensaje de reconocimiento a las mujeres, y esta tarde tambi\u00e9n imprimi\u00f3 un sello femenino a la celebraci\u00f3n en un Z\u00f3calo capitalino repleto. &nbsp;<\/p>\n\n\n\n<p>Fueron 113 mujeres que representan a comunidades ind\u00edgenas y afromexicanas las que estuvieron en la tarima del Z\u00f3calo con la presidenta en la ceremonia de entrega del bast\u00f3n de mando, y cinco de ellas, provenientes de los cuatro puntos cardinales del pa\u00eds y del centro, se encargaron de recibirla.<\/p>\n\n\n\n<figure class=\"wp-block-image size-full\"><img decoding=\"async\" width=\"956\" height=\"499\" src=\"https:\/\/losperiodistas.com.mx\/portal\/wp-content\/uploads\/2024\/10\/Captura-de-pantalla-2024-10-01-192155.png\" alt=\"Claudia Sheinbaum en el Z\u00f3calo. Foto: Eduardo Miranda\" class=\"wp-image-86887\" srcset=\"https:\/\/losperiodistas.com.mx\/portal\/wp-content\/uploads\/2024\/10\/Captura-de-pantalla-2024-10-01-192155.png 956w, https:\/\/losperiodistas.com.mx\/portal\/wp-content\/uploads\/2024\/10\/Captura-de-pantalla-2024-10-01-192155-300x157.png 300w, https:\/\/losperiodistas.com.mx\/portal\/wp-content\/uploads\/2024\/10\/Captura-de-pantalla-2024-10-01-192155-768x401.png 768w\" sizes=\"(max-width: 956px) 100vw, 956px\" \/><\/figure>\n\n\n\n<p>Luego, las chamanas Teresita de Jes\u00fas R\u00edos, mazateca de Huautla de Jim\u00e9nez, Oaxaca, y Ernestina Ortiz, una otom\u00ed de Santiago Tianguistengo, Estado de M\u00e9xico, hicieron una limpia con humo de copal, yerbas, velas y conjuros en n\u00e1huatl a la nueva presidenta, quien llevaba su vestido color hueso con bordados oaxaque\u00f1os y la banda tricolor y un collar de flores blancas.<\/p>\n\n\n\n<p>\u201cT\u00fa eres la voz de las que no tuvimos voz por mucho tiempo, eres la voz de nuestros pueblos con dignidad, eres la esperanza que nosotros ten\u00edamos\u201d, le dijo Ernestina, quien la llamo \u201chermanita\u201d y le dese\u00f3 que los elementos sagrados la acompa\u00f1en.<\/p>\n\n\n\n<p>Despu\u00e9s pidi\u00f3 a los presentes levantar las manos hacia el oriente, por donde sale el Sol, incluida Claudia, quien alz\u00f3 la mano derecha hacia el Palacio Nacional. Despu\u00e9s se dio la vuelta y alz\u00f3 las dos manos hacia el poniente, hacia el sur y hacia el norte.<\/p>\n\n\n\n<p>Ernestina invoc\u00f3 a los esp\u00edritus de sus ancestros que le den la resistencia a la nueva presidenta y la fortaleza para que gobierne \u201ccon amor, con compromiso, con entereza y con humidad al pueblo de M\u00e9xico\u201d. &nbsp;<\/p>\n\n\n\n<p>La gobernadora tradicional de Huautla de Jim\u00e9nez, Durango, Virginia Flores, dijo que desde el coraz\u00f3n de M\u00e9xico-Tenochtitlan se percibe un d\u00eda de fiesta, alegr\u00eda y esperanza porque m\u00e1s de 200 a\u00f1os despu\u00e9s de la Independencia de M\u00e9xico, por vez primera una mujer asume como presidenta del pa\u00eds.<\/p>\n\n\n\n<p>Le fue entregado el bast\u00f3n de mando por Virginia Flores y la presidenta municipal de Chalcatongo, Oaxaca, Mar\u00eda de Lourdes Jim\u00e9nez Liera.<\/p>\n\n\n\n<p>La fiesta popular para celebrar la llegada de la primera mujer a la Presidencia de M\u00e9xico comenz\u00f3 poco a poco, en la medida en que los ciudadanos, familias y grupos de Morena se iban congregando en la plancha del Z\u00f3calo con decenas de grandes banderolas blancas con el nombre en guinda y negro de Claudia Sheinbaum, y el nombre del partido oficial.<\/p>\n\n\n\n<p>Hab\u00eda miles de personas que fueron espont\u00e1neamente a la celebraci\u00f3n, pero imperaban los contingentes morenistas, las tribus segmentadas en la plaza p\u00fablica, con los nombres de sus jefes en pancartas, alzando la mano, proclamando \u201ca sus \u00f3rdenes, se\u00f1ora presidenta\u201d.<\/p>\n\n\n\n<p>El acceso al Z\u00f3calo fue restringido y controlado por polic\u00edas de la ciudad, quienes priorizaban a los grupos oficialistas, como era antes, con el PRI, con el corporativismo como forma de organizaci\u00f3n pol\u00edtica.<\/p>\n\n\n\n<p>Bastaba observar a los cientos de autobuses de pasajeros estacionados desde muy temprano en los alrededores de la Alameda, del Monumento a la Revoluci\u00f3n, de la Secretar\u00eda de Gobernaci\u00f3n\u2026 la evidencia de la cargada, de lo aceitada que est\u00e1 la maquinaria pol\u00edtico-electoral de Morena. Los pasajeros que llegaron de las alcald\u00edas, de los estados, llegaron al Z\u00f3calo como Pedro por su casa.<\/p>\n\n\n\n<p>Pero miles de personas no tuvieron acceso y se quedaron en las calles aleda\u00f1as al Z\u00f3calo, en Madero principalmente, a ver lo que pod\u00edan alcanzar a ver de la celebraci\u00f3n en la plaza a trav\u00e9s de pantallas instaladas all\u00ed. &nbsp;<\/p>\n\n\n\n<p>Muy visibles estaban en el Z\u00f3calo las banderas y los globos propagand\u00edsticos de CATEM (Confederaci\u00f3n Aut\u00f3noma de Trabajadores y Empleados de M\u00e9xico), del senador expriista y hoy morenista Pedro Haces.<\/p>\n\n\n\n<p>Los que ya se vieron menos son los \u201camlitos\u201d, esos mu\u00f1ecos que venden en la calle del expresidente Andr\u00e9s Manuel L\u00f3pez Obrador, y las mantas que le agradecen su obra de gobierno. \u201cHasta siempre, AMLO\u201d, dec\u00eda una cartulina verde escrita con plum\u00f3n negro.<\/p>\n\n\n\n<p>En la fachada del edificio del gobierno de la Ciudad de M\u00e9xico hab\u00eda una gran pancarta con el rostro de la nueva mandataria y el texto \u201cClaudia Sheinbaum, presidenta 2024-2030\u201d, un gesto del saliente jefe de gobierno encargado de la ciudad, Mart\u00ed Batres, quien en unos d\u00edas entregar\u00e1 el cargo a la tambi\u00e9n morenista Clara Brugada y asumir\u00e1 como director del ISSSTE.<\/p>\n\n\n\n<p>La fiesta en el Z\u00f3calo se concentr\u00f3 desde la 1 de tarde en el templete instalado frente a la Catedral, donde abri\u00f3 el programa la Orquesta Monumental PILARES con mambos de P\u00e9rez Prado, sinfon\u00edas de Beethoven, piezas tradicionales mexicanas como La Bamba y Cielito Lindo y cumbias como \u201cTiene espinas el rosal\u201d.<\/p>\n\n\n\n<p>Por ese escenario pasaron danzantes ind\u00edgenas de varias partes del pa\u00eds, la maravillosa orquesta femenil del Viento Florido de Oaxaca y el mariachi femenil innovaci\u00f3n de Jalisco.<\/p>\n\n\n\n<p>Es un hecho: M\u00e9xico tiene desde este martes una presidenta, la primera en la historia, y ella quiere dejar claro en los s\u00edmbolos, en las formas y en los contenidos de sus mensajes que las pol\u00edticas p\u00fablicas y la cultura pol\u00edtica tendr\u00e1n una orientaci\u00f3n feminista.<\/p>\n\n\n\n<p>Por eso fueron mujeres las que le entregaron el bast\u00f3n de mando, por eso fue Ifigenia Mart\u00ednez, presidenta de la C\u00e1mara de Diputados a sus 94 a\u00f1os, expriista, experredista, morenista, quien le entreg\u00f3 la banda presidencial, por eso prefiere cerca de ella a las mujeres militares. &nbsp;<\/p>\n\n\n\n<p>Esta ceremonia, que simboliz\u00f3 la proclamaci\u00f3n de Sheinbaum como gu\u00eda espiritual y principal autoridad pol\u00edtica de los pueblos ind\u00edgenas, fue inaugurada en M\u00e9xico hace seis a\u00f1os por el entonces presidente Andr\u00e9s Manuel L\u00f3pez Obrador, pero antes la realizaron otros mandatarios latinoamericanos, como Evo Morales en Bolivia y Rafael Correa en Ecuador.<\/p>\n\n\n\n<p>Fuente: <a href=\"https:\/\/www.proceso.com.mx\/nacional\/politica\/2024\/10\/1\/sheinbaum-recibe-el-baston-de-mando-reitera-que-las-mujeres-seran-prioridad-337761.html\" target=\"_blank\" rel=\"noreferrer noopener\">Proceso<\/a><\/p>\n","protected":false},"excerpt":{"rendered":"<p>Mujeres ind\u00edgenas y afromexicanas celebraron el hecho de tener, por vez primera, a una mujer como presidenta, y la ungieron como gu\u00eda espiritual y autoridad pol\u00edtica de los pueblos originarios.<\/p>\n","protected":false},"author":1,"featured_media":86886,"comment_status":"open","ping_status":"open","sticky":false,"template":"","format":"standard","meta":{"site-sidebar-layout":"default","site-content-layout":"","ast-site-content-layout":"default","site-content-style":"default","site-sidebar-style":"default","ast-global-header-display":"","ast-banner-title-visibility":"","ast-main-header-display":"","ast-hfb-above-header-display":"","ast-hfb-below-header-display":"","ast-hfb-mobile-header-display":"","site-post-title":"","ast-breadcrumbs-content":"","ast-featured-img":"","footer-sml-layout":"","theme-transparent-header-meta":"","adv-header-id-meta":"","stick-header-meta":"","header-above-stick-meta":"","header-main-stick-meta":"","header-below-stick-meta":"","astra-migrate-meta-layouts":"default","ast-page-background-enabled":"default","ast-page-background-meta":{"desktop":{"background-color":"var(--ast-global-color-4)","background-image":"","background-repeat":"repeat","background-position":"center center","background-size":"auto","background-attachment":"scroll","background-type":"","background-media":"","overlay-type":"","overlay-color":"","overlay-opacity":"","overlay-gradient":""},"tablet":{"background-color":"","background-image":"","background-repeat":"repeat","background-position":"center center","background-size":"auto","background-attachment":"scroll","background-type":"","background-media":"","overlay-type":"","overlay-color":"","overlay-opacity":"","overlay-gradient":""},"mobile":{"background-color":"","background-image":"","background-repeat":"repeat","background-position":"center center","background-size":"auto","background-attachment":"scroll","background-type":"","background-media":"","overlay-type":"","overlay-color":"","overlay-opacity":"","overlay-gradient":""}},"ast-content-background-meta":{"desktop":{"background-color":"var(--ast-global-color-5)","background-image":"","background-repeat":"repeat","background-position":"center center","background-size":"auto","background-attachment":"scroll","background-type":"","background-media":"","overlay-type":"","overlay-color":"","overlay-opacity":"","overlay-gradient":""},"tablet":{"background-color":"var(--ast-global-color-5)","background-image":"","background-repeat":"repeat","background-position":"center center","background-size":"auto","background-attachment":"scroll","background-type":"","background-media":"","overlay-type":"","overlay-color":"","overlay-opacity":"","overlay-gradient":""},"mobile":{"background-color":"var(--ast-global-color-5)","background-image":"","background-repeat":"repeat","background-position":"center center","background-size":"auto","background-attachment":"scroll","background-type":"","background-media":"","overlay-type":"","overlay-color":"","overlay-opacity":"","overlay-gradient":""}},"footnotes":""},"categories":[8],"tags":[18720,1505,31066,25556,31064,10594,31065],"class_list":["post-86885","post","type-post","status-publish","format-standard","has-post-thumbnail","hentry","category-noticias","tag-baston-de-mando","tag-claudia-sheinbaum","tag-ernestina-ortiz","tag-mujeres-indigenas","tag-primera-mujer-presidenta","tag-pueblos-originarios","tag-teresita-de-jesus-rios"],"_links":{"self":[{"href":"https:\/\/losperiodistas.com.mx\/portal\/wp-json\/wp\/v2\/posts\/86885","targetHints":{"allow":["GET"]}}],"collection":[{"href":"https:\/\/losperiodistas.com.mx\/portal\/wp-json\/wp\/v2\/posts"}],"about":[{"href":"https:\/\/losperiodistas.com.mx\/portal\/wp-json\/wp\/v2\/types\/post"}],"author":[{"embeddable":true,"href":"https:\/\/losperiodistas.com.mx\/portal\/wp-json\/wp\/v2\/users\/1"}],"replies":[{"embeddable":true,"href":"https:\/\/losperiodistas.com.mx\/portal\/wp-json\/wp\/v2\/comments?post=86885"}],"version-history":[{"count":1,"href":"https:\/\/losperiodistas.com.mx\/portal\/wp-json\/wp\/v2\/posts\/86885\/revisions"}],"predecessor-version":[{"id":86888,"href":"https:\/\/losperiodistas.com.mx\/portal\/wp-json\/wp\/v2\/posts\/86885\/revisions\/86888"}],"wp:featuredmedia":[{"embeddable":true,"href":"https:\/\/losperiodistas.com.mx\/portal\/wp-json\/wp\/v2\/media\/86886"}],"wp:attachment":[{"href":"https:\/\/losperiodistas.com.mx\/portal\/wp-json\/wp\/v2\/media?parent=86885"}],"wp:term":[{"taxonomy":"category","embeddable":true,"href":"https:\/\/losperiodistas.com.mx\/portal\/wp-json\/wp\/v2\/categories?post=86885"},{"taxonomy":"post_tag","embeddable":true,"href":"https:\/\/losperiodistas.com.mx\/portal\/wp-json\/wp\/v2\/tags?post=86885"}],"curies":[{"name":"wp","href":"https:\/\/api.w.org\/{rel}","templated":true}]}}