{"id":86878,"date":"2024-10-01T19:35:32","date_gmt":"2024-10-02T00:35:32","guid":{"rendered":"http:\/\/losperiodistas.com.mx\/portal\/?p=86878"},"modified":"2024-10-01T19:35:34","modified_gmt":"2024-10-02T00:35:34","slug":"iran-lanza-ataque-de-misiles-contra-israel","status":"publish","type":"post","link":"https:\/\/losperiodistas.com.mx\/portal\/iran-lanza-ataque-de-misiles-contra-israel\/","title":{"rendered":"Ir\u00e1n lanza ataque de misiles contra Israel y Netanyahu asegura que Teher\u00e1n \u00abcometi\u00f3 un gran error y pagar\u00e1 por ello\u00bb | BBC"},"content":{"rendered":"\n<figure class=\"wp-block-image size-large\"><img fetchpriority=\"high\" decoding=\"async\" width=\"1024\" height=\"578\" src=\"https:\/\/losperiodistas.com.mx\/portal\/wp-content\/uploads\/2024\/10\/Captura-de-pantalla-2024-10-01-182804-1024x578.png\" alt=\"sistema de defensa de Israel\" class=\"wp-image-86879\" srcset=\"https:\/\/losperiodistas.com.mx\/portal\/wp-content\/uploads\/2024\/10\/Captura-de-pantalla-2024-10-01-182804-1024x578.png 1024w, https:\/\/losperiodistas.com.mx\/portal\/wp-content\/uploads\/2024\/10\/Captura-de-pantalla-2024-10-01-182804-300x169.png 300w, https:\/\/losperiodistas.com.mx\/portal\/wp-content\/uploads\/2024\/10\/Captura-de-pantalla-2024-10-01-182804-768x434.png 768w, https:\/\/losperiodistas.com.mx\/portal\/wp-content\/uploads\/2024\/10\/Captura-de-pantalla-2024-10-01-182804.png 1194w\" sizes=\"(max-width: 1024px) 100vw, 1024px\" \/><figcaption class=\"wp-element-caption\">El sistema de defensa de Israel Domo de Hierro neutraliza misiles en la ciudad de Tel Aviv.<\/figcaption><\/figure>\n\n\n\n<p class=\"has-vivid-red-color has-text-color has-link-color wp-elements-a5cafe7df276a8f6c59c102e524d3009\">Redacci\u00f3n \/ BBC News<\/p>\n\n\n\n<p><strong>Ir\u00e1n lanz\u00f3 este martes un ataque con decenas de misiles contra Israel, mientras las sirenas de alarma sonaban en todo el pa\u00eds y las autoridades instaban a los ciudadanos a resguardarse en refugios para mantenerse a salvo.<\/strong><\/p>\n\n\n\n<p>Tras el ataque, las Fuerzas de Defensa de Israel (FDI) dijeron que no ten\u00edan constancia de que se hubieran producido heridos graves y que la poblaci\u00f3n ten\u00eda \u00abpermitido dejar los espacios protegidos en todas las zonas a lo largo del pa\u00eds\u00bb.<\/p>\n\n\n\n<p>Durante la ofensiva iran\u00ed se escucharon<strong> explosiones en las ciudades de Jerusal\u00e9n y Tel Aviv.<\/strong> Se vieron proyectiles sobrevolando la zona, aunque una gran parte fueron interceptados por los sistema de defensa a\u00e9rea israel\u00edes, con la ayuda de buques de guerra estadounidenses.<\/p>\n\n\n\n<p>Las FDI dijeron que<strong> Ir\u00e1n hab\u00eda lanzado unos 180 misiles,<\/strong> mientras que el ej\u00e9rcito de EE.UU. situ\u00f3 el n\u00famero de proyectiles en 200.<\/p>\n\n\n\n<p>Tras el ataque, que comenz\u00f3 sobre las 19:45 hora local, el primer ministro israel\u00ed, Benjamin Netanyahu, dijo que Ir\u00e1n <strong>\u00abcometi\u00f3 un gran error esta noche y pagar\u00e1 por ello\u00bb<\/strong>.<\/p>\n\n\n\n<p>En una intervenci\u00f3n al inicio de una reuni\u00f3n de su gabinete, Netanyahu asegur\u00f3 que Ir\u00e1n \u00abno comprende\u00bb la \u00abdeterminaci\u00f3n\u00bb de su pa\u00eds para tomar represalias contra sus enemigos.<\/p>\n\n\n\n<p>\u00abEllos lo entender\u00e1n\u00bb, dijo el mandatario. \u00abRespetaremos la regla que hemos establecido: a quien nos ataque, nosotros lo atacaremos\u00bb.<\/p>\n\n\n\n<p>El ataque iran\u00ed se produjo horas despu\u00e9s de que Israel iniciara una <strong>invasi\u00f3n en el sur de L\u00edbano <\/strong>con el objetivo de acabar con las capacidades de la milicia chiita Hezbol\u00e1, aliada de Teher\u00e1n.<\/p>\n\n\n\n<p>La televisi\u00f3n estatal iran\u00ed emiti\u00f3 este martes un comunicado del Cuerpo de la Guardia Revolucionaria Isl\u00e1mica (CGRI) confirmando que <strong>se hab\u00edan lanzado \u00abdecenas\u00bb de misiles <\/strong>hacia Israel y amenazando con otro ataque si los israel\u00edes responden.<\/p>\n\n\n\n<p>El CGRI dijo que el ataque con misiles se llev\u00f3 a cabo como represalia por el asesinato en julio del l\u00edder de Ham\u00e1s, Ismail Haniya, as\u00ed como el del l\u00edder de Hezbol\u00e1, Hassan Nasrallah, ocurrido el pasado viernes, y por la muerte de libaneses y palestinos.<\/p>\n\n\n\n<p>M\u00e1s tarde, el presidente iran\u00ed Masoud Pezeshkian dijo en una publicaci\u00f3n en redes sociales el martes que Teher\u00e1n llevo a cabo \u00ab<strong>una fuerte respuesta a la agresi\u00f3n del r\u00e9gimen sionista<\/strong>\u00ab.<\/p>\n\n\n\n<p>\u00abIr\u00e1n no busca la guerra pero afrontar\u00e1 cualquier amenaza con firmeza\u00bb, a\u00f1adi\u00f3.<\/p>\n\n\n\n<figure class=\"wp-block-image size-full\"><img decoding=\"async\" width=\"993\" height=\"576\" src=\"https:\/\/losperiodistas.com.mx\/portal\/wp-content\/uploads\/2024\/10\/Captura-de-pantalla-2024-10-01-183029.png\" alt=\"Reuters. \nUn proyectil sobrevuela el cielo de Tel Aviv.\" class=\"wp-image-86880\" srcset=\"https:\/\/losperiodistas.com.mx\/portal\/wp-content\/uploads\/2024\/10\/Captura-de-pantalla-2024-10-01-183029.png 993w, https:\/\/losperiodistas.com.mx\/portal\/wp-content\/uploads\/2024\/10\/Captura-de-pantalla-2024-10-01-183029-300x174.png 300w, https:\/\/losperiodistas.com.mx\/portal\/wp-content\/uploads\/2024\/10\/Captura-de-pantalla-2024-10-01-183029-768x445.png 768w\" sizes=\"(max-width: 993px) 100vw, 993px\" \/><\/figure>\n\n\n\n<h2 class=\"wp-block-heading\" id=\"El-ataque-tendr\u00e1-consecuencias\">\u00abEl ataque tendr\u00e1 consecuencias\u00bb<\/h2>\n\n\n\n<p>El portavoz de las FDI, Daniel Hagari, dijo que el ataque iran\u00ed tendr\u00eda consecuencias.<\/p>\n\n\n\n<p>\u00abEstamos en alerta m\u00e1xima, tanto defensiva como ofensiva. Defenderemos a los ciudadanos del Estado de Israel. <strong>Este ataque tendr\u00e1 consecuencias. Tenemos planes y actuaremos en el lugar y el momento que decidamos<\/strong>\u00ab, afirm\u00f3 Hagari.<\/p>\n\n\n\n<p>\u00abNo tenemos constancia de ninguna v\u00edctima, esto es gracias a vuestra conducta responsable\u00bb, a\u00f1adi\u00f3, refiri\u00e9ndose a la colaboraci\u00f3n ciudadana.<\/p>\n\n\n\n<p>Posteriormente, Hagari dijo que la Fuerza A\u00e9rea israel\u00ed \u00abatacar\u00e1 poderosamente en Medio Oriente\u00bb.<\/p>\n\n\n\n<p>\u00abIr\u00e1n ha cometido un acto grave esta noche y est\u00e1 empujando a Medio Oriente a una escalada\u00bb, asegur\u00f3.<\/p>\n\n\n\n<p>Antes del lanzamiento de los misiles, Estados Unidos hab\u00eda afirmado tener indicios de que Ir\u00e1n preparaban un ataque inminente contra Israel, mientras <strong>las fuerzas israel\u00edes avanzaban con su invasi\u00f3n en el sur de L\u00edbano.<\/strong><\/p>\n\n\n\n<p>\u00abUn ataque militar directo de Ir\u00e1n contra Israel traer\u00e1 consecuencias severas para Ir\u00e1n\u00bb, le dijo un alto funcionario de la Casa Blanca a la cadena estadounidense CBS, y agreg\u00f3 que su pa\u00eds estaba apoyando \u00ablos preparativos defensivos para defender a Israel contra este ataque\u00bb.<\/p>\n\n\n\n<p>Buques de guerra de EE.UU. interceptaron algunos de los misiles que llegaron desde Ir\u00e1n, seg\u00fan dijo un portavoz del Pent\u00e1gono.<\/p>\n\n\n\n<p>El presidente estadounidense, Joe Biden, asegur\u00f3 que su pa\u00eds est\u00e1 preparado para defender a Israel contra los ataques de Ir\u00e1n.<\/p>\n\n\n\n<figure class=\"wp-block-image size-full\"><img decoding=\"async\" width=\"999\" height=\"647\" src=\"https:\/\/losperiodistas.com.mx\/portal\/wp-content\/uploads\/2024\/10\/Captura-de-pantalla-2024-10-01-183130.png\" alt=\"Reuters.\nIsrael\u00edes se refugian durante el ataque con misiles de Ir\u00e1n.\" class=\"wp-image-86881\" srcset=\"https:\/\/losperiodistas.com.mx\/portal\/wp-content\/uploads\/2024\/10\/Captura-de-pantalla-2024-10-01-183130.png 999w, https:\/\/losperiodistas.com.mx\/portal\/wp-content\/uploads\/2024\/10\/Captura-de-pantalla-2024-10-01-183130-300x194.png 300w, https:\/\/losperiodistas.com.mx\/portal\/wp-content\/uploads\/2024\/10\/Captura-de-pantalla-2024-10-01-183130-768x497.png 768w\" sizes=\"(max-width: 999px) 100vw, 999px\" \/><\/figure>\n\n\n\n<h2 class=\"wp-block-heading\" id=\"C\u00f3mo-responder\u00e1-Israel\">\u00bfC\u00f3mo responder\u00e1 Israel?<\/h2>\n\n\n\n<p><em><strong>An\u00e1lisis de Frank Gardner, corresponsal de seguridad de la BBC<\/strong><\/em><\/p>\n\n\n\n<p>Israel ahora se ver\u00e1 tentado a tomar represalias contra Ir\u00e1n con mucha mayor fuerza que en abril.<\/p>\n\n\n\n<p>En ese momento, tras una andanada de alrededor de 300 misiles y drones iran\u00edes, lanzada en respuesta a un ataque israel\u00ed contra el consulado de Ir\u00e1n en Damasco, hubo un esfuerzo diplom\u00e1tico internacional concertado para impedir que Israel reaccionara con demasiada fuerza.<\/p>\n\n\n\n<p>Al final, Israel llev\u00f3 a cabo un ataque menor pero simb\u00f3lico con misiles contra un objetivo cercano a las instalaciones nucleares de Ir\u00e1n. Caus\u00f3 pocos da\u00f1os pero demostr\u00f3 a Ir\u00e1n que ten\u00eda alcance.<\/p>\n\n\n\n<p>Esta vez bien puede ser diferente. Israel considera que sus recientes acciones en la regi\u00f3n son tanto un elemento disuasivo para sus enemigos como una forma de eliminar las amenazas que ha estado enfrentando.<\/p>\n\n\n\n<p>As\u00ed como Ir\u00e1n sinti\u00f3 que ten\u00eda que responder a los asesinatos del l\u00edder de Ham\u00e1s, Ismail Haniya, ocurrido en Teher\u00e1n en julio, y del l\u00edder de Hezbol\u00e1 en Beirut, la semana pasada, es poco probable que Israel acepte este ataque directo de Teher\u00e1n sin hacer nada.<\/p>\n\n\n\n<p>Sus objetivos podr\u00edan abarcar desde las instalaciones nucleares de Ir\u00e1n hasta las bases del CGRI y los sitios de lanzamiento y dep\u00f3sitos de almacenamiento desde los que se lanz\u00f3 el ataque con misiles del martes.<\/p>\n\n\n\n<p>Fuente y nota completa: <a href=\"https:\/\/www.bbc.com\/mundo\/articles\/c05g992j46vo\" target=\"_blank\" rel=\"noreferrer noopener\">BBC News<\/a><\/p>\n","protected":false},"excerpt":{"rendered":"<p>Redacci\u00f3n \/ BBC News Ir\u00e1n lanz\u00f3 este martes un ataque con decenas de misiles contra Israel, mientras las sirenas de [&hellip;]<\/p>\n","protected":false},"author":1,"featured_media":86879,"comment_status":"open","ping_status":"open","sticky":false,"template":"","format":"standard","meta":{"site-sidebar-layout":"default","site-content-layout":"","ast-site-content-layout":"default","site-content-style":"default","site-sidebar-style":"default","ast-global-header-display":"","ast-banner-title-visibility":"","ast-main-header-display":"","ast-hfb-above-header-display":"","ast-hfb-below-header-display":"","ast-hfb-mobile-header-display":"","site-post-title":"","ast-breadcrumbs-content":"","ast-featured-img":"","footer-sml-layout":"","theme-transparent-header-meta":"","adv-header-id-meta":"","stick-header-meta":"","header-above-stick-meta":"","header-main-stick-meta":"","header-below-stick-meta":"","astra-migrate-meta-layouts":"default","ast-page-background-enabled":"default","ast-page-background-meta":{"desktop":{"background-color":"var(--ast-global-color-4)","background-image":"","background-repeat":"repeat","background-position":"center center","background-size":"auto","background-attachment":"scroll","background-type":"","background-media":"","overlay-type":"","overlay-color":"","overlay-opacity":"","overlay-gradient":""},"tablet":{"background-color":"","background-image":"","background-repeat":"repeat","background-position":"center center","background-size":"auto","background-attachment":"scroll","background-type":"","background-media":"","overlay-type":"","overlay-color":"","overlay-opacity":"","overlay-gradient":""},"mobile":{"background-color":"","background-image":"","background-repeat":"repeat","background-position":"center center","background-size":"auto","background-attachment":"scroll","background-type":"","background-media":"","overlay-type":"","overlay-color":"","overlay-opacity":"","overlay-gradient":""}},"ast-content-background-meta":{"desktop":{"background-color":"var(--ast-global-color-5)","background-image":"","background-repeat":"repeat","background-position":"center center","background-size":"auto","background-attachment":"scroll","background-type":"","background-media":"","overlay-type":"","overlay-color":"","overlay-opacity":"","overlay-gradient":""},"tablet":{"background-color":"var(--ast-global-color-5)","background-image":"","background-repeat":"repeat","background-position":"center center","background-size":"auto","background-attachment":"scroll","background-type":"","background-media":"","overlay-type":"","overlay-color":"","overlay-opacity":"","overlay-gradient":""},"mobile":{"background-color":"var(--ast-global-color-5)","background-image":"","background-repeat":"repeat","background-position":"center center","background-size":"auto","background-attachment":"scroll","background-type":"","background-media":"","overlay-type":"","overlay-color":"","overlay-opacity":"","overlay-gradient":""}},"footnotes":""},"categories":[8],"tags":[31063,12671,1582,19659,11114],"class_list":["post-86878","post","type-post","status-publish","format-standard","has-post-thumbnail","hentry","category-noticias","tag-ataque-con-misiles","tag-iran","tag-israel","tag-netanyahu","tag-teheran"],"_links":{"self":[{"href":"https:\/\/losperiodistas.com.mx\/portal\/wp-json\/wp\/v2\/posts\/86878","targetHints":{"allow":["GET"]}}],"collection":[{"href":"https:\/\/losperiodistas.com.mx\/portal\/wp-json\/wp\/v2\/posts"}],"about":[{"href":"https:\/\/losperiodistas.com.mx\/portal\/wp-json\/wp\/v2\/types\/post"}],"author":[{"embeddable":true,"href":"https:\/\/losperiodistas.com.mx\/portal\/wp-json\/wp\/v2\/users\/1"}],"replies":[{"embeddable":true,"href":"https:\/\/losperiodistas.com.mx\/portal\/wp-json\/wp\/v2\/comments?post=86878"}],"version-history":[{"count":1,"href":"https:\/\/losperiodistas.com.mx\/portal\/wp-json\/wp\/v2\/posts\/86878\/revisions"}],"predecessor-version":[{"id":86882,"href":"https:\/\/losperiodistas.com.mx\/portal\/wp-json\/wp\/v2\/posts\/86878\/revisions\/86882"}],"wp:featuredmedia":[{"embeddable":true,"href":"https:\/\/losperiodistas.com.mx\/portal\/wp-json\/wp\/v2\/media\/86879"}],"wp:attachment":[{"href":"https:\/\/losperiodistas.com.mx\/portal\/wp-json\/wp\/v2\/media?parent=86878"}],"wp:term":[{"taxonomy":"category","embeddable":true,"href":"https:\/\/losperiodistas.com.mx\/portal\/wp-json\/wp\/v2\/categories?post=86878"},{"taxonomy":"post_tag","embeddable":true,"href":"https:\/\/losperiodistas.com.mx\/portal\/wp-json\/wp\/v2\/tags?post=86878"}],"curies":[{"name":"wp","href":"https:\/\/api.w.org\/{rel}","templated":true}]}}