{"id":86874,"date":"2024-10-01T18:10:19","date_gmt":"2024-10-01T23:10:19","guid":{"rendered":"http:\/\/losperiodistas.com.mx\/portal\/?p=86874"},"modified":"2024-10-01T18:10:22","modified_gmt":"2024-10-01T23:10:22","slug":"cargo-de-jesus-ma-tarriba-como-primer-caballero-de-mexico","status":"publish","type":"post","link":"https:\/\/losperiodistas.com.mx\/portal\/cargo-de-jesus-ma-tarriba-como-primer-caballero-de-mexico\/","title":{"rendered":"\u00bfJes\u00fas Mar\u00eda Tarriba dirigir\u00e1 el DIF Nacional? Este ser\u00e1 su trabajo como primer caballero de M\u00e9xico | Infobae"},"content":{"rendered":"\n<p>Mar\u00eda del Roc\u00edo Garc\u00eda P\u00e9rez fue designada como titular de la dependencia responsable de los programas y la protecci\u00f3n integral de los derechos de las ni\u00f1as, ni\u00f1os y adolescentes<\/p>\n\n\n\n<figure class=\"wp-block-image size-large\"><img fetchpriority=\"high\" decoding=\"async\" width=\"1024\" height=\"663\" src=\"https:\/\/losperiodistas.com.mx\/portal\/wp-content\/uploads\/2024\/10\/Captura-de-pantalla-2024-10-01-165254-1024x663.png\" alt=\"Sheinbaum y Jesus Maria Tarriba\" class=\"wp-image-86875\" srcset=\"https:\/\/losperiodistas.com.mx\/portal\/wp-content\/uploads\/2024\/10\/Captura-de-pantalla-2024-10-01-165254-1024x663.png 1024w, https:\/\/losperiodistas.com.mx\/portal\/wp-content\/uploads\/2024\/10\/Captura-de-pantalla-2024-10-01-165254-300x194.png 300w, https:\/\/losperiodistas.com.mx\/portal\/wp-content\/uploads\/2024\/10\/Captura-de-pantalla-2024-10-01-165254-768x498.png 768w, https:\/\/losperiodistas.com.mx\/portal\/wp-content\/uploads\/2024\/10\/Captura-de-pantalla-2024-10-01-165254.png 1119w\" sizes=\"(max-width: 1024px) 100vw, 1024px\" \/><figcaption class=\"wp-element-caption\">Claudia Sheinbaum accompanied by her husband Jesus Maria Tarriba. REUTERS\/Raquel Cunha<\/figcaption><\/figure>\n\n\n\n<p class=\"has-vivid-red-color has-text-color has-link-color wp-elements-8076f10132d7318a269f61836b7d3930\">Eduardo Marsan \/ Infobae<\/p>\n\n\n\n<p>Desde su creaci\u00f3n en 1977, el <strong>Sistema Nacional para el Desarrollo Integral de las Familias<\/strong> (DIF), a nivel federal y estatal,<strong> fue el organismo, el escaparate,<\/strong> con el cual las esposas -Primeras damas- de los gobernantes en turno lograron posicionarse en la palestra p\u00fablica.<\/p>\n\n\n\n<p>A trav\u00e9s de dicho cargo honorario, se encargaban de \u201crepresentar\u201d el manejo y las acciones que dicha instituci\u00f3n realizaba por el bienestar de la familia, sin embargo, la llegada de <strong>Andr\u00e9s Manuel L\u00f3pez Obrador<\/strong>, marc\u00f3 un hito, ya que su esposa, la investigadora <strong>Beatriz Guti\u00e9rrez M\u00fcller renunci\u00f3 a ejercer tales funciones, as\u00ed como a negarse a utilizar el t\u00edtulo de \u201cPrimera dama\u201d del pa\u00eds.<\/strong><\/p>\n\n\n\n<p>Fue as\u00ed como la presidenta <strong>Claudia Sheinbaum Pardo, design\u00f3 a Mar\u00eda del Roc\u00edo Garc\u00eda P\u00e9rez<\/strong> como la pr\u00f3xima titular de la dependencia responsable de los programas de destinados a promover la protecci\u00f3n integral de los derechos de las ni\u00f1as, ni\u00f1os y adolescentes.<\/p>\n\n\n\n<p>De igual modo, inform\u00f3 que su esposo, <strong>Jes\u00fas Mar\u00eda Tarriba Unger<\/strong>, seguir\u00e1 ejerciendo sus funciones como analista de riesgos del Banco de M\u00e9xico (BANXICO), actividades que viene realizando desde el 2017, s<strong>\u00f3lo la acompa\u00f1ar\u00e1 en visitas de Estado y eventos diplom\u00e1ticos,<\/strong> por lo que en autom\u00e1tico descart\u00f3 que vaya a estar al frente de ese ente.<\/p>\n\n\n\n<h2 class=\"wp-block-heading\">Funciones del DIF<\/h2>\n\n\n\n<p>El DIF es un<strong> organismo p\u00fablico descentralizado<\/strong> encargado de coordinar y promover la protecci\u00f3n integral de los derechos de las ni\u00f1as, ni\u00f1os y adolescentes, bajo el imperativo constitucional del inter\u00e9s superior de la ni\u00f1ez.<\/p>\n\n\n\n<p>Tambi\u00e9n tiene la encomienda del<strong> desarrollo integral del individuo, de la familia y de la comunidad, <\/strong>principalmente de quienes por su condici\u00f3n f\u00edsica, mental o social enfrentan una situaci\u00f3n de vulnerabilidad, hasta lograr su incorporaci\u00f3n a una vida plena y productiva.<\/p>\n\n\n\n<p>En 1986, se ampliaron sus facultades al otorgarle el car\u00e1cter de coordinador de<strong> los esfuerzos asistenciales, tanto en los tres \u00f3rdenes de gobierno,<\/strong> como entre instituciones y organismos, p\u00fablicos y privados, inmersos en la prestaci\u00f3n de servicios de asistencia social.<\/p>\n\n\n\n<p>Sus acciones las ejerce mediante el dise\u00f1o de pol\u00edticas p\u00fablicas, la ejecuci\u00f3n de programas y acciones de asistencia social, as\u00ed como la coordinaci\u00f3n del Sistema Nacional de Asistencia Social P\u00fablica y Privada, en favor de las familias y personas que, en sus diversas etapas de vida, <strong>enfrenten alguna condici\u00f3n de vulnerabilidad.<\/strong><\/p>\n\n\n\n<figure class=\"wp-block-image size-large is-resized\"><img decoding=\"async\" width=\"1024\" height=\"571\" src=\"https:\/\/losperiodistas.com.mx\/portal\/wp-content\/uploads\/2024\/10\/Captura-de-pantalla-2024-10-01-165617-1024x571.png\" alt=\"\" class=\"wp-image-86876\" style=\"width:840px;height:auto\" srcset=\"https:\/\/losperiodistas.com.mx\/portal\/wp-content\/uploads\/2024\/10\/Captura-de-pantalla-2024-10-01-165617-1024x571.png 1024w, https:\/\/losperiodistas.com.mx\/portal\/wp-content\/uploads\/2024\/10\/Captura-de-pantalla-2024-10-01-165617-300x167.png 300w, https:\/\/losperiodistas.com.mx\/portal\/wp-content\/uploads\/2024\/10\/Captura-de-pantalla-2024-10-01-165617-768x428.png 768w, https:\/\/losperiodistas.com.mx\/portal\/wp-content\/uploads\/2024\/10\/Captura-de-pantalla-2024-10-01-165617.png 1235w\" sizes=\"(max-width: 1024px) 100vw, 1024px\" \/><\/figure>\n\n\n\n<p>Fuente: <a href=\"https:\/\/www.infobae.com\/mexico\/2024\/10\/01\/jesus-maria-tarriba-dirigira-el-dif-nacional-este-sera-su-trabajo-como-primer-caballero-de-mexico\/\" target=\"_blank\" rel=\"noreferrer noopener\">Infobae<\/a><\/p>\n\n\n\n<p><\/p>\n","protected":false},"excerpt":{"rendered":"<p>Mar\u00eda del Roc\u00edo Garc\u00eda P\u00e9rez fue designada como titular de la dependencia responsable de los programas y la protecci\u00f3n integral de los derechos de las ni\u00f1as, ni\u00f1os y adolescentes<\/p>\n","protected":false},"author":1,"featured_media":86875,"comment_status":"open","ping_status":"open","sticky":false,"template":"","format":"standard","meta":{"site-sidebar-layout":"default","site-content-layout":"","ast-site-content-layout":"default","site-content-style":"default","site-sidebar-style":"default","ast-global-header-display":"","ast-banner-title-visibility":"","ast-main-header-display":"","ast-hfb-above-header-display":"","ast-hfb-below-header-display":"","ast-hfb-mobile-header-display":"","site-post-title":"","ast-breadcrumbs-content":"","ast-featured-img":"","footer-sml-layout":"","theme-transparent-header-meta":"","adv-header-id-meta":"","stick-header-meta":"","header-above-stick-meta":"","header-main-stick-meta":"","header-below-stick-meta":"","astra-migrate-meta-layouts":"default","ast-page-background-enabled":"default","ast-page-background-meta":{"desktop":{"background-color":"var(--ast-global-color-4)","background-image":"","background-repeat":"repeat","background-position":"center center","background-size":"auto","background-attachment":"scroll","background-type":"","background-media":"","overlay-type":"","overlay-color":"","overlay-opacity":"","overlay-gradient":""},"tablet":{"background-color":"","background-image":"","background-repeat":"repeat","background-position":"center center","background-size":"auto","background-attachment":"scroll","background-type":"","background-media":"","overlay-type":"","overlay-color":"","overlay-opacity":"","overlay-gradient":""},"mobile":{"background-color":"","background-image":"","background-repeat":"repeat","background-position":"center center","background-size":"auto","background-attachment":"scroll","background-type":"","background-media":"","overlay-type":"","overlay-color":"","overlay-opacity":"","overlay-gradient":""}},"ast-content-background-meta":{"desktop":{"background-color":"var(--ast-global-color-5)","background-image":"","background-repeat":"repeat","background-position":"center center","background-size":"auto","background-attachment":"scroll","background-type":"","background-media":"","overlay-type":"","overlay-color":"","overlay-opacity":"","overlay-gradient":""},"tablet":{"background-color":"var(--ast-global-color-5)","background-image":"","background-repeat":"repeat","background-position":"center center","background-size":"auto","background-attachment":"scroll","background-type":"","background-media":"","overlay-type":"","overlay-color":"","overlay-opacity":"","overlay-gradient":""},"mobile":{"background-color":"var(--ast-global-color-5)","background-image":"","background-repeat":"repeat","background-position":"center center","background-size":"auto","background-attachment":"scroll","background-type":"","background-media":"","overlay-type":"","overlay-color":"","overlay-opacity":"","overlay-gradient":""}},"footnotes":""},"categories":[8],"tags":[31061,2099,31060,25791,31062],"class_list":["post-86874","post","type-post","status-publish","format-standard","has-post-thumbnail","hentry","category-noticias","tag-1er-caballero-de-mexico","tag-banxico","tag-dif-nacional","tag-jesus-maria-tarriba","tag-ma-rocio-garcia"],"_links":{"self":[{"href":"https:\/\/losperiodistas.com.mx\/portal\/wp-json\/wp\/v2\/posts\/86874","targetHints":{"allow":["GET"]}}],"collection":[{"href":"https:\/\/losperiodistas.com.mx\/portal\/wp-json\/wp\/v2\/posts"}],"about":[{"href":"https:\/\/losperiodistas.com.mx\/portal\/wp-json\/wp\/v2\/types\/post"}],"author":[{"embeddable":true,"href":"https:\/\/losperiodistas.com.mx\/portal\/wp-json\/wp\/v2\/users\/1"}],"replies":[{"embeddable":true,"href":"https:\/\/losperiodistas.com.mx\/portal\/wp-json\/wp\/v2\/comments?post=86874"}],"version-history":[{"count":1,"href":"https:\/\/losperiodistas.com.mx\/portal\/wp-json\/wp\/v2\/posts\/86874\/revisions"}],"predecessor-version":[{"id":86877,"href":"https:\/\/losperiodistas.com.mx\/portal\/wp-json\/wp\/v2\/posts\/86874\/revisions\/86877"}],"wp:featuredmedia":[{"embeddable":true,"href":"https:\/\/losperiodistas.com.mx\/portal\/wp-json\/wp\/v2\/media\/86875"}],"wp:attachment":[{"href":"https:\/\/losperiodistas.com.mx\/portal\/wp-json\/wp\/v2\/media?parent=86874"}],"wp:term":[{"taxonomy":"category","embeddable":true,"href":"https:\/\/losperiodistas.com.mx\/portal\/wp-json\/wp\/v2\/categories?post=86874"},{"taxonomy":"post_tag","embeddable":true,"href":"https:\/\/losperiodistas.com.mx\/portal\/wp-json\/wp\/v2\/tags?post=86874"}],"curies":[{"name":"wp","href":"https:\/\/api.w.org\/{rel}","templated":true}]}}