{"id":8684,"date":"2021-06-02T07:57:07","date_gmt":"2021-06-02T12:57:07","guid":{"rendered":"http:\/\/losperiodistas.com.mx\/portal\/?p=8684"},"modified":"2021-06-02T07:57:09","modified_gmt":"2021-06-02T12:57:09","slug":"de-cara-a-la-proxima-legislatura-local-en-puebla","status":"publish","type":"post","link":"https:\/\/losperiodistas.com.mx\/portal\/de-cara-a-la-proxima-legislatura-local-en-puebla\/","title":{"rendered":"De cara a la pr\u00f3xima legislatura local en Puebla"},"content":{"rendered":"\n<figure class=\"wp-block-image\"><img decoding=\"async\" src=\"http:\/\/fotos.e-consulta.com\/styles\/thumbnail-autores\/public\/carlosfigueroa.jpg\" alt=\"\"\/><\/figure>\n\n\n\n<p><\/p>\n\n\n\n<p class=\"has-vivid-cyan-blue-color has-text-color\" style=\"font-size:26px\"><strong><em>Por Dr. Carlos Figueroa Ibarra<\/em><\/strong><\/p>\n\n\n\n<p>El pr\u00f3ximo domingo 6 de junio se observar\u00e1 en el pa\u00eds lo que ha sido calificado como el proceso electoral m\u00e1s importante en la historia del pa\u00eds. Hay varios factores que permiten pensar que as\u00ed ser\u00e1. En primer lugar por el n\u00famero de cargos de elecci\u00f3n popular que ser\u00e1n votados, el cual asciende a aproximadamente 21,108. En segundo lugar ser\u00e1n electas 15 gubernaturas,&nbsp; la c\u00e1mara de diputados, congresos locales, miles de ayuntamientos. En tercer lugar por el momento pol\u00edtico que vive el pa\u00eds: el Gobierno de la Cuarta Transformaci\u00f3n se juega en las elecciones a diputados federales&nbsp; la continuidad tersa o&nbsp; una accidentada segunda mitad del sexenio.<\/p>\n\n\n\n<p>En Puebla dos elecciones parecen ser las m\u00e1s importantes. La elecci\u00f3n de la presidencia municipal de la capital del estado y la del congreso local. Parad\u00f3jicamente lo que las hace importantes no es la correlaci\u00f3n de fuerzas entre el partido oficial y los de la oposici\u00f3n, sino la guerra interna en la que se debate Morena entre dos grandes fuerzas. Estas se encuentran representadas grosso modo entre los seguidores de la presidenta municipal, Claudia Rivera y los del gobernador del estado, Luis Miguel Barbosa.<\/p>\n\n\n\n<p>Cada una de estas dos fuerzas o federaciones de fuerzas, tienen referentes nacionales que se encuentran en disputa con respecto a la sucesi\u00f3n presidencial de 2024. Estando los partidos de oposici\u00f3n desdibujados y teniendo Morena una fuerza que no es la suya sino la del presidente Andr\u00e9s Manuel L\u00f3pez Obrador, es en el seno de Morena donde se est\u00e1 observando la correlaci\u00f3n de fuerzas que ser\u00e1 decisiva para los pr\u00f3ximos tres a\u00f1os en la entidad.<\/p>\n\n\n\n<p>Te\u00f3ricamente la bancada de Morena que resulte electa el 6 de junio deber\u00eda apoyar al gobernador que el partido impuls\u00f3 en 2019. Pero esto no ser\u00e1 as\u00ed. Las candidaturas a las diputaciones de Morena al parecer estar\u00edan divididas en tres bloques, dos de ellos f\u00e9rreos opositores al gobernador Barbosa. \u00c9ste tendr\u00e1 que hacer alianzas con diversidad de fuerzas a efecto de que un congreso local con mayor\u00eda de Morena no se le vuelva un factor de ingobernabilidad. Una presidencia municipal de Morena en la capital podr\u00eda ser m\u00e1s inc\u00f3moda para el gobernador que&nbsp; una emergida de la alianza PAN-PRI-PRD.<\/p>\n\n\n\n<p>Independientemente de estos hechos insoslayables, la pr\u00f3xima legislatura local tiene varios temas progresistas&nbsp; para la agenda legislativa del pr\u00f3ximo trienio. En materia de derechos humanos tal como lo ha expresado Luis Soriano Peregrina, se plantea una municipalizaci\u00f3n de los mismos&nbsp; a trav\u00e9s de modificaciones a los art\u00edculos 104 y 105 de la Constituci\u00f3n del Estado que hagan expl\u00edcito el respeto, la promoci\u00f3n y la dignificaci\u00f3n de los derechos humanos y la creaci\u00f3n de comisiones municipales de derechos humanos.<\/p>\n\n\n\n<p>Se plantea tambi\u00e9n modificaciones en el mismo sentido a la Ley Org\u00e1nica Municipal y la creaci\u00f3n de una comisi\u00f3n de la verdad hist\u00f3rica que investigue los cr\u00edmenes y violaciones de los derechos humanos cometidos en&nbsp; el pasado con las consecuentes medidas de atenci\u00f3n y resarcimiento a las v\u00edctimas y sus familiares.<\/p>\n\n\n\n<p>En lo que se refiere a cuestiones de g\u00e9nero y en particular de mujeres, la pr\u00f3xima legislatura deber\u00e1 apoyar la aprobaci\u00f3n de la legislaci\u00f3n secundaria de la reforma constitucional de paridad de g\u00e9nero; el perfeccionamiento&nbsp; del tipo&nbsp; penal del feminicidio y su armonizaci\u00f3n con el C\u00f3digo Penal de la entidad; &nbsp;apoyar un Sistema Nacional de Cuidados y su implementaci\u00f3n en Puebla; reducciones de brechas salariales entre hombres y mujeres; acceso a m\u00e9todos anticonceptivos; atenci\u00f3n integral al aborto seguro en los casos que marque la ley; atenci\u00f3n a la salud materna y neonatal; medidas que garanticen la continuidad de la lactancia materna; garant\u00edas de condiciones de atenci\u00f3n,&nbsp; suministro de art\u00edculos y medicamentos para atender la menstruaci\u00f3n.<\/p>\n\n\n\n<p>Finalmente en lo&nbsp; que se refiere al agua, la pr\u00f3xima legislatura deber\u00e1 atender planteamientos como los de la Asamblea Social del Agua (ASA): el apoyo a la Ley General del Agua que est\u00e1 en proceso en el Senado y la C\u00e1mara de Diputados, la abrogaci\u00f3n de la Ley del Agua del Estado de Puebla y su sustituci\u00f3n por una nueva que garantice el derecho humano al agua; la remunicipalizaci\u00f3n del servicio y la eliminaci\u00f3n absoluta del corte de agua como penalizaci\u00f3n a la demora en el pago. Mientras eso no suceda, apoyar contralor\u00edas ciudadanas que vigilar\u00edan el que el agua distribuida sea de buena calidad y cantidad y que no se impongan tarifas abusivas. El agua que el PAN y PRI privatizaron, debe volver a ser un servicio de propiedad p\u00fablica.<\/p>\n\n\n\n<p>Muchas otras medidas tendr\u00e1n que legislar la pr\u00f3xima&nbsp; legislatura local. Aqu\u00ed solamente he mencionado las que en lo personal visualizo como prioritarias. La pr\u00f3xima semana se sabr\u00e1 la composici\u00f3n &nbsp;de dicha legislatura y la medida en que atender\u00e1 una agenda progresista. A partir del pr\u00f3ximo lunes sabremos qu\u00e9 expectativas podremos formarnos.&nbsp;<\/p>\n","protected":false},"excerpt":{"rendered":"<p>Por Dr. Carlos Figueroa Ibarra El pr\u00f3ximo domingo 6 de junio se observar\u00e1 en el pa\u00eds lo que ha sido [&hellip;]<\/p>\n","protected":false},"author":1,"featured_media":7877,"comment_status":"open","ping_status":"open","sticky":false,"template":"","format":"standard","meta":{"site-sidebar-layout":"default","site-content-layout":"","ast-site-content-layout":"default","site-content-style":"default","site-sidebar-style":"default","ast-global-header-display":"","ast-banner-title-visibility":"","ast-main-header-display":"","ast-hfb-above-header-display":"","ast-hfb-below-header-display":"","ast-hfb-mobile-header-display":"","site-post-title":"","ast-breadcrumbs-content":"","ast-featured-img":"","footer-sml-layout":"","theme-transparent-header-meta":"","adv-header-id-meta":"","stick-header-meta":"","header-above-stick-meta":"","header-main-stick-meta":"","header-below-stick-meta":"","astra-migrate-meta-layouts":"default","ast-page-background-enabled":"default","ast-page-background-meta":{"desktop":{"background-color":"var(--ast-global-color-4)","background-image":"","background-repeat":"repeat","background-position":"center center","background-size":"auto","background-attachment":"scroll","background-type":"","background-media":"","overlay-type":"","overlay-color":"","overlay-opacity":"","overlay-gradient":""},"tablet":{"background-color":"","background-image":"","background-repeat":"repeat","background-position":"center center","background-size":"auto","background-attachment":"scroll","background-type":"","background-media":"","overlay-type":"","overlay-color":"","overlay-opacity":"","overlay-gradient":""},"mobile":{"background-color":"","background-image":"","background-repeat":"repeat","background-position":"center center","background-size":"auto","background-attachment":"scroll","background-type":"","background-media":"","overlay-type":"","overlay-color":"","overlay-opacity":"","overlay-gradient":""}},"ast-content-background-meta":{"desktop":{"background-color":"var(--ast-global-color-5)","background-image":"","background-repeat":"repeat","background-position":"center center","background-size":"auto","background-attachment":"scroll","background-type":"","background-media":"","overlay-type":"","overlay-color":"","overlay-opacity":"","overlay-gradient":""},"tablet":{"background-color":"var(--ast-global-color-5)","background-image":"","background-repeat":"repeat","background-position":"center center","background-size":"auto","background-attachment":"scroll","background-type":"","background-media":"","overlay-type":"","overlay-color":"","overlay-opacity":"","overlay-gradient":""},"mobile":{"background-color":"var(--ast-global-color-5)","background-image":"","background-repeat":"repeat","background-position":"center center","background-size":"auto","background-attachment":"scroll","background-type":"","background-media":"","overlay-type":"","overlay-color":"","overlay-opacity":"","overlay-gradient":""}},"footnotes":""},"categories":[8,22],"tags":[],"class_list":["post-8684","post","type-post","status-publish","format-standard","has-post-thumbnail","hentry","category-noticias","category-opinion-invitada"],"_links":{"self":[{"href":"https:\/\/losperiodistas.com.mx\/portal\/wp-json\/wp\/v2\/posts\/8684","targetHints":{"allow":["GET"]}}],"collection":[{"href":"https:\/\/losperiodistas.com.mx\/portal\/wp-json\/wp\/v2\/posts"}],"about":[{"href":"https:\/\/losperiodistas.com.mx\/portal\/wp-json\/wp\/v2\/types\/post"}],"author":[{"embeddable":true,"href":"https:\/\/losperiodistas.com.mx\/portal\/wp-json\/wp\/v2\/users\/1"}],"replies":[{"embeddable":true,"href":"https:\/\/losperiodistas.com.mx\/portal\/wp-json\/wp\/v2\/comments?post=8684"}],"version-history":[{"count":1,"href":"https:\/\/losperiodistas.com.mx\/portal\/wp-json\/wp\/v2\/posts\/8684\/revisions"}],"predecessor-version":[{"id":8685,"href":"https:\/\/losperiodistas.com.mx\/portal\/wp-json\/wp\/v2\/posts\/8684\/revisions\/8685"}],"wp:featuredmedia":[{"embeddable":true,"href":"https:\/\/losperiodistas.com.mx\/portal\/wp-json\/wp\/v2\/media\/7877"}],"wp:attachment":[{"href":"https:\/\/losperiodistas.com.mx\/portal\/wp-json\/wp\/v2\/media?parent=8684"}],"wp:term":[{"taxonomy":"category","embeddable":true,"href":"https:\/\/losperiodistas.com.mx\/portal\/wp-json\/wp\/v2\/categories?post=8684"},{"taxonomy":"post_tag","embeddable":true,"href":"https:\/\/losperiodistas.com.mx\/portal\/wp-json\/wp\/v2\/tags?post=8684"}],"curies":[{"name":"wp","href":"https:\/\/api.w.org\/{rel}","templated":true}]}}