{"id":8652,"date":"2021-06-02T05:19:55","date_gmt":"2021-06-02T10:19:55","guid":{"rendered":"http:\/\/losperiodistas.com.mx\/portal\/?p=8652"},"modified":"2021-06-02T05:19:57","modified_gmt":"2021-06-02T10:19:57","slug":"freno-a-lopez-obrador-advirtieron-al-presidente-por-difundir-propaganda-en-periodo-electoral-infobae","status":"publish","type":"post","link":"https:\/\/losperiodistas.com.mx\/portal\/freno-a-lopez-obrador-advirtieron-al-presidente-por-difundir-propaganda-en-periodo-electoral-infobae\/","title":{"rendered":"Freno a L\u00f3pez Obrador: advirtieron al presidente por difundir propaganda en periodo electoral | Infobae"},"content":{"rendered":"\n<p style=\"font-size:18px\"><em>El equipo de presidencia inform\u00f3 que se acatar\u00e1 la sentencia del Tribunal Electoral<\/em><\/p>\n\n\n\n<p><\/p>\n\n\n\n<figure class=\"wp-block-image size-large\"><img fetchpriority=\"high\" decoding=\"async\" width=\"1024\" height=\"680\" src=\"https:\/\/losperiodistas.com.mx\/portal\/wp-content\/uploads\/2021\/06\/Captura-de-Pantalla-2021-06-02-a-las-5.14.12-1024x680.jpg\" alt=\"\" class=\"wp-image-8653\" srcset=\"https:\/\/losperiodistas.com.mx\/portal\/wp-content\/uploads\/2021\/06\/Captura-de-Pantalla-2021-06-02-a-las-5.14.12-1024x680.jpg 1024w, https:\/\/losperiodistas.com.mx\/portal\/wp-content\/uploads\/2021\/06\/Captura-de-Pantalla-2021-06-02-a-las-5.14.12-300x199.jpg 300w, https:\/\/losperiodistas.com.mx\/portal\/wp-content\/uploads\/2021\/06\/Captura-de-Pantalla-2021-06-02-a-las-5.14.12-768x510.jpg 768w, https:\/\/losperiodistas.com.mx\/portal\/wp-content\/uploads\/2021\/06\/Captura-de-Pantalla-2021-06-02-a-las-5.14.12.jpg 1524w\" sizes=\"(max-width: 1024px) 100vw, 1024px\" \/><figcaption>El Tribunal Electoral se emiti\u00f3 una sentencia por considerar que AMLO emiti\u00f3 propaganda (Foto: Reuters)<\/figcaption><\/figure>\n\n\n\n<p><\/p>\n\n\n\n<p class=\"has-vivid-cyan-blue-color has-text-color has-medium-font-size\">INFOBAE<\/p>\n\n\n\n<p>Desde el Tribunal Electoral se emiti\u00f3 una sentencia luego de considerar que Andr\u00e9s Manuel L\u00f3pez Obrador (AMLO), presidente de M\u00e9xico desde 2018, interfiri\u00f3 en el proceso electoral de cara a los comicios federales del 6 de junio.<\/p>\n\n\n\n<p>A trav\u00e9s de un comunicado, el equipo de presidencia inform\u00f3 que\u00a0<strong>se acatar\u00e1 la sentencia<\/strong>\u00a0dictada por la\u00a0<strong>Sala Superior del Tribunal Electoral del Poder Judicial de la Federaci\u00f3n\u00a0<\/strong>entorno al caso.<\/p>\n\n\n\n<p>De acuerdo con el documento, se defini\u00f3 que Andr\u00e9s Manuel L\u00f3pez Obrador, en su car\u00e1cter de presidente de la naci\u00f3n,<strong>&nbsp;difundi\u00f3 propaganda gubernamental personalizada&nbsp;<\/strong>en tiempos donde estaba prohibido por la autoridad electoral.<\/p>\n\n\n\n<p>Esto, adem\u00e1s, significa que habr\u00eda utilizado de manera indebida recursos P\u00fablicos. Lo anterior se afirm\u00f3 porque al momento de realizar el evento \u201cPrimeros 100 d\u00edas del Tercer A\u00f1o de Gobierno\u201d, ya hab\u00edan arrancado las campa\u00f1as en diversas entidades federativas como&nbsp;<strong>Campeche, Colima, Guerrero, Nuevo Le\u00f3n, San Luis Potos\u00ed y Sonora.<\/strong><img decoding=\"async\" alt=\"La propaganda fue otorgada durante el evento \u201cPrimeros 100 d\u00edas del Tercer A\u00f1o de Gobierno\u201d (Foto: EFE\/ S\u00e1shenka Guti\u00e9rrez)\n\" height=\"3050\" width=\"4870\" src=\"https:\/\/www.infobae.com\/new-resizer\/ikBnvm-miXZQw6AwbH0_HP93ZPA=\/420x280\/filters:format(jpg):quality(85)\/cloudfront-us-east-1.images.arcpublishing.com\/infobae\/RZMIGISCOVAFTGQBJXDA5MIGHI.jpg%20420w\" srcset=\"https:\/\/www.infobae.com\/new-resizer\/ikBnvm-miXZQw6AwbH0_HP93ZPA=\/420x280\/filters:format(jpg):quality(85)\/cloudfront-us-east-1.images.arcpublishing.com\/infobae\/RZMIGISCOVAFTGQBJXDA5MIGHI.jpg 420w,https:\/\/www.infobae.com\/new-resizer\/dWwFZXRO0THgPXSDTCEDV4Kmaek=\/768x512\/filters:format(jpg):quality(85)\/cloudfront-us-east-1.images.arcpublishing.com\/infobae\/RZMIGISCOVAFTGQBJXDA5MIGHI.jpg 768w,https:\/\/www.infobae.com\/new-resizer\/WbyTqYXQKJUXLKZeFIEGUaLrSvI=\/992x661\/filters:format(jpg):quality(85)\/cloudfront-us-east-1.images.arcpublishing.com\/infobae\/RZMIGISCOVAFTGQBJXDA5MIGHI.jpg 992w,https:\/\/www.infobae.com\/new-resizer\/aFL7DU4xEqecn5wxj4empZ-C4xA=\/1200x800\/filters:format(jpg):quality(85)\/cloudfront-us-east-1.images.arcpublishing.com\/infobae\/RZMIGISCOVAFTGQBJXDA5MIGHI.jpg 1200w\">La propaganda fue otorgada durante el evento \u201cPrimeros 100 d\u00edas del Tercer A\u00f1o de Gobierno\u201d (Foto: EFE\/ S\u00e1shenka Guti\u00e9rrez)<\/p>\n\n\n\n<p>Sin embargo, la sanci\u00f3n en contra del presidente de la Rep\u00fablica es \u00fanicamente aplicable en casos relacionados con delitos penales, por lo que<strong>&nbsp;no existir\u00e1 sanci\u00f3n en este caso.<\/strong><\/p>\n\n\n\n<p>Al respecto, la oficina de presidencia declar\u00f3 que el hecho de que no haya un castigo por infracciones electorales,&nbsp;<strong>no significa que \u201cuna conducta o un proceder contrario a la Constituci\u00f3n se encuentren permitidos\u201d.<\/strong><\/p>\n\n\n\n<p>\u201cLo anterior tiene especial relevancia si se considera la presencia protag\u00f3nica en el gobierno del presidente, por lo que&nbsp;<strong>tiene un deber especial de cuidar las conductas que realice<\/strong>&nbsp;en ejercicio de sus funciones\u201d, explicaron.<\/p>\n\n\n\n<p>Por ello, informaron que se determin\u00f3, entre otros aspectos,&nbsp;<strong>la emisi\u00f3n de medidas de no repetici\u00f3n \u201ccon el prop\u00f3sito de que estas conductas no vuelvan a ocurrir\u201d.<\/strong><\/p>\n\n\n\n<p>En consecuencia, apuntaron,<strong>&nbsp;AMLO deber\u00e1 actuar con mesura, conciencia y autocontrol<\/strong>&nbsp;antes de emprender o emitir cualquier acto durante un proceso electoral, puesto que est\u00e1 obligado a \u201cgarantizar los principios constitucionales de imparcialidad, equidad y neutralidad\u201d, mismos que el presidente protest\u00f3 hacer cumplir.<img decoding=\"async\" alt=\"De acuerdo con AMLO, el pa\u00eds ha cambiado y pese a las muertes que carga sobre su espalda la elecci\u00f3n, \u201cno es lo mismo de antes\u201d (Foto: EFE\/S\u00e1shenka Guti\u00e9rrez)\n\" height=\"3456\" width=\"5184\" src=\"https:\/\/www.infobae.com\/new-resizer\/bMqymapVEu2yto0GERaxbMfFtQk=\/420x280\/filters:format(jpg):quality(85)\/cloudfront-us-east-1.images.arcpublishing.com\/infobae\/DGW2BL27WBEAFP2DJ7NRQKJ6JE.jpg%20420w\" srcset=\"https:\/\/www.infobae.com\/new-resizer\/bMqymapVEu2yto0GERaxbMfFtQk=\/420x280\/filters:format(jpg):quality(85)\/cloudfront-us-east-1.images.arcpublishing.com\/infobae\/DGW2BL27WBEAFP2DJ7NRQKJ6JE.jpg 420w,https:\/\/www.infobae.com\/new-resizer\/Ci4_z-8w6bt8ZKzr82BC0tqGxV8=\/768x512\/filters:format(jpg):quality(85)\/cloudfront-us-east-1.images.arcpublishing.com\/infobae\/DGW2BL27WBEAFP2DJ7NRQKJ6JE.jpg 768w,https:\/\/www.infobae.com\/new-resizer\/yVt-xeTq7lFNrIqo3BFX2kC51m0=\/992x661\/filters:format(jpg):quality(85)\/cloudfront-us-east-1.images.arcpublishing.com\/infobae\/DGW2BL27WBEAFP2DJ7NRQKJ6JE.jpg 992w,https:\/\/www.infobae.com\/new-resizer\/t81Z7tJSmv4x4-HJqj9rpxaAfNI=\/1200x800\/filters:format(jpg):quality(85)\/cloudfront-us-east-1.images.arcpublishing.com\/infobae\/DGW2BL27WBEAFP2DJ7NRQKJ6JE.jpg 1200w\">De acuerdo con AMLO, el pa\u00eds ha cambiado y pese a las muertes que carga sobre su espalda la elecci\u00f3n, \u201cno es lo mismo de antes\u201d (Foto: EFE\/S\u00e1shenka Guti\u00e9rrez)<\/p>\n\n\n\n<h2 class=\"wp-block-heading\">AMLO llama a votar pese a la violencia<\/h2>\n\n\n\n<p>Durante su m\u00e1s reciente \u201cma\u00f1anera\u201d desde Palacio Nacional, el mandatario mexicano&nbsp;<a href=\"https:\/\/www.infobae.com\/america\/mexico\/2021\/06\/01\/aun-con-los-hechos-lamentables-de-violencia-amlo-aseguro-que-hay-condiciones-para-que-la-gente-salga-a-votar\/\" target=\"_blank\" rel=\"noreferrer noopener\"><strong>asegur\u00f3 que hay condiciones para que los ciudadanos salgan a votar el pr\u00f3ximo 6 de junio, a pesar de la violencia<\/strong>.<\/a><\/p>\n\n\n\n<p>De acuerdo con AMLO, el pa\u00eds ha cambiado y pese a las muertes que carga sobre su espalda la elecci\u00f3n, \u201cno es lo mismo de antes\u201d, cosa que, dijo, podr\u00eda incluso probar, pero no se pondr\u00eda a \u201ccomparar n\u00famero de fallecidos\u201d.<\/p>\n\n\n\n<p>\u201cEn todos lados hay condiciones, han querido tambi\u00e9n dar a conocer de que hay mucha violencia con motivo de las elecciones; como es un tema muy delicado, muy sensible, hemos sido cuidadosos de hablar de lo que suced\u00eda antes, pero les puedo decir que aun siendo la elecci\u00f3n m\u00e1s grande,&nbsp;<strong>en cuanto a n\u00famero de candidatos que se van a elegir, aun con los hechos lamentables de violencia, no es lo mismo que antes, y lo puedo probar, nada m\u00e1s que no nos vamos a poner a comparar n\u00famero de fallecidos, no queremos que nadie pierda la vida\u201d<\/strong>, indic\u00f3 el mandatario mexicano.<img loading=\"lazy\" decoding=\"async\" alt=\"Este 6 de junio, M\u00e9xico elegir\u00e1 a 500 diputados federales, adem\u00e1s de 30 congresos locales (Imagen: Infobae M\u00e9xico\/Jovani P\u00e9rez)\" height=\"1080\" width=\"1920\" src=\"https:\/\/www.infobae.com\/new-resizer\/4lRJ1_CNFQwQqX16gOonRrBYeWA=\/420x236\/filters:format(jpg):quality(85)\/cloudfront-us-east-1.images.arcpublishing.com\/infobae\/PFLFWFWU7VCYPMG22NLML4PNLQ.jpg%20420w\" srcset=\"https:\/\/www.infobae.com\/new-resizer\/4lRJ1_CNFQwQqX16gOonRrBYeWA=\/420x236\/filters:format(jpg):quality(85)\/cloudfront-us-east-1.images.arcpublishing.com\/infobae\/PFLFWFWU7VCYPMG22NLML4PNLQ.jpg 420w,https:\/\/www.infobae.com\/new-resizer\/lv2kYhmW5l2ERUCdTGbn1yN2iEI=\/768x432\/filters:format(jpg):quality(85)\/cloudfront-us-east-1.images.arcpublishing.com\/infobae\/PFLFWFWU7VCYPMG22NLML4PNLQ.jpg 768w,https:\/\/www.infobae.com\/new-resizer\/n5LeMgPCdJW5qy3cFiHKpKeHt9A=\/992x558\/filters:format(jpg):quality(85)\/cloudfront-us-east-1.images.arcpublishing.com\/infobae\/PFLFWFWU7VCYPMG22NLML4PNLQ.jpg 992w,https:\/\/www.infobae.com\/new-resizer\/ARyAQbMMfWmoCNZRkpjucw248_s=\/1200x675\/filters:format(jpg):quality(85)\/cloudfront-us-east-1.images.arcpublishing.com\/infobae\/PFLFWFWU7VCYPMG22NLML4PNLQ.jpg 1200w\">Este 6 de junio, M\u00e9xico elegir\u00e1 a 500 diputados federales, adem\u00e1s de 30 congresos locales (Imagen: Infobae M\u00e9xico\/Jovani P\u00e9rez)<\/p>\n\n\n\n<p>A unos d\u00edas de las elecciones intermedias en M\u00e9xico, consideradas las m\u00e1s grandes de la historia del pa\u00eds, la tensi\u00f3n aumenta con acusaciones entre candidatos, partidos y autoridades, una elevada violencia electoral.<\/p>\n\n\n\n<p>Durante los comicios del 6 de junio, M\u00e9xico elegir\u00e1 a\u00a0<strong>500 diputados federales<\/strong>, adem\u00e1s de<strong>\u00a030 congresos locales<\/strong>, es decir<strong>, 1,063 diputados estatales<\/strong>;\u00a0<strong>1,926 ayuntamientos y juntas municipales<\/strong>, y finalmente<strong>\u00a015 gubernaturas.<\/strong><\/p>\n\n\n\n<p>Fuente: https:\/\/www.infobae.com\/america\/mexico\/2021\/06\/02\/freno-a-lopez-obrador-advirtieron-al-presidente-por-difundir-propaganda-en-periodo-electoral\/<\/p>\n","protected":false},"excerpt":{"rendered":"<p>El equipo de presidencia inform\u00f3 que se acatar\u00e1 la sentencia del Tribunal Electoral INFOBAE Desde el Tribunal Electoral se emiti\u00f3 [&hellip;]<\/p>\n","protected":false},"author":1,"featured_media":8653,"comment_status":"open","ping_status":"open","sticky":false,"template":"","format":"standard","meta":{"site-sidebar-layout":"default","site-content-layout":"","ast-site-content-layout":"default","site-content-style":"default","site-sidebar-style":"default","ast-global-header-display":"","ast-banner-title-visibility":"","ast-main-header-display":"","ast-hfb-above-header-display":"","ast-hfb-below-header-display":"","ast-hfb-mobile-header-display":"","site-post-title":"","ast-breadcrumbs-content":"","ast-featured-img":"","footer-sml-layout":"","theme-transparent-header-meta":"","adv-header-id-meta":"","stick-header-meta":"","header-above-stick-meta":"","header-main-stick-meta":"","header-below-stick-meta":"","astra-migrate-meta-layouts":"default","ast-page-background-enabled":"default","ast-page-background-meta":{"desktop":{"background-color":"var(--ast-global-color-4)","background-image":"","background-repeat":"repeat","background-position":"center center","background-size":"auto","background-attachment":"scroll","background-type":"","background-media":"","overlay-type":"","overlay-color":"","overlay-opacity":"","overlay-gradient":""},"tablet":{"background-color":"","background-image":"","background-repeat":"repeat","background-position":"center center","background-size":"auto","background-attachment":"scroll","background-type":"","background-media":"","overlay-type":"","overlay-color":"","overlay-opacity":"","overlay-gradient":""},"mobile":{"background-color":"","background-image":"","background-repeat":"repeat","background-position":"center center","background-size":"auto","background-attachment":"scroll","background-type":"","background-media":"","overlay-type":"","overlay-color":"","overlay-opacity":"","overlay-gradient":""}},"ast-content-background-meta":{"desktop":{"background-color":"var(--ast-global-color-5)","background-image":"","background-repeat":"repeat","background-position":"center center","background-size":"auto","background-attachment":"scroll","background-type":"","background-media":"","overlay-type":"","overlay-color":"","overlay-opacity":"","overlay-gradient":""},"tablet":{"background-color":"var(--ast-global-color-5)","background-image":"","background-repeat":"repeat","background-position":"center center","background-size":"auto","background-attachment":"scroll","background-type":"","background-media":"","overlay-type":"","overlay-color":"","overlay-opacity":"","overlay-gradient":""},"mobile":{"background-color":"var(--ast-global-color-5)","background-image":"","background-repeat":"repeat","background-position":"center center","background-size":"auto","background-attachment":"scroll","background-type":"","background-media":"","overlay-type":"","overlay-color":"","overlay-opacity":"","overlay-gradient":""}},"footnotes":""},"categories":[8],"tags":[1818,1819,1820],"class_list":["post-8652","post","type-post","status-publish","format-standard","has-post-thumbnail","hentry","category-noticias","tag-amlo-violaciones-ine","tag-elecciones-en-mexico-2021","tag-violencia-electoral-mexico"],"_links":{"self":[{"href":"https:\/\/losperiodistas.com.mx\/portal\/wp-json\/wp\/v2\/posts\/8652","targetHints":{"allow":["GET"]}}],"collection":[{"href":"https:\/\/losperiodistas.com.mx\/portal\/wp-json\/wp\/v2\/posts"}],"about":[{"href":"https:\/\/losperiodistas.com.mx\/portal\/wp-json\/wp\/v2\/types\/post"}],"author":[{"embeddable":true,"href":"https:\/\/losperiodistas.com.mx\/portal\/wp-json\/wp\/v2\/users\/1"}],"replies":[{"embeddable":true,"href":"https:\/\/losperiodistas.com.mx\/portal\/wp-json\/wp\/v2\/comments?post=8652"}],"version-history":[{"count":1,"href":"https:\/\/losperiodistas.com.mx\/portal\/wp-json\/wp\/v2\/posts\/8652\/revisions"}],"predecessor-version":[{"id":8654,"href":"https:\/\/losperiodistas.com.mx\/portal\/wp-json\/wp\/v2\/posts\/8652\/revisions\/8654"}],"wp:featuredmedia":[{"embeddable":true,"href":"https:\/\/losperiodistas.com.mx\/portal\/wp-json\/wp\/v2\/media\/8653"}],"wp:attachment":[{"href":"https:\/\/losperiodistas.com.mx\/portal\/wp-json\/wp\/v2\/media?parent=8652"}],"wp:term":[{"taxonomy":"category","embeddable":true,"href":"https:\/\/losperiodistas.com.mx\/portal\/wp-json\/wp\/v2\/categories?post=8652"},{"taxonomy":"post_tag","embeddable":true,"href":"https:\/\/losperiodistas.com.mx\/portal\/wp-json\/wp\/v2\/tags?post=8652"}],"curies":[{"name":"wp","href":"https:\/\/api.w.org\/{rel}","templated":true}]}}