{"id":8634,"date":"2021-06-01T08:23:43","date_gmt":"2021-06-01T13:23:43","guid":{"rendered":"http:\/\/losperiodistas.com.mx\/portal\/?p=8634"},"modified":"2021-06-01T08:23:45","modified_gmt":"2021-06-01T13:23:45","slug":"corin-tellado-la-escritora-espanola-mas-leida-despues-de-cervantes-da-el-salto-a-la-television-la-razon","status":"publish","type":"post","link":"https:\/\/losperiodistas.com.mx\/portal\/corin-tellado-la-escritora-espanola-mas-leida-despues-de-cervantes-da-el-salto-a-la-television-la-razon\/","title":{"rendered":"Cor\u00edn Tellado: la \u201cescritora espa\u00f1ola m\u00e1s le\u00edda despu\u00e9s de Cervantes\u201d da el salto a la televisi\u00f3n | La Raz\u00f3n"},"content":{"rendered":"\n<p style=\"font-size:18px\"><em>Por su m\u00e1s de 4.000 obras escritas, la UNESCO le dio a la autora esta consideraci\u00f3n oficial. Sus derechos han sido adquiridos por Telemundo para ser adaptados a formatos audiovisuales<\/em><\/p>\n\n\n\n<p><\/p>\n\n\n\n<figure class=\"wp-block-image size-large\"><img fetchpriority=\"high\" decoding=\"async\" width=\"1024\" height=\"654\" src=\"https:\/\/losperiodistas.com.mx\/portal\/wp-content\/uploads\/2021\/06\/Captura-de-Pantalla-2021-06-01-a-las-8.18.46-1024x654.jpg\" alt=\"\" class=\"wp-image-8635\" srcset=\"https:\/\/losperiodistas.com.mx\/portal\/wp-content\/uploads\/2021\/06\/Captura-de-Pantalla-2021-06-01-a-las-8.18.46-1024x654.jpg 1024w, https:\/\/losperiodistas.com.mx\/portal\/wp-content\/uploads\/2021\/06\/Captura-de-Pantalla-2021-06-01-a-las-8.18.46-300x192.jpg 300w, https:\/\/losperiodistas.com.mx\/portal\/wp-content\/uploads\/2021\/06\/Captura-de-Pantalla-2021-06-01-a-las-8.18.46-768x490.jpg 768w, https:\/\/losperiodistas.com.mx\/portal\/wp-content\/uploads\/2021\/06\/Captura-de-Pantalla-2021-06-01-a-las-8.18.46.jpg 1190w\" sizes=\"(max-width: 1024px) 100vw, 1024px\" \/><figcaption><strong>Cor\u00edn Tellado, adi\u00f3s a la gran dama de la novela rosa<\/strong><\/figcaption><\/figure>\n\n\n\n<p><\/p>\n\n\n\n<p class=\"has-vivid-cyan-blue-color has-text-color has-medium-font-size\">LLUIS FERN\u00c1NDEZ \/ LA RAZ\u00d3N<\/p>\n\n\n\n<p>Para las generaciones de la posguerra y la Transici\u00f3n, Cor\u00edn Tellado fue una presencia omnipresente. Sus novelas rosas ocupaban los quioscos y se cambiaban en las paradas de segunda mano. Sus novelitas se le\u00edan en todo el mundo por millones y nadie que se considerase semiculto o moderno se habr\u00eda atrevido a leerlas en p\u00fablico. Era subliteratura, sin ning\u00fan tipo de redenci\u00f3n. Incluso cuando Umberto Eco hizo una defensa cr\u00edtica de la cultura de masas, de los tebeos, la canci\u00f3n pop y un elogio del sentimentalismo del kitsch,&nbsp;<strong>nadie reivindic\u00f3 a Cor\u00edn Tellado.&nbsp;<\/strong>Sin embargo, sus obras se convirtieron en un fil\u00f3n literario, el de la \u00abGran Dama del Rosa\u00bb, que Telemundo Global acaba de adquirir para su adaptaci\u00f3n a m\u00faltiples formatos audiovisuales. Y tienen donde elegir, porque de la escritora se cuentan m\u00e1s de 4.000 obras. La UNESCO declar\u00f3 en 1962 a Tellado \u00abla escritora espa\u00f1ola m\u00e1s le\u00edda despu\u00e9s de Miguel de Cervantes\u00bb.<\/p>\n\n\n\n<p>Un problema de las novelitas de Cor\u00edn Tellado era el formato pulp de quiosco. Autoras rosas como Barbara Cartland o Danielle Steele triunfaban en tapa dura.&nbsp;<strong>Eso les daba la categor\u00eda que nunca tuvo nuestra Cor\u00edn Tellado, que pas\u00f3 de la escritora m\u00e1s vendida en el mundo a fen\u00f3meno sociol\u00f3gico<\/strong>. El primer autor serio que ley\u00f3 a Cor\u00edn Tellado fue&nbsp;<strong>Cabrera Infante<\/strong>, que era su corrector en la revista \u00abVanidades\u00bb de Cuba. \u00abFui a conocerla a Gij\u00f3n y me encontr\u00e9 con la sorpresa de tener delante de mi a una escritora y no a una fabricante de novelitas\u00bb. Desde entonces su aprecio por la autora fue grande, como la cr\u00edtica a los intelectuales celosos de su \u00e9xito de ventas. Posteriormente le dedic\u00f3 el art\u00edculo \u00abCor\u00edn Tellado, porn\u00f3grafa inocente\u00bb.<\/p>\n\n\n\n<p><strong>Vargas Llosa<\/strong>&nbsp;la entrevist\u00f3 en la televisi\u00f3n peruana, recomendada por el a\u00f1orado Juan Cueto, pero reconoci\u00f3 que nunca ley\u00f3 sus novelas. La admiraba, y puede que la aludiera en \u00abLa t\u00eda Julia y el escribidor\u00bb. S\u00ed lo hizo Andr\u00e9s Amor\u00f3s, que escribi\u00f3 los ensayos \u00abSociolog\u00eda de la novela rosa\u00bb (1968) y \u00abSubliteraturas\u00bb (1974), que no gustaron a la autora asturiana. Una persona dura, amargada por la falta de reconocimiento, que dedic\u00f3 su vida a escribir novela rosa: la enormidad de 4.000 t\u00edtulos con unas ventas de 400 millones de ejemplares, dirigidos principalmente al p\u00fablico femenino. A partir de una historia y gui\u00f3n suyo, se rod\u00f3 \u00abTengo que abandonarte\u00bb (1969), de&nbsp;<strong>Antonio del Amo<\/strong>. De m\u00e1s enjundia fue la exquisita \u00abMi boda contigo\u00bb (1984), con gui\u00f3n de&nbsp;<strong>Ra\u00fal Ruiz<\/strong>&nbsp;y dirigida por su mujer Valeria Sarmiento, rodada en la isla de Madeira. En los a\u00f1os 90, Antena 3 grab\u00f3 55 cap\u00edtulos de la serie \u00abAmbiciones\u00bb con guiones propios. Adem\u00e1s de m\u00faltiples fotonovelas y seriales radiof\u00f3nicos, public\u00f3 una novela larga \u00abLucha oculta\u00bb, que no tuvo la respuesta cr\u00edtica esperada.<\/p>\n\n\n\n<figure class=\"wp-block-image\"><img decoding=\"async\" src=\"https:\/\/www.larazon.es\/resizer\/AY6MoZfSl_uWd6PVJ2cdsZj8HFs=\/840x0\/smart\/filters:format(jpg)\/cloudfront-eu-central-1.images.arcpublishing.com\/larazon\/E4PKICZVXFGPHFEIAIJWAPHVEQ.jpg\" alt=\"La escritora asturiana vendi\u00f3, seg\u00fan el Libro Guinness de los r\u00e9cords del a\u00f1o 94, m\u00e1s de 400 millones de libros. &quot;Se levantaba a las cinco de la ma\u00f1ana lunes, martes, jueves y viernes. Y escrib\u00eda de cinco a tres de la tarde. Hab\u00eda semanas que escrib\u00eda hasta dos novelas&quot;\"\/><figcaption>La escritora asturiana vendi\u00f3, seg\u00fan el Libro Guinness de los r\u00e9cords del a\u00f1o 94, m\u00e1s de 400 millones de libros. \u00abSe levantaba a las cinco de la ma\u00f1ana lunes, martes, jueves y viernes. Y escrib\u00eda de cinco a tres de la tarde. Hab\u00eda semanas que escrib\u00eda hasta dos novelas\u00bbEFEEFE<\/figcaption><\/figure>\n\n\n\n<p><\/p>\n\n\n\n<p>Fuente: https:\/\/www.larazon.es\/cultura\/20210601\/xzztlx4sofh5loepbgirfqisee.html <\/p>\n","protected":false},"excerpt":{"rendered":"<p>Por su m\u00e1s de 4.000 obras escritas, la UNESCO le dio a la autora esta consideraci\u00f3n oficial. Sus derechos han [&hellip;]<\/p>\n","protected":false},"author":1,"featured_media":8635,"comment_status":"open","ping_status":"open","sticky":false,"template":"","format":"standard","meta":{"site-sidebar-layout":"default","site-content-layout":"","ast-site-content-layout":"default","site-content-style":"default","site-sidebar-style":"default","ast-global-header-display":"","ast-banner-title-visibility":"","ast-main-header-display":"","ast-hfb-above-header-display":"","ast-hfb-below-header-display":"","ast-hfb-mobile-header-display":"","site-post-title":"","ast-breadcrumbs-content":"","ast-featured-img":"","footer-sml-layout":"","theme-transparent-header-meta":"","adv-header-id-meta":"","stick-header-meta":"","header-above-stick-meta":"","header-main-stick-meta":"","header-below-stick-meta":"","astra-migrate-meta-layouts":"default","ast-page-background-enabled":"default","ast-page-background-meta":{"desktop":{"background-color":"var(--ast-global-color-4)","background-image":"","background-repeat":"repeat","background-position":"center center","background-size":"auto","background-attachment":"scroll","background-type":"","background-media":"","overlay-type":"","overlay-color":"","overlay-opacity":"","overlay-gradient":""},"tablet":{"background-color":"","background-image":"","background-repeat":"repeat","background-position":"center center","background-size":"auto","background-attachment":"scroll","background-type":"","background-media":"","overlay-type":"","overlay-color":"","overlay-opacity":"","overlay-gradient":""},"mobile":{"background-color":"","background-image":"","background-repeat":"repeat","background-position":"center center","background-size":"auto","background-attachment":"scroll","background-type":"","background-media":"","overlay-type":"","overlay-color":"","overlay-opacity":"","overlay-gradient":""}},"ast-content-background-meta":{"desktop":{"background-color":"var(--ast-global-color-5)","background-image":"","background-repeat":"repeat","background-position":"center center","background-size":"auto","background-attachment":"scroll","background-type":"","background-media":"","overlay-type":"","overlay-color":"","overlay-opacity":"","overlay-gradient":""},"tablet":{"background-color":"var(--ast-global-color-5)","background-image":"","background-repeat":"repeat","background-position":"center center","background-size":"auto","background-attachment":"scroll","background-type":"","background-media":"","overlay-type":"","overlay-color":"","overlay-opacity":"","overlay-gradient":""},"mobile":{"background-color":"var(--ast-global-color-5)","background-image":"","background-repeat":"repeat","background-position":"center center","background-size":"auto","background-attachment":"scroll","background-type":"","background-media":"","overlay-type":"","overlay-color":"","overlay-opacity":"","overlay-gradient":""}},"footnotes":""},"categories":[8],"tags":[1809,1807,1808],"class_list":["post-8634","post","type-post","status-publish","format-standard","has-post-thumbnail","hentry","category-noticias","tag-4000-obras-de-corin-tellado","tag-corin-tellado","tag-unesco-corin-tellado"],"_links":{"self":[{"href":"https:\/\/losperiodistas.com.mx\/portal\/wp-json\/wp\/v2\/posts\/8634","targetHints":{"allow":["GET"]}}],"collection":[{"href":"https:\/\/losperiodistas.com.mx\/portal\/wp-json\/wp\/v2\/posts"}],"about":[{"href":"https:\/\/losperiodistas.com.mx\/portal\/wp-json\/wp\/v2\/types\/post"}],"author":[{"embeddable":true,"href":"https:\/\/losperiodistas.com.mx\/portal\/wp-json\/wp\/v2\/users\/1"}],"replies":[{"embeddable":true,"href":"https:\/\/losperiodistas.com.mx\/portal\/wp-json\/wp\/v2\/comments?post=8634"}],"version-history":[{"count":1,"href":"https:\/\/losperiodistas.com.mx\/portal\/wp-json\/wp\/v2\/posts\/8634\/revisions"}],"predecessor-version":[{"id":8636,"href":"https:\/\/losperiodistas.com.mx\/portal\/wp-json\/wp\/v2\/posts\/8634\/revisions\/8636"}],"wp:featuredmedia":[{"embeddable":true,"href":"https:\/\/losperiodistas.com.mx\/portal\/wp-json\/wp\/v2\/media\/8635"}],"wp:attachment":[{"href":"https:\/\/losperiodistas.com.mx\/portal\/wp-json\/wp\/v2\/media?parent=8634"}],"wp:term":[{"taxonomy":"category","embeddable":true,"href":"https:\/\/losperiodistas.com.mx\/portal\/wp-json\/wp\/v2\/categories?post=8634"},{"taxonomy":"post_tag","embeddable":true,"href":"https:\/\/losperiodistas.com.mx\/portal\/wp-json\/wp\/v2\/tags?post=8634"}],"curies":[{"name":"wp","href":"https:\/\/api.w.org\/{rel}","templated":true}]}}