{"id":8627,"date":"2021-06-01T08:07:57","date_gmt":"2021-06-01T13:07:57","guid":{"rendered":"http:\/\/losperiodistas.com.mx\/portal\/?p=8627"},"modified":"2021-06-01T08:07:58","modified_gmt":"2021-06-01T13:07:58","slug":"el-abuso-sexual-de-menores-es-incluido-como-delito-dentro-de-la-ley-canonica-del-vaticano-rt","status":"publish","type":"post","link":"https:\/\/losperiodistas.com.mx\/portal\/el-abuso-sexual-de-menores-es-incluido-como-delito-dentro-de-la-ley-canonica-del-vaticano-rt\/","title":{"rendered":"El abuso sexual de menores es incluido como delito dentro de la Ley Can\u00f3nica del Vaticano | RT"},"content":{"rendered":"\n<p style=\"font-size:18px\"><em>La decisi\u00f3n es resultado de un trabajo de revisi\u00f3n que modifica concretamente el Libro VI del C\u00f3digo de Derecho Can\u00f3nico sobre sanciones penales en la Iglesia.<\/em><\/p>\n\n\n\n<p><\/p>\n\n\n\n<figure class=\"wp-block-image size-large\"><img fetchpriority=\"high\" decoding=\"async\" width=\"1024\" height=\"575\" src=\"https:\/\/losperiodistas.com.mx\/portal\/wp-content\/uploads\/2021\/06\/Captura-de-Pantalla-2021-06-01-a-las-8.00.18-1024x575.jpg\" alt=\"\" class=\"wp-image-8628\" srcset=\"https:\/\/losperiodistas.com.mx\/portal\/wp-content\/uploads\/2021\/06\/Captura-de-Pantalla-2021-06-01-a-las-8.00.18-1024x575.jpg 1024w, https:\/\/losperiodistas.com.mx\/portal\/wp-content\/uploads\/2021\/06\/Captura-de-Pantalla-2021-06-01-a-las-8.00.18-300x169.jpg 300w, https:\/\/losperiodistas.com.mx\/portal\/wp-content\/uploads\/2021\/06\/Captura-de-Pantalla-2021-06-01-a-las-8.00.18-768x432.jpg 768w, https:\/\/losperiodistas.com.mx\/portal\/wp-content\/uploads\/2021\/06\/Captura-de-Pantalla-2021-06-01-a-las-8.00.18-1536x863.jpg 1536w, https:\/\/losperiodistas.com.mx\/portal\/wp-content\/uploads\/2021\/06\/Captura-de-Pantalla-2021-06-01-a-las-8.00.18-2048x1151.jpg 2048w\" sizes=\"(max-width: 1024px) 100vw, 1024px\" \/><figcaption>Imagen ilustrativa Calamity Jane\u00a0\/ Shutterstock<br><\/figcaption><\/figure>\n\n\n\n<p class=\"has-vivid-cyan-blue-color has-text-color has-medium-font-size\">RT<\/p>\n\n\n\n<p>El Vaticano penalizar\u00e1 los abusos sexuales por parte de sacerdotes en la versi\u00f3n actualizada del C\u00f3digo de Derecho Can\u00f3nico, el sistema de normas jur\u00eddicas que regulan la Iglesia cat\u00f3lica. La decisi\u00f3n es resultado de un trabajo de revisi\u00f3n, iniciado con el papado de Benedicto XVI, que modifica concretamente el Libro VI del C\u00f3digo de Derecho Can\u00f3nico sobre sanciones penales en la Iglesia, informa el portal&nbsp;<a href=\"https:\/\/www.vaticannews.va\/it\/papa\/news\/2021-06\/papa-costituzione-apostolica-pascite-gregem-sanzioni-penali.html\" target=\"_blank\" rel=\"noreferrer noopener\">Vatican News<\/a>.<\/p>\n\n\n\n<p>\u00abEra necesario enmendarlo para permitir a los pastores utilizarlo como una herramienta salv\u00edfica y correctiva m\u00e1s \u00e1gil, para ser utilizado con prontitud y con caridad pastoral para evitar males m\u00e1s graves y aliviar las heridas causadas por la debilidad humana\u00bb, asegura el papa Francisco, citado por el medio.<\/p>\n\n\n\n<figure class=\"wp-block-image\"><img decoding=\"async\" src=\"https:\/\/cdni.rt.com\/actualidad\/public_images\/2021.04\/thumbnail\/608bc72be9ff7157df11d6b7.JPG\" alt=\"Papa Francisco\"\/><\/figure>\n\n\n\n<p><a href=\"https:\/\/actualidad.rt.com\/actualidad\/390893-papa-francisco-emite-decreto-prohibe-recibir-regalos-48-dolares\">El papa Francisco decreta que los cardenales y altos funcionarios del Vaticano no podr\u00e1n aceptar regalos de m\u00e1s de 48 d\u00f3lares<\/a><\/p>\n\n\n\n<p>Las faltas relacionadas con abuso de menores han sido incluidas en el cap\u00edtulo de delitos \u00abcontra las obligaciones especiales de los cl\u00e9rigos\u00bb y abarcan el maltrato infantil cometido no solo por ellos, sino tambi\u00e9n por \u00abmiembros de institutos de vida consagrada y por otros fieles\u00bb.&nbsp;Por tanto, se ha querido&nbsp;resaltar la gravedad de estos delitos y tambi\u00e9n la atenci\u00f3n a las v\u00edctimas. Asimismo, tambi\u00e9n se endurecen las sanciones para quienes abusen de adultos.<\/p>\n\n\n\n<p><a href=\"https:\/\/www.vaticannews.va\/it\/papa\/news\/2021-06\/codice-di-diritto-canonico-iannone-arrieta.html\" target=\"_blank\" rel=\"noreferrer noopener\">De acuerdo<\/a>&nbsp;con las autoridades eclesi\u00e1sticas, el nuevo texto introduce cambios en la ley actual y sanciona nuevas figuras delictivas para responder a situaciones sociales y eclesiales que han cambiado. De este modo, se han previsto nuevas sanciones como multas, indemnizaciones por da\u00f1os, privaci\u00f3n total o parcial de la remuneraci\u00f3n eclesi\u00e1stica, entre otras. Tambi\u00e9n se revis\u00f3 el estatuto de limitaciones para reducir los tiempos de los procesos.<\/p>\n\n\n\n<p>Las mejoras buscan ofrecer \u00abcriterios objetivos\u00bb para la identificaci\u00f3n de sanciones m\u00e1s adecuadas a aplicar en casos concretos, \u00abespecialmente por delitos que causan mayor da\u00f1o y esc\u00e1ndalo en la comunidad\u00bb, se\u00f1al\u00f3 el pont\u00edfice.<\/p>\n\n\n\n<figure class=\"wp-block-embed is-type-video is-provider-youtube wp-block-embed-youtube wp-embed-aspect-16-9 wp-has-aspect-ratio\"><div class=\"wp-block-embed__wrapper\">\nhttps:\/\/youtu.be\/X7uvANgkqkk\n<\/div><\/figure>\n\n\n\n<p><\/p>\n\n\n\n<p>Fuente: https:\/\/actualidad.rt.com\/actualidad\/393781-abuso-sexual-menores-delito-ley-canonica-vaticano<\/p>\n","protected":false},"excerpt":{"rendered":"<p>La decisi\u00f3n es resultado de un trabajo de revisi\u00f3n que modifica concretamente el Libro VI del C\u00f3digo de Derecho Can\u00f3nico [&hellip;]<\/p>\n","protected":false},"author":1,"featured_media":8628,"comment_status":"open","ping_status":"open","sticky":false,"template":"","format":"standard","meta":{"site-sidebar-layout":"default","site-content-layout":"","ast-site-content-layout":"default","site-content-style":"default","site-sidebar-style":"default","ast-global-header-display":"","ast-banner-title-visibility":"","ast-main-header-display":"","ast-hfb-above-header-display":"","ast-hfb-below-header-display":"","ast-hfb-mobile-header-display":"","site-post-title":"","ast-breadcrumbs-content":"","ast-featured-img":"","footer-sml-layout":"","theme-transparent-header-meta":"","adv-header-id-meta":"","stick-header-meta":"","header-above-stick-meta":"","header-main-stick-meta":"","header-below-stick-meta":"","astra-migrate-meta-layouts":"default","ast-page-background-enabled":"default","ast-page-background-meta":{"desktop":{"background-color":"var(--ast-global-color-4)","background-image":"","background-repeat":"repeat","background-position":"center center","background-size":"auto","background-attachment":"scroll","background-type":"","background-media":"","overlay-type":"","overlay-color":"","overlay-opacity":"","overlay-gradient":""},"tablet":{"background-color":"","background-image":"","background-repeat":"repeat","background-position":"center center","background-size":"auto","background-attachment":"scroll","background-type":"","background-media":"","overlay-type":"","overlay-color":"","overlay-opacity":"","overlay-gradient":""},"mobile":{"background-color":"","background-image":"","background-repeat":"repeat","background-position":"center center","background-size":"auto","background-attachment":"scroll","background-type":"","background-media":"","overlay-type":"","overlay-color":"","overlay-opacity":"","overlay-gradient":""}},"ast-content-background-meta":{"desktop":{"background-color":"var(--ast-global-color-5)","background-image":"","background-repeat":"repeat","background-position":"center center","background-size":"auto","background-attachment":"scroll","background-type":"","background-media":"","overlay-type":"","overlay-color":"","overlay-opacity":"","overlay-gradient":""},"tablet":{"background-color":"var(--ast-global-color-5)","background-image":"","background-repeat":"repeat","background-position":"center center","background-size":"auto","background-attachment":"scroll","background-type":"","background-media":"","overlay-type":"","overlay-color":"","overlay-opacity":"","overlay-gradient":""},"mobile":{"background-color":"var(--ast-global-color-5)","background-image":"","background-repeat":"repeat","background-position":"center center","background-size":"auto","background-attachment":"scroll","background-type":"","background-media":"","overlay-type":"","overlay-color":"","overlay-opacity":"","overlay-gradient":""}},"footnotes":""},"categories":[8,1],"tags":[1806,1805],"class_list":["post-8627","post","type-post","status-publish","format-standard","has-post-thumbnail","hentry","category-noticias","category-sin-categoria","tag-abuso-sexual-a-menores-incluido-en-ley-canonica","tag-derecho-canonico-vaticano"],"_links":{"self":[{"href":"https:\/\/losperiodistas.com.mx\/portal\/wp-json\/wp\/v2\/posts\/8627","targetHints":{"allow":["GET"]}}],"collection":[{"href":"https:\/\/losperiodistas.com.mx\/portal\/wp-json\/wp\/v2\/posts"}],"about":[{"href":"https:\/\/losperiodistas.com.mx\/portal\/wp-json\/wp\/v2\/types\/post"}],"author":[{"embeddable":true,"href":"https:\/\/losperiodistas.com.mx\/portal\/wp-json\/wp\/v2\/users\/1"}],"replies":[{"embeddable":true,"href":"https:\/\/losperiodistas.com.mx\/portal\/wp-json\/wp\/v2\/comments?post=8627"}],"version-history":[{"count":1,"href":"https:\/\/losperiodistas.com.mx\/portal\/wp-json\/wp\/v2\/posts\/8627\/revisions"}],"predecessor-version":[{"id":8633,"href":"https:\/\/losperiodistas.com.mx\/portal\/wp-json\/wp\/v2\/posts\/8627\/revisions\/8633"}],"wp:featuredmedia":[{"embeddable":true,"href":"https:\/\/losperiodistas.com.mx\/portal\/wp-json\/wp\/v2\/media\/8628"}],"wp:attachment":[{"href":"https:\/\/losperiodistas.com.mx\/portal\/wp-json\/wp\/v2\/media?parent=8627"}],"wp:term":[{"taxonomy":"category","embeddable":true,"href":"https:\/\/losperiodistas.com.mx\/portal\/wp-json\/wp\/v2\/categories?post=8627"},{"taxonomy":"post_tag","embeddable":true,"href":"https:\/\/losperiodistas.com.mx\/portal\/wp-json\/wp\/v2\/tags?post=8627"}],"curies":[{"name":"wp","href":"https:\/\/api.w.org\/{rel}","templated":true}]}}