{"id":85768,"date":"2024-09-20T14:50:36","date_gmt":"2024-09-20T19:50:36","guid":{"rendered":"https:\/\/losperiodistas.com.mx\/portal\/?p=85768"},"modified":"2024-09-20T14:51:36","modified_gmt":"2024-09-20T19:51:36","slug":"el-ecocidio-entra-en-el-codigo-penal-ante-la-atenta-mirada-de-los-guardianes-del-planeta-que-implica-este-cambio-enclave-ods","status":"publish","type":"post","link":"https:\/\/losperiodistas.com.mx\/portal\/el-ecocidio-entra-en-el-codigo-penal-ante-la-atenta-mirada-de-los-guardianes-del-planeta-que-implica-este-cambio-enclave-ods\/","title":{"rendered":"El &#8216;ecocidio&#8217; entra en el c\u00f3digo penal ante la atenta mirada de \u00ablos guardianes del planeta\u00bb: \u00bfqu\u00e9 implica este cambio? | Enclave ODS"},"content":{"rendered":"\n<h2 class=\"wp-block-heading\">B\u00e9lgica, Chile y Francia ya lo han reconocido como un crimen y el 72% de los ciudadanos de los pa\u00edses del G20 asegura que deber\u00eda serlo.&nbsp;<\/h2>\n\n\n\n<figure class=\"wp-block-image size-large\"><img fetchpriority=\"high\" decoding=\"async\" width=\"1024\" height=\"576\" src=\"https:\/\/losperiodistas.com.mx\/portal\/wp-content\/uploads\/2024\/09\/887171624_249326265_1706x960-1024x576.webp\" alt=\"\" class=\"wp-image-85769\" srcset=\"https:\/\/losperiodistas.com.mx\/portal\/wp-content\/uploads\/2024\/09\/887171624_249326265_1706x960-1024x576.webp 1024w, https:\/\/losperiodistas.com.mx\/portal\/wp-content\/uploads\/2024\/09\/887171624_249326265_1706x960-300x169.webp 300w, https:\/\/losperiodistas.com.mx\/portal\/wp-content\/uploads\/2024\/09\/887171624_249326265_1706x960-768x432.webp 768w, https:\/\/losperiodistas.com.mx\/portal\/wp-content\/uploads\/2024\/09\/887171624_249326265_1706x960-1536x864.webp 1536w, https:\/\/losperiodistas.com.mx\/portal\/wp-content\/uploads\/2024\/09\/887171624_249326265_1706x960.webp 1706w\" sizes=\"(max-width: 1024px) 100vw, 1024px\" \/><figcaption class=\"wp-element-caption\">Panor\u00e1mica de la basura en un campo con el fondo de la contaminaci\u00f3n de una ciudad.\u00a0NirutiStock\u00a0Istock<\/figcaption><\/figure>\n\n\n\n<p class=\"has-vivid-red-color has-text-color has-link-color has-medium-font-size wp-elements-4b6201a275ecddf76a6b5089aa0e2680\"><strong><a href=\"https:\/\/www.elespanol.com\/autor\/mariana-goya\/\">Mariana Goya<\/a> \/ ODS Enclave \/ El Espa\u00f1ol<\/strong><\/p>\n\n\n\n<p>20 septiembre, 2024&nbsp;01:56<\/p>\n\n\n\n<p id=\"paragraph_1\">La lucha por&nbsp;<a href=\"https:\/\/www.elespanol.com\/enclave-ods\/historias\/20240130\/mar-mediterraneo-sufre-dano-ambiental-irreversible-libros-llevan-anos-advirtiendonos\/828417282_0.html\">la protecci\u00f3n del medioambiente<\/a>&nbsp;ha dado un paso decisivo en su historia reciente.&nbsp;<strong>El ecocidio se est\u00e1 abriendo camino hacia los c\u00f3digos penales<\/strong>&nbsp;de varias naciones, marcando un punto de inflexi\u00f3n en la forma en que los gobiernos y las grandes empresas se enfrentan a la crisis clim\u00e1tica.&nbsp;<\/p>\n\n\n\n<p id=\"paragraph_2\">El t\u00e9rmino, que describe los da\u00f1os graves e irreversibles causados al ecosistema,&nbsp;<strong>ya ha sido reconocido como delito en B\u00e9lgica, Chile y Francia<\/strong>, y est\u00e1 en proceso de ser legislado en pa\u00edses como Brasil, Italia, M\u00e9xico y Per\u00fa. Pero, \u00bfqu\u00e9 significa realmente este cambio para la sociedad y c\u00f3mo afectar\u00e1 a los responsables de la destrucci\u00f3n ambiental?<\/p>\n\n\n\n<p id=\"paragraph_3\">Hasta el momento, lo que se puede confirmar es que una gran mayor\u00eda de los ciudadanos de las principales econom\u00edas del mundo est\u00e1n exigiendo acciones concretas para enfrentar esta realidad. As\u00ed lo indica un&nbsp;<a href=\"https:\/\/earth4all.life\/global-survey-2024\/\" rel=\"noreferrer noopener\" target=\"_blank\">estudio reciente de&nbsp;<em>Earth4All<\/em><\/a>:&nbsp;<strong>el 72% de los pa\u00edses de las personas encuestadas en 18 pa\u00edses del G20, excluyendo a Rusia, apoyan que se considere un delito penal<\/strong>.&nbsp;<\/p>\n\n\n\n<p><a href=\"https:\/\/www.elespanol.com\/enclave-ods\/historias\/20240818\/europa-obliga-restaurar-naturaleza-expertos-indican-paisaje-puede-recuperar\/878912130_0.html\">[Europa nos obliga a restaurar la naturaleza: los expertos indican que casi el 25% del paisaje a\u00fan se puede recuperar]<\/a><\/p>\n\n\n\n<p id=\"paragraph_4\">Esto incluye que se identifique como crimen que los gobiernos o l\u00edderes de grandes empresas aprueben o permitan acciones que causen da\u00f1os al medioambiente o al clima. Un respaldo que refleja la&nbsp;<strong>creciente conciencia global sobre la urgente necesidad de proteger<\/strong>&nbsp;lo que los expertos llaman \u00ablos bienes comunes globales\u00bb: los ecosistemas, los recursos naturales y las condiciones clim\u00e1ticas que sustentan toda la vida en la Tierra.&nbsp;<\/p>\n\n\n\n<h3 class=\"wp-block-heading\">Por el planeta<\/h3>\n\n\n\n<p id=\"paragraph_5\">El estudio deja claro que la preocupaci\u00f3n por el estado actual de la naturaleza ha alcanzado nuevos niveles. De hecho, casi&nbsp;<strong>el 60% de los encuestados se declara \u00abmuy o extremadamente preocupado\u00bb<\/strong>&nbsp;por la salud del planeta, un aumento exponencial con respecto al sondeo de 2021.&nbsp;<\/p>\n\n\n\n<p id=\"paragraph_6\">Adem\u00e1s, el 69% de quienes respondieron a este cuestionario cree que&nbsp;<strong>el mundo est\u00e1 cerca de puntos de inflexi\u00f3n clim\u00e1ticos y ecol\u00f3gicos<\/strong>, es decir, se aproxima a momentos donde el da\u00f1o ser\u00e1 irreversible si no se toman medidas dr\u00e1sticas.&nbsp;<\/p>\n\n\n\n<p id=\"paragraph_7\">Este cambio, adem\u00e1s de reflejar un mayor inter\u00e9s por los efectos inmediatos del calentamiento global, tales como las olas de calor, las inundaciones o la p\u00e9rdida de biodiversidad, supone un&nbsp;<strong>apoyo creciente hacia medidas legislativas para sancionar<\/strong>&nbsp;a aquellos que sean responsables de estas cat\u00e1strofes.&nbsp;<\/p>\n\n\n\n<p id=\"paragraph_8\">\u00abNos sorprendi\u00f3 el apoyo mayoritario (72%) a la criminalizaci\u00f3n de acciones que permiten causar graves da\u00f1os al clima\u00bb, se\u00f1ala Owen Gaffney, codirector de la iniciativa&nbsp;<em>Earth4All<\/em>. Y a\u00f1ade: \u00ab<strong>La mayor\u00eda de las personas quiere proteger los bienes comunes globales<\/strong>; el 71% cree que el mundo necesita tomar medidas de inmediato\u00bb.&nbsp;<\/p>\n\n\n\n<h3 class=\"wp-block-heading\">Nueva normativa penal<\/h3>\n\n\n\n<p id=\"paragraph_9\">El t\u00e9rmino&nbsp;<strong>ecocidio<\/strong>, acu\u00f1ado por primera vez en 1972 por Olof Palme, ha ganado un nuevo impulso en los \u00faltimos a\u00f1os gracias a la creciente presi\u00f3n de la sociedad civil y las organizaciones gubernamentales.&nbsp;<\/p>\n\n\n\n<p id=\"paragraph_10\">Como indic\u00e1bamos algunos p\u00e1rrafos atr\u00e1s, esta expresi\u00f3n hace referencia a&nbsp;<strong>cualquier acto il\u00edcito o irresponsable que cause da\u00f1os graves al medioambiente<\/strong>, ya sea por la contaminaci\u00f3n de r\u00edos y suelos, la deforestaci\u00f3n masiva o la emisi\u00f3n descontrolada de gases de efecto invernado.&nbsp;<\/p>\n\n\n\n<p id=\"paragraph_11\">Porque, a diferencia de lo que algunos pueden pensar,&nbsp;<strong>estos cr\u00edmenes no solo ata\u00f1en a la propia naturaleza<\/strong>, sino que tambi\u00e9n afectan aquellas comunidades que dependes de estos ecosistemas para su subsistencia.&nbsp;<\/p>\n\n\n\n<p id=\"paragraph_12\">Un claro ejemplo de este avance legal es el caso de&nbsp;<strong>B\u00e9lgica, donde el ecocidio ha sido reconocido como delito federal<\/strong>&nbsp;a principios de este a\u00f1o. Este pa\u00eds, pionero en la legislaci\u00f3n ambiental, ya hab\u00eda implementado leyes estrictas para la protecci\u00f3n de la biodiversidad, pero, ahora, con esta nueva incorporaci\u00f3n en su c\u00f3digo penal, env\u00eda un mensaje fuerte y claro a quienes destruyen el medioambiente:&nbsp;<strong>los da\u00f1os graves ya no quedar\u00e1n impunes.&nbsp;<\/strong><\/p>\n\n\n\n<p><img decoding=\"async\" alt=\"Casi tres de cada cuatro personas en los pa\u00edses del G20 apoya que el 'ecocidio' sea un crimen.\" height=\"898\" src=\"https:\/\/s1.elespanol.com\/2024\/09\/19\/actualidad\/887172200_249344153_1706x898.png\" width=\"1706\"><\/p>\n\n\n\n<p>Casi tres de cada cuatro personas en los pa\u00edses del G20 apoya que el &#8216;ecocidio&#8217; sea un crimen.&nbsp;Earth4All<\/p>\n\n\n\n<p id=\"paragraph_14\"><strong>Francia y Chile han seguido el mismo camino<\/strong>, adoptando leyes similares que penalizan a individuos y corporaciones por actos que afecten negativamente a los ecosistemas. Estas legislaciones, que se centran en sancionar la destrucci\u00f3n de recursos naturales esenciales, buscan&nbsp;<strong>castigar a los culpables y disuadir futuros actos de ecocidio<\/strong>.&nbsp;Las multas severas y, en algunos casos, penas de prisi\u00f3n, forman parte de las medidas correctivas.&nbsp;<\/p>\n\n\n\n<p id=\"paragraph_15\">Adem\u00e1s, pa\u00edses como&nbsp;<strong>Brasil&nbsp;<\/strong>\u2014especialmente relevante por la Amazonia\u2014,<strong>&nbsp;Italia, M\u00e9xico, Pa\u00edses Bajos y Escocia<\/strong>&nbsp;han presentado proyecto de ley que buscan integrar esta medida en sus c\u00f3digos legales. En muchos casos, la presi\u00f3n de la sociedad civil ha sido el motor principal de estas propuestas.&nbsp;<\/p>\n\n\n\n<p id=\"paragraph_16\">Incluso&nbsp;<strong>dentro de la Uni\u00f3n Europea<\/strong>, la reciente&nbsp;<a href=\"https:\/\/www.boe.es\/doue\/2024\/1203\/L00001-00028.pdf\" rel=\"noreferrer noopener\" target=\"_blank\">Directiva revisada sobre delitos ambientales<\/a>&nbsp;incluye el ecocidio como un \u00abdelito calificado\u00bb, lo que significa que los Estados miembros tienen&nbsp;<strong>dos a\u00f1os para incorporar estas formas en sus legislaciones<\/strong>&nbsp;nacionales.&nbsp;<\/p>\n\n\n\n<h3 class=\"wp-block-heading\">Los guardianes<\/h3>\n\n\n\n<p id=\"paragraph_17\">Lo que ha impulsado este avance legal a nivel global es la creciente demanda de los ciudadanos por una acci\u00f3n m\u00e1s firme y decidida.&nbsp;<em>Earth4All<\/em>&nbsp;<strong>clasifica a los encuestados en cinco grupos o \u00absegmentos de gesti\u00f3n\u00bb<\/strong>, destacando que los \u00abguardianes del planeta\u00bb, los \u00aboptimistas preocupados\u00bb y los \u00abprogresistas constantes\u00bb constituyen el 61% de la poblaci\u00f3n en los pa\u00edses del G20.&nbsp;<\/p>\n\n\n\n<p id=\"paragraph_18\">Estas agrupaciones son las&nbsp;<strong>abogan por un cambio sist\u00e9mico urgente<\/strong>&nbsp;para abordar la crisis ambiental y creen que las acciones individuales ya no son suficientes. En concreto,&nbsp;<strong>los guardianes del planeta destacan por su activismo<\/strong>&nbsp;y su fuerte sentido de urgencia. El 97% de este grupo cree que se necesitan medidas inmediatas para evitar los peores efectos del calentamiento global.&nbsp;<\/p>\n\n\n\n<p><a href=\"https:\/\/www.elespanol.com\/enclave-ods\/historias\/20220619\/parques-papel-mediterraneo-no-protege-marina-arrastre\/680682416_0.html\">[Los &#8216;parques de papel&#8217; del Mediterr\u00e1neo: la ley no protege a la fauna marina de la pesca de arrastre]<\/a><\/p>\n\n\n\n<p id=\"paragraph_19\">Para ellos, la criminalizaci\u00f3n del ecocidio es un paso crucial para responsabilizar a los principales culpables, que suelen ser grandes empresas y gobiernos que han fallado en la protecci\u00f3n del medioambiente.&nbsp;<strong>\u00abLa prevenci\u00f3n de da\u00f1os es siempre la mejor pol\u00edtica y de eso trata la ley sobre el ecocidio\u00bb<\/strong>, afirm\u00f3 Jojo Mehta, cofundador y director ejecutivo de Stop Ecocide International.&nbsp;<\/p>\n\n\n\n<p id=\"paragraph_20\">Sin embargo, este no es el \u00fanico grupo que identifican. Como bien adelant\u00e1bamos, existen<strong>&nbsp;los \u00aboptimistas preocupados\u00bb (23%)<\/strong>, que, aunque con una alta inquietud por el cambio clim\u00e1tico, mantiene una actitud m\u00e1s esperanzadora. Creen que las soluciones tecnol\u00f3gicas y las reformas graduales pueden ser efectivas.&nbsp;<\/p>\n\n\n\n<p id=\"paragraph_21\">En la misma l\u00ednea,&nbsp;<strong>los \u00abprogresistas constantes\u00bb (22%)<\/strong>, aquellos que buscan un equilibrio entre la sostenibilidad ambientan y el crecimiento econ\u00f3mico, optando por medidas dentro de los marcos pol\u00edticos existentes.&nbsp;<\/p>\n\n\n\n<p id=\"paragraph_22\">Opuestos, se sit\u00faan&nbsp;<strong>los \u00abesc\u00e9pticos del clima\u00bb (13%)<\/strong>, que no consideran el cambio clim\u00e1tico como una amenaza inminente y se oponen a las pol\u00edticas ambientales que puedan afectar a la libertad individual o el crecimiento econ\u00f3mico. Y, por \u00faltimo,&nbsp;<strong>\u00ablos no comprometidos\u00bb (14%)<\/strong>&nbsp;que muestran falta de inter\u00e9s tanto en las cuestiones ambientales como en las pol\u00edticas.&nbsp;<\/p>\n\n\n\n<h3 class=\"wp-block-heading\">Percepci\u00f3n del cambio clim\u00e1tico<\/h3>\n\n\n\n<p id=\"paragraph_23\">Uno de los aspectos destacados de la investigaci\u00f3n es la disparidad en la percepci\u00f3n del cambio clim\u00e1tico&nbsp;<strong>seg\u00fan el g\u00e9nero y la ubicaci\u00f3n geogr\u00e1fica<\/strong>. Las mujeres, por ejemplo, tienden a mostrar mayores niveles de preocupaci\u00f3n por el estado actual de la naturaleza y las generaciones futuras que los hombres.&nbsp;<\/p>\n\n\n\n<p id=\"paragraph_24\">Seg\u00fan la encuesta,&nbsp;<strong>el 62% de ellas est\u00e1n \u00abextremadamente o muy preocupadas\u00bb<\/strong>&nbsp;por el estado del ecosistema, en comparaci\u00f3n con el 56% de los hombres. Adem\u00e1s, el 74% de las mujeres cree que se deben tomar medidas importantes en la pr\u00f3xima d\u00e9cada, frente al 68% de los hombres.&nbsp;<\/p>\n\n\n\n<p><a href=\"https:\/\/www.elespanol.com\/enclave-ods\/referentes\/20240913\/laura-reboul-activista-ecosistemas-receta-cocina-ingrediente-fundamental\/885411795_0.html\">[Laura Reboul, activista: \u00abLos ecosistemas son como una receta de cocina donde cada ingrediente es fundamental\u00bb]<\/a><\/p>\n\n\n\n<p id=\"paragraph_25\">Esta diferencia de percepci\u00f3n tambi\u00e9n se refleja en la confianza en la tecnolog\u00eda para resolver los problemas ambientales. Mientras que&nbsp;<strong>el 44% de los hombres cree que la tecnolog\u00eda puede solucionar la crisis clim\u00e1tica<\/strong>&nbsp;sin grandes cambios en el estilo de vida, solo el 35% de las mujeres comparte esta opini\u00f3n.&nbsp;<\/p>\n\n\n\n<p id=\"paragraph_26\">En t\u00e9rminos de diferencias geogr\u00e1ficas,&nbsp;<strong>las econom\u00edas emergentes como India, China e Indonesia son las que muestran mayor nivel de preocupaci\u00f3n<\/strong>&nbsp;y exposici\u00f3n percibida al calentamiento global. El 87% de los encuestados en India, por ejemplo, se sienten personalmente expuestos a los riesgos ambientales, en comparaci\u00f3n con solo el 54% en Europa o Estados Unidos.&nbsp;<\/p>\n\n\n\n<p id=\"paragraph_27\">Una disparidad que puede estar relacionada con el impacto directo del cambio clim\u00e1tico en regiones vulnerables, donde las sequ\u00edas, las inundaciones y los fen\u00f3menos extremos son m\u00e1s frecuentes y devastadores.&nbsp;<\/p>\n\n\n\n<p>Fuente: <a href=\"https:\/\/www.elespanol.com\/enclave-ods\/historias\/20240920\/ecocidio-entra-codigo-penal-atenta-mirada-guardianes-planeta-implica-cambio\/886661733_0.html\">https:\/\/www.elespanol.com\/enclave-ods\/historias\/20240920\/ecocidio-entra-codigo-penal-atenta-mirada-guardianes-planeta-implica-cambio\/886661733_0.html<\/a><\/p>\n","protected":false},"excerpt":{"rendered":"<p>B\u00e9lgica, Chile y Francia ya lo han reconocido como un crimen y el 72% de los ciudadanos de los pa\u00edses [&hellip;]<\/p>\n","protected":false},"author":1,"featured_media":85769,"comment_status":"open","ping_status":"open","sticky":false,"template":"","format":"standard","meta":{"site-sidebar-layout":"default","site-content-layout":"","ast-site-content-layout":"default","site-content-style":"default","site-sidebar-style":"default","ast-global-header-display":"","ast-banner-title-visibility":"","ast-main-header-display":"","ast-hfb-above-header-display":"","ast-hfb-below-header-display":"","ast-hfb-mobile-header-display":"","site-post-title":"","ast-breadcrumbs-content":"","ast-featured-img":"","footer-sml-layout":"","theme-transparent-header-meta":"","adv-header-id-meta":"","stick-header-meta":"","header-above-stick-meta":"","header-main-stick-meta":"","header-below-stick-meta":"","astra-migrate-meta-layouts":"default","ast-page-background-enabled":"default","ast-page-background-meta":{"desktop":{"background-color":"var(--ast-global-color-4)","background-image":"","background-repeat":"repeat","background-position":"center center","background-size":"auto","background-attachment":"scroll","background-type":"","background-media":"","overlay-type":"","overlay-color":"","overlay-opacity":"","overlay-gradient":""},"tablet":{"background-color":"","background-image":"","background-repeat":"repeat","background-position":"center center","background-size":"auto","background-attachment":"scroll","background-type":"","background-media":"","overlay-type":"","overlay-color":"","overlay-opacity":"","overlay-gradient":""},"mobile":{"background-color":"","background-image":"","background-repeat":"repeat","background-position":"center center","background-size":"auto","background-attachment":"scroll","background-type":"","background-media":"","overlay-type":"","overlay-color":"","overlay-opacity":"","overlay-gradient":""}},"ast-content-background-meta":{"desktop":{"background-color":"var(--ast-global-color-5)","background-image":"","background-repeat":"repeat","background-position":"center center","background-size":"auto","background-attachment":"scroll","background-type":"","background-media":"","overlay-type":"","overlay-color":"","overlay-opacity":"","overlay-gradient":""},"tablet":{"background-color":"var(--ast-global-color-5)","background-image":"","background-repeat":"repeat","background-position":"center center","background-size":"auto","background-attachment":"scroll","background-type":"","background-media":"","overlay-type":"","overlay-color":"","overlay-opacity":"","overlay-gradient":""},"mobile":{"background-color":"var(--ast-global-color-5)","background-image":"","background-repeat":"repeat","background-position":"center center","background-size":"auto","background-attachment":"scroll","background-type":"","background-media":"","overlay-type":"","overlay-color":"","overlay-opacity":"","overlay-gradient":""}},"footnotes":""},"categories":[8,1],"tags":[],"class_list":["post-85768","post","type-post","status-publish","format-standard","has-post-thumbnail","hentry","category-noticias","category-sin-categoria"],"_links":{"self":[{"href":"https:\/\/losperiodistas.com.mx\/portal\/wp-json\/wp\/v2\/posts\/85768","targetHints":{"allow":["GET"]}}],"collection":[{"href":"https:\/\/losperiodistas.com.mx\/portal\/wp-json\/wp\/v2\/posts"}],"about":[{"href":"https:\/\/losperiodistas.com.mx\/portal\/wp-json\/wp\/v2\/types\/post"}],"author":[{"embeddable":true,"href":"https:\/\/losperiodistas.com.mx\/portal\/wp-json\/wp\/v2\/users\/1"}],"replies":[{"embeddable":true,"href":"https:\/\/losperiodistas.com.mx\/portal\/wp-json\/wp\/v2\/comments?post=85768"}],"version-history":[{"count":1,"href":"https:\/\/losperiodistas.com.mx\/portal\/wp-json\/wp\/v2\/posts\/85768\/revisions"}],"predecessor-version":[{"id":85770,"href":"https:\/\/losperiodistas.com.mx\/portal\/wp-json\/wp\/v2\/posts\/85768\/revisions\/85770"}],"wp:featuredmedia":[{"embeddable":true,"href":"https:\/\/losperiodistas.com.mx\/portal\/wp-json\/wp\/v2\/media\/85769"}],"wp:attachment":[{"href":"https:\/\/losperiodistas.com.mx\/portal\/wp-json\/wp\/v2\/media?parent=85768"}],"wp:term":[{"taxonomy":"category","embeddable":true,"href":"https:\/\/losperiodistas.com.mx\/portal\/wp-json\/wp\/v2\/categories?post=85768"},{"taxonomy":"post_tag","embeddable":true,"href":"https:\/\/losperiodistas.com.mx\/portal\/wp-json\/wp\/v2\/tags?post=85768"}],"curies":[{"name":"wp","href":"https:\/\/api.w.org\/{rel}","templated":true}]}}