{"id":85765,"date":"2024-09-20T14:44:13","date_gmt":"2024-09-20T19:44:13","guid":{"rendered":"https:\/\/losperiodistas.com.mx\/portal\/?p=85765"},"modified":"2024-09-20T14:44:15","modified_gmt":"2024-09-20T19:44:15","slug":"los-looks-del-festival-de-san-sebastian-de-una-deslumbrante-penelope-cruz-a-barbara-goenaga-y-el-guino-a-la-reina-letizia-magas","status":"publish","type":"post","link":"https:\/\/losperiodistas.com.mx\/portal\/los-looks-del-festival-de-san-sebastian-de-una-deslumbrante-penelope-cruz-a-barbara-goenaga-y-el-guino-a-la-reina-letizia-magas\/","title":{"rendered":"Los looks del Festival de San Sebasti\u00e1n: de una deslumbrante Pen\u00e9lope Cruz a B\u00e1rbara Goenaga (y el gui\u00f1o a la reina Letizia) | Magas"},"content":{"rendered":"\n<h2 class=\"wp-block-heading\">La gala inaugural ha reunido a un nutrido n\u00famero de estrellas. As\u00ed ha sido el desfile de moda en la &#8216;red carpet&#8217; del Kursaal.<\/h2>\n\n\n\n<figure class=\"wp-block-image size-large\"><img fetchpriority=\"high\" decoding=\"async\" width=\"1024\" height=\"576\" src=\"https:\/\/losperiodistas.com.mx\/portal\/wp-content\/uploads\/2024\/09\/887422267_249379167_1706x960-1024x576.webp\" alt=\"\" class=\"wp-image-85766\" srcset=\"https:\/\/losperiodistas.com.mx\/portal\/wp-content\/uploads\/2024\/09\/887422267_249379167_1706x960-1024x576.webp 1024w, https:\/\/losperiodistas.com.mx\/portal\/wp-content\/uploads\/2024\/09\/887422267_249379167_1706x960-300x169.webp 300w, https:\/\/losperiodistas.com.mx\/portal\/wp-content\/uploads\/2024\/09\/887422267_249379167_1706x960-768x432.webp 768w, https:\/\/losperiodistas.com.mx\/portal\/wp-content\/uploads\/2024\/09\/887422267_249379167_1706x960-1536x864.webp 1536w, https:\/\/losperiodistas.com.mx\/portal\/wp-content\/uploads\/2024\/09\/887422267_249379167_1706x960.webp 1706w\" sizes=\"(max-width: 1024px) 100vw, 1024px\" \/><\/figure>\n\n\n\n<p><\/p>\n\n\n\n<p class=\"has-vivid-red-color has-text-color has-link-color has-medium-font-size wp-elements-eb3b601a359ccd8aca23fe1f092d8743\"><strong>MAITE TORRENTE \/ Magas \/ El Espa\u00f1ol<\/strong><\/p>\n\n\n\n<p id=\"paragraph_1\">Ya ha llegado la&nbsp;<a href=\"https:\/\/www.elespanol.com\/temas\/festival_de_cine_de_san_sebastian\/\">72 edici\u00f3n del festival de San Sebasti\u00e1n<\/a>, el m\u00e1s importante de nuestro pa\u00eds. Este a\u00f1o, como de costumbre, cuenta con la presencia de estrellas nacionales e internacionales que hacen las delicias de la multitud de personas que siempre se agolpan a las afueras del Kursaal para&nbsp;<strong>verlas posar en la alfombra roja<\/strong>&nbsp;y hacerse alg\u00fan&nbsp;<em>selfie<\/em>. La gala inaugural, prevista para las nueve de la noche del viernes 20 de septiembre, siempre va precedida de ese desfile de looks llenos de glamour.<\/p>\n\n\n\n<p id=\"paragraph_2\"><em><a href=\"https:\/\/www.elespanol.com\/el-cultural\/cine\/20240919\/constelacion-maestros-estrellas-deslumbra-festival-san-sebastian\/886411527_0.html\">[Una constelaci\u00f3n de maestros y estrellas deslumbra en el Festival de San Sebasti\u00e1n]<\/a><\/em><\/p>\n\n\n\n<p id=\"paragraph_3\">El primer d\u00eda es el m\u00e1s espectacular y el que m\u00e1s expectaci\u00f3n causa. Sobre las seis de la tarde han&nbsp;<strong>comenzado a llegar las primeras invitadas.<\/strong>&nbsp;Esta muestra de cine es un escaparate inmejorable para las marcas de moda y las actrices y los actores preparan el estilismo con mucha antelaci\u00f3n. No solo importa el resultado final, tambi\u00e9n hay algunos que env\u00edan un mensaje y otros que apoyan con su posado las firmas espa\u00f1olas.<\/p>\n\n\n\n<p id=\"paragraph_4\"><em><a href=\"https:\/\/www.elespanol.com\/mujer\/moda\/20240916\/primeras-invitadas-llegan-alfombra-roja-premios-emmy\/886191377_3.html\">[La alfombra roja de los Emmy: las transparencias de Jennifer Aniston, el traje rosa de Meryl Streep y la imponente Selena Gomez]<\/a><\/em><\/p>\n\n\n\n<p id=\"paragraph_5\">Este 2024,&nbsp;<strong>Pedro Almod\u00f3var recoge su Premio Donostia<\/strong>&nbsp;en la gala inaugural, donde tambi\u00e9n se proyecta la pel\u00edcula&nbsp;<em>Emmanuelle<\/em>,&nbsp;de Audrey Diwan.&nbsp;<strong>Cate Blanchett<\/strong>&nbsp;es otra de las galardonadas en esta edici\u00f3n y la que m\u00e1s inter\u00e9s despierta. Durante los d\u00edas que dura el festival se proyectan alrededor de 200 pel\u00edculas y pasar\u00e1n por la ciudad vasca personalidades del cine mundial como&nbsp;Lupita Nyong\u2019o, Andrew Garfield, Johnny Depp o Monica Bellucci. La gala tiene como presentadores a Andreu Buenafuente y Berto Romero, junto a la actriz&nbsp;B\u00e1rbara Goenaga.<\/p>\n\n\n\n<ul class=\"wp-block-list\">\n<li><img decoding=\"async\" width=\"960\" height=\"1706\" src=\"https:\/\/s1.elespanol.com\/2024\/09\/20\/mujer\/moda\/887422269_249379261_960x1706.jpg\" alt=\"\">1 de 10Pen\u00e9lope CruzUna vez m\u00e1s, Pen\u00e9lope se ha convertido en una de las m\u00e1s elegantes de la alfombra roja con este delicado Chanel de encaje con adorno de lazo en el pecho y tirantes transparentes. El pelo suelo y ondulado le daba un aire fresco al conjunto.<\/li>\n\n\n\n<li><\/li>\n\n\n\n<li><img decoding=\"async\" width=\"960\" height=\"1706\" src=\"https:\/\/s1.elespanol.com\/2024\/09\/20\/mujer\/moda\/887422226_249377911_960x1706.jpg\" alt=\"\">2 de 10Bel\u00e9n CuestaNada de vestidos, Bel\u00e9n ha apostado por un look masculino: un traje marr\u00f3n oversize y top a tono escotado.\n<ul class=\"wp-block-list\">\n<li><\/li>\n\n\n\n<li><\/li>\n\n\n\n<li><\/li>\n\n\n\n<li><\/li>\n\n\n\n<li><\/li>\n<\/ul>\n<\/li>\n\n\n\n<li><img loading=\"lazy\" decoding=\"async\" width=\"960\" height=\"1706\" src=\"https:\/\/s1.elespanol.com\/2024\/09\/20\/mujer\/moda\/887422222_249377787_960x1706.jpg\" alt=\"\">3 de 10B\u00e1rbara GoenagaLa actriz y presentadora de la gala, imponente con un vestido blanco de patr\u00f3n arquitect\u00f3nico y pendientes de su propia firma de joyeria (los mismos que tiene la reina Letizia).\n<ul class=\"wp-block-list\">\n<li><\/li>\n\n\n\n<li><\/li>\n\n\n\n<li><\/li>\n\n\n\n<li><\/li>\n\n\n\n<li><\/li>\n<\/ul>\n<\/li>\n\n\n\n<li><\/li>\n\n\n\n<li><img loading=\"lazy\" decoding=\"async\" width=\"960\" height=\"1706\" src=\"https:\/\/s1.elespanol.com\/2024\/09\/20\/mujer\/moda\/887422245_249378510_960x1706.jpg\" alt=\"\">4 de 10Cayetana Guill\u00e9n CuervoEl rosa y el rojo son el d\u00fao de moda y Cayetana ha sabido sacarle todo el partido con este dise\u00f1o de original escote con lazada y falda con tablas XL.Gtres\n<ul class=\"wp-block-list\">\n<li><\/li>\n\n\n\n<li><\/li>\n\n\n\n<li><\/li>\n\n\n\n<li><\/li>\n\n\n\n<li><\/li>\n<\/ul>\n<\/li>\n\n\n\n<li><img loading=\"lazy\" decoding=\"async\" width=\"1280\" height=\"1706\" src=\"https:\/\/s1.elespanol.com\/2024\/09\/20\/actualidad\/887422192_249376827_1280x1706.jpg\" alt=\"\">5 de 10Nico WilliamnsEl futbolista ha acudido con su madre, Mar\u00eda Arthuer, virstiendo un\u00a0traje negro, camisa blanca sin corbata y deportivas.Gtres\n<ul class=\"wp-block-list\">\n<li><\/li>\n\n\n\n<li><\/li>\n\n\n\n<li><\/li>\n\n\n\n<li><\/li>\n\n\n\n<li><\/li>\n<\/ul>\n<\/li>\n\n\n\n<li><img loading=\"lazy\" decoding=\"async\" width=\"960\" height=\"1706\" src=\"https:\/\/s1.elespanol.com\/2024\/09\/20\/mujer\/moda\/887422205_249377223_960x1706.jpg\" alt=\"\">6 de 10Berto RomeroUno de los presentadores de la gala inaugural, de negro riguroso con esmoquin, pero sin pajarita.\n<ul class=\"wp-block-list\">\n<li><\/li>\n\n\n\n<li><\/li>\n\n\n\n<li><\/li>\n\n\n\n<li><\/li>\n\n\n\n<li><\/li>\n<\/ul>\n<\/li>\n\n\n\n<li>https:\/\/d5411e73fdf4941de90ed9f9fe278a85.safeframe.googlesyndication.com\/safeframe\/1-0-40\/html\/container.html<\/li>\n\n\n\n<li><img loading=\"lazy\" decoding=\"async\" width=\"960\" height=\"1706\" src=\"https:\/\/s1.elespanol.com\/2024\/09\/20\/mujer\/moda\/887422252_249378715_960x1706.jpg\" alt=\"\">7 de 10Camila CisnerosLa modelo e influencer, muy elegante con un vestido bicolor con aberturas en los laterales.Gtres\n<ul class=\"wp-block-list\">\n<li><\/li>\n\n\n\n<li><\/li>\n\n\n\n<li><\/li>\n\n\n\n<li><\/li>\n\n\n\n<li><\/li>\n<\/ul>\n<\/li>\n\n\n\n<li><img loading=\"lazy\" decoding=\"async\" width=\"960\" height=\"1706\" src=\"https:\/\/s1.elespanol.com\/2024\/09\/20\/mujer\/moda\/887422253_249378744_960x1706.jpg\" alt=\"\">8 de 10Lorena Dur\u00e1nUn dise\u00f1o muy hollywoodiense para la gran noche del cine con cuerpo entallado y falda con volumen, aderezado con un mo\u00f1o bajo muy espa\u00f1ol: esta ha sido la apuesta de LorenaGtres\n<ul class=\"wp-block-list\">\n<li><\/li>\n\n\n\n<li><\/li>\n\n\n\n<li><\/li>\n\n\n\n<li><\/li>\n\n\n\n<li><\/li>\n<\/ul>\n<\/li>\n\n\n\n<li><img loading=\"lazy\" decoding=\"async\" width=\"1280\" height=\"1706\" src=\"https:\/\/s1.elespanol.com\/2024\/09\/20\/mujer\/moda\/887422272_249379354_1280x1706.jpg\" alt=\"\">9 de 10Cecilia Gessa y Carlos BardemLa actriz, directora y pareja de Bardem ha arriesgado con un dos piezas satinado en verde menta: blazer\u00a0<em>cropped<\/em>\u00a0y pantal\u00f3n palazzo con camisa blanca. El actor, de esmoquin.\n<ul class=\"wp-block-list\">\n<li><\/li>\n\n\n\n<li><\/li>\n\n\n\n<li><\/li>\n\n\n\n<li><\/li>\n\n\n\n<li><\/li>\n<\/ul>\n<\/li>\n\n\n\n<li><\/li>\n\n\n\n<li><img loading=\"lazy\" decoding=\"async\" width=\"1280\" height=\"1706\" src=\"https:\/\/s1.elespanol.com\/2024\/09\/20\/mujer\/moda\/887422348_249381579_1280x1706.jpg\" alt=\"\">10 de 10Yolanda D\u00edazLa vicepresidenta del Gobierno, junto a\u00a0Ernest Urtasun, con un vestido de escote asim\u00e9trico y tejido plisado brillante. Yolanda llevaba un semirrecogido trenzado, uno de sus estilos favoritos.<\/li>\n<\/ul>\n\n\n\n<p>Fuente: <a href=\"https:\/\/www.elespanol.com\/mujer\/moda\/20240920\/alfombra-roja-festival-san-sebastian-barbara-goenaga-pendientes-favoritos-letizia-cayetana-guillen-cuervo\/887441254_3.html#img_10\">https:\/\/www.elespanol.com\/mujer\/moda\/20240920\/alfombra-roja-festival-san-sebastian-barbara-goenaga-pendientes-favoritos-letizia-cayetana-guillen-cuervo\/887441254_3.html#img_10<\/a><\/p>\n","protected":false},"excerpt":{"rendered":"<p>La gala inaugural ha reunido a un nutrido n\u00famero de estrellas. As\u00ed ha sido el desfile de moda en la [&hellip;]<\/p>\n","protected":false},"author":1,"featured_media":85766,"comment_status":"open","ping_status":"open","sticky":false,"template":"","format":"standard","meta":{"site-sidebar-layout":"default","site-content-layout":"","ast-site-content-layout":"default","site-content-style":"default","site-sidebar-style":"default","ast-global-header-display":"","ast-banner-title-visibility":"","ast-main-header-display":"","ast-hfb-above-header-display":"","ast-hfb-below-header-display":"","ast-hfb-mobile-header-display":"","site-post-title":"","ast-breadcrumbs-content":"","ast-featured-img":"","footer-sml-layout":"","theme-transparent-header-meta":"","adv-header-id-meta":"","stick-header-meta":"","header-above-stick-meta":"","header-main-stick-meta":"","header-below-stick-meta":"","astra-migrate-meta-layouts":"default","ast-page-background-enabled":"default","ast-page-background-meta":{"desktop":{"background-color":"var(--ast-global-color-4)","background-image":"","background-repeat":"repeat","background-position":"center center","background-size":"auto","background-attachment":"scroll","background-type":"","background-media":"","overlay-type":"","overlay-color":"","overlay-opacity":"","overlay-gradient":""},"tablet":{"background-color":"","background-image":"","background-repeat":"repeat","background-position":"center center","background-size":"auto","background-attachment":"scroll","background-type":"","background-media":"","overlay-type":"","overlay-color":"","overlay-opacity":"","overlay-gradient":""},"mobile":{"background-color":"","background-image":"","background-repeat":"repeat","background-position":"center center","background-size":"auto","background-attachment":"scroll","background-type":"","background-media":"","overlay-type":"","overlay-color":"","overlay-opacity":"","overlay-gradient":""}},"ast-content-background-meta":{"desktop":{"background-color":"var(--ast-global-color-5)","background-image":"","background-repeat":"repeat","background-position":"center center","background-size":"auto","background-attachment":"scroll","background-type":"","background-media":"","overlay-type":"","overlay-color":"","overlay-opacity":"","overlay-gradient":""},"tablet":{"background-color":"var(--ast-global-color-5)","background-image":"","background-repeat":"repeat","background-position":"center center","background-size":"auto","background-attachment":"scroll","background-type":"","background-media":"","overlay-type":"","overlay-color":"","overlay-opacity":"","overlay-gradient":""},"mobile":{"background-color":"var(--ast-global-color-5)","background-image":"","background-repeat":"repeat","background-position":"center center","background-size":"auto","background-attachment":"scroll","background-type":"","background-media":"","overlay-type":"","overlay-color":"","overlay-opacity":"","overlay-gradient":""}},"footnotes":""},"categories":[8],"tags":[30428,25514,2213],"class_list":["post-85765","post","type-post","status-publish","format-standard","has-post-thumbnail","hentry","category-noticias","tag-72-edicion-san-sebastian","tag-alfombra-roja","tag-festival-de-san-sebastian"],"_links":{"self":[{"href":"https:\/\/losperiodistas.com.mx\/portal\/wp-json\/wp\/v2\/posts\/85765","targetHints":{"allow":["GET"]}}],"collection":[{"href":"https:\/\/losperiodistas.com.mx\/portal\/wp-json\/wp\/v2\/posts"}],"about":[{"href":"https:\/\/losperiodistas.com.mx\/portal\/wp-json\/wp\/v2\/types\/post"}],"author":[{"embeddable":true,"href":"https:\/\/losperiodistas.com.mx\/portal\/wp-json\/wp\/v2\/users\/1"}],"replies":[{"embeddable":true,"href":"https:\/\/losperiodistas.com.mx\/portal\/wp-json\/wp\/v2\/comments?post=85765"}],"version-history":[{"count":1,"href":"https:\/\/losperiodistas.com.mx\/portal\/wp-json\/wp\/v2\/posts\/85765\/revisions"}],"predecessor-version":[{"id":85767,"href":"https:\/\/losperiodistas.com.mx\/portal\/wp-json\/wp\/v2\/posts\/85765\/revisions\/85767"}],"wp:featuredmedia":[{"embeddable":true,"href":"https:\/\/losperiodistas.com.mx\/portal\/wp-json\/wp\/v2\/media\/85766"}],"wp:attachment":[{"href":"https:\/\/losperiodistas.com.mx\/portal\/wp-json\/wp\/v2\/media?parent=85765"}],"wp:term":[{"taxonomy":"category","embeddable":true,"href":"https:\/\/losperiodistas.com.mx\/portal\/wp-json\/wp\/v2\/categories?post=85765"},{"taxonomy":"post_tag","embeddable":true,"href":"https:\/\/losperiodistas.com.mx\/portal\/wp-json\/wp\/v2\/tags?post=85765"}],"curies":[{"name":"wp","href":"https:\/\/api.w.org\/{rel}","templated":true}]}}