{"id":85759,"date":"2024-09-20T14:08:27","date_gmt":"2024-09-20T19:08:27","guid":{"rendered":"https:\/\/losperiodistas.com.mx\/portal\/?p=85759"},"modified":"2024-09-20T14:08:30","modified_gmt":"2024-09-20T19:08:30","slug":"un-psicologo-explica-que-pasa-en-el-cerebro-de-las-personas-que-comprueban-muchas-veces-si-han-cerrado-la-puerta-antes-de-salir-acyv","status":"publish","type":"post","link":"https:\/\/losperiodistas.com.mx\/portal\/un-psicologo-explica-que-pasa-en-el-cerebro-de-las-personas-que-comprueban-muchas-veces-si-han-cerrado-la-puerta-antes-de-salir-acyv\/","title":{"rendered":"Un psic\u00f3logo explica qu\u00e9 pasa en el cerebro de las personas que comprueban muchas veces si han cerrado la puerta antes de salir | ACyV"},"content":{"rendered":"\n<h2 class=\"wp-block-heading\">La ciencia ya tiene la respuesta para esta inquietud que muchas personas experimentan cuando van a marcharse de casa<\/h2>\n\n\n\n<figure class=\"wp-block-image size-large\"><img fetchpriority=\"high\" decoding=\"async\" width=\"1024\" height=\"768\" src=\"https:\/\/losperiodistas.com.mx\/portal\/wp-content\/uploads\/2024\/09\/f.elconfidencial.com_original_14b_2eb_b73_14b2ebb73125dbda7895e4dd4b5edc78-1024x768.jpg\" alt=\"\" class=\"wp-image-85760\" srcset=\"https:\/\/losperiodistas.com.mx\/portal\/wp-content\/uploads\/2024\/09\/f.elconfidencial.com_original_14b_2eb_b73_14b2ebb73125dbda7895e4dd4b5edc78-1024x768.jpg 1024w, https:\/\/losperiodistas.com.mx\/portal\/wp-content\/uploads\/2024\/09\/f.elconfidencial.com_original_14b_2eb_b73_14b2ebb73125dbda7895e4dd4b5edc78-300x225.jpg 300w, https:\/\/losperiodistas.com.mx\/portal\/wp-content\/uploads\/2024\/09\/f.elconfidencial.com_original_14b_2eb_b73_14b2ebb73125dbda7895e4dd4b5edc78-768x576.jpg 768w, https:\/\/losperiodistas.com.mx\/portal\/wp-content\/uploads\/2024\/09\/f.elconfidencial.com_original_14b_2eb_b73_14b2ebb73125dbda7895e4dd4b5edc78.jpg 1200w\" sizes=\"(max-width: 1024px) 100vw, 1024px\" \/><figcaption class=\"wp-element-caption\">Llave puesta por detr\u00e1s de la puerta (iStock)<\/figcaption><\/figure>\n\n\n\n<p class=\"has-vivid-red-color has-text-color has-link-color has-medium-font-size wp-elements-9662dd29a2da5bff9c1fbdaf0c0f1d33\"><strong>EL CONFIDENCIAL<\/strong><\/p>\n\n\n\n<p>Es probable que alguna vez hayas salido de casa y, unos minutos despu\u00e9s, te hayas preguntado: \u00bfhe cerrado la puerta? Aunque para muchos esto es solo una duda pasajera,&nbsp;<strong>para otros puede convertirse en un verdadero problema que afecta su d\u00eda a d\u00eda y agota su energ\u00eda mental.&nbsp;<\/strong>Seg\u00fan los expertos, este comportamiento podr\u00eda tener una explicaci\u00f3n en c\u00f3mo funciona nuestro cerebro y, en casos m\u00e1s extremos, estar relacionado con&nbsp;<a href=\"https:\/\/www.elconfidencial.com\/alma-corazon-vida\/2023-10-11\/de-que-depende-tener-toc-bra_3750892\/\">trastornos de ansiedad como el Trastorno Obsesivo Compulsivo (TOC).<\/a><\/p>\n\n\n\n<p>El psic\u00f3logo Adam Radomsky, coautor de un estudio reciente sobre el tema, explica que esta necesidad de comprobar repetidamente si hemos cerrado la puerta&nbsp;<strong>est\u00e1 vinculada al miedo a perder el control.<\/strong>&nbsp;En su investigaci\u00f3n, publicada en la&nbsp;<em>Journal of Obsessive-Compulsive and Related Disorders<\/em>, se demostr\u00f3 que las personas que&nbsp;<a href=\"https:\/\/www.elconfidencial.com\/cultura\/2018-04-25\/libro-estoicos-perder-el-control-filosofia-vida_1547236\/\">temen perder el control sobre sus acciones<\/a>&nbsp;tienden a involucrarse en comportamientos repetitivos, como el de verificar si una puerta est\u00e1 cerrada. Este miedo genera una compulsi\u00f3n por revisar y controlar situaciones que ya est\u00e1n bajo control, pero que el cerebro percibe como inseguras.<\/p>\n\n\n\n<p>Parte de la explicaci\u00f3n se encuentra en c\u00f3mo la memoria procesa las acciones cotidianas. Al ser gestos que repetimos a diario,<a href=\"https:\/\/www.elconfidencial.com\/alma-corazon-vida\/2019-02-06\/debes-cerrar-la-puerta-de-la-habitacion-dormir_1807938\/\">&nbsp;como cerrar una puerta<\/a>&nbsp;o apagar la luz, nuestra mente&nbsp;<strong>los automatiza para no gastar demasiada energ\u00eda en recordarlos<\/strong>. Seg\u00fan los psic\u00f3logos, esto puede llevar a que olvidemos haberlo hecho, lo que dispara la duda y, en algunos casos, la urgencia de comprobarlo una vez m\u00e1s.<\/p>\n\n\n\n<figure class=\"wp-block-image alignleft is-resized\"><img decoding=\"async\" src=\"https:\/\/images.ecestaticos.com\/3BQiV1A9WPFN9e5pKbiXTcIwPXk=\/0x0:2272x1311\/1200x900\/filters:fill(white):format(jpg)\/f.elconfidencial.com%2Foriginal%2F564%2F113%2Ffbc%2F564113fbc25ec3e9b254ab28aa7775de.jpg\" alt=\"Foto: Foto: iStock.\" style=\"width:121px;height:auto\"\/><\/figure>\n\n\n\n<p>TE PUEDE INTERESAR<a href=\"https:\/\/www.elconfidencial.com\/alma-corazon-vida\/2024-08-08\/padres-psicologia-familia-controladores-senales-1qrt_3937215\/\">Las se\u00f1ales que delatan que tus padres est\u00e1n teniendo un comportamiento controlador contigo<\/a><\/p>\n\n\n\n<p>ACyV<\/p>\n\n\n\n<h2 class=\"wp-block-heading\">La clave est\u00e1 en el grado en el que nos afecta<\/h2>\n\n\n\n<p>Si bien es com\u00fan que muchos de nosotros tengamos este tipo de pensamientos de vez en cuando y no debemos alarmarnos, cuando se vuelve un patr\u00f3n repetitivo que nos genera malestar, puede ser indicativo de un trastorno de ansiedad. Las personas que padecen TOC, por ejemplo,&nbsp;<strong>experimentan pensamientos intrusivos y sienten una fuerte necesidad de controlar su entorno.<\/strong>&nbsp;El miedo a dejar la puerta abierta, a que entre un intruso o a que ocurra un accidente, lleva a estas personas a comprobar una y otra vez, buscando una sensaci\u00f3n de seguridad que nunca llega del todo.<\/p>\n\n\n\n<p>Para quienes solo lo experimentan de manera espor\u00e1dica, una t\u00e9cnica simple para reducir esa incertidumbre es prestar plena atenci\u00f3n al momento de cerrar la puerta. Este enfoque consciente puede ayudar a \u00abgrabar\u00bb mejor la acci\u00f3n en la memoria y evitar esa inc\u00f3moda duda m\u00e1s adelante. Sin embargo, cuando este comportamiento&nbsp;<strong>comienza a afectar seriamente el bienestar y las actividades cotidianas, es recomendable buscar apoyo profesional.<\/strong><\/p>\n\n\n\n<p>Fuente: <a href=\"https:\/\/www.elconfidencial.com\/alma-corazon-vida\/2024-09-20\/psicologo-personas-comprobar-puerta-antes-salir-1qrt_3966949\/\">https:\/\/www.elconfidencial.com\/alma-corazon-vida\/2024-09-20\/psicologo-personas-comprobar-puerta-antes-salir-1qrt_3966949\/<\/a><\/p>\n","protected":false},"excerpt":{"rendered":"<p>La ciencia ya tiene la respuesta para esta inquietud que muchas personas experimentan cuando van a marcharse de casa EL [&hellip;]<\/p>\n","protected":false},"author":1,"featured_media":85760,"comment_status":"open","ping_status":"open","sticky":false,"template":"","format":"standard","meta":{"site-sidebar-layout":"default","site-content-layout":"","ast-site-content-layout":"default","site-content-style":"default","site-sidebar-style":"default","ast-global-header-display":"","ast-banner-title-visibility":"","ast-main-header-display":"","ast-hfb-above-header-display":"","ast-hfb-below-header-display":"","ast-hfb-mobile-header-display":"","site-post-title":"","ast-breadcrumbs-content":"","ast-featured-img":"","footer-sml-layout":"","theme-transparent-header-meta":"","adv-header-id-meta":"","stick-header-meta":"","header-above-stick-meta":"","header-main-stick-meta":"","header-below-stick-meta":"","astra-migrate-meta-layouts":"default","ast-page-background-enabled":"default","ast-page-background-meta":{"desktop":{"background-color":"var(--ast-global-color-4)","background-image":"","background-repeat":"repeat","background-position":"center center","background-size":"auto","background-attachment":"scroll","background-type":"","background-media":"","overlay-type":"","overlay-color":"","overlay-opacity":"","overlay-gradient":""},"tablet":{"background-color":"","background-image":"","background-repeat":"repeat","background-position":"center center","background-size":"auto","background-attachment":"scroll","background-type":"","background-media":"","overlay-type":"","overlay-color":"","overlay-opacity":"","overlay-gradient":""},"mobile":{"background-color":"","background-image":"","background-repeat":"repeat","background-position":"center center","background-size":"auto","background-attachment":"scroll","background-type":"","background-media":"","overlay-type":"","overlay-color":"","overlay-opacity":"","overlay-gradient":""}},"ast-content-background-meta":{"desktop":{"background-color":"var(--ast-global-color-5)","background-image":"","background-repeat":"repeat","background-position":"center center","background-size":"auto","background-attachment":"scroll","background-type":"","background-media":"","overlay-type":"","overlay-color":"","overlay-opacity":"","overlay-gradient":""},"tablet":{"background-color":"var(--ast-global-color-5)","background-image":"","background-repeat":"repeat","background-position":"center center","background-size":"auto","background-attachment":"scroll","background-type":"","background-media":"","overlay-type":"","overlay-color":"","overlay-opacity":"","overlay-gradient":""},"mobile":{"background-color":"var(--ast-global-color-5)","background-image":"","background-repeat":"repeat","background-position":"center center","background-size":"auto","background-attachment":"scroll","background-type":"","background-media":"","overlay-type":"","overlay-color":"","overlay-opacity":"","overlay-gradient":""}},"footnotes":""},"categories":[8],"tags":[30425,12563,30424],"class_list":["post-85759","post","type-post","status-publish","format-standard","has-post-thumbnail","hentry","category-noticias","tag-cerrando-la-puerta","tag-toc","tag-trastorno-obsesivo-compulsivo"],"_links":{"self":[{"href":"https:\/\/losperiodistas.com.mx\/portal\/wp-json\/wp\/v2\/posts\/85759","targetHints":{"allow":["GET"]}}],"collection":[{"href":"https:\/\/losperiodistas.com.mx\/portal\/wp-json\/wp\/v2\/posts"}],"about":[{"href":"https:\/\/losperiodistas.com.mx\/portal\/wp-json\/wp\/v2\/types\/post"}],"author":[{"embeddable":true,"href":"https:\/\/losperiodistas.com.mx\/portal\/wp-json\/wp\/v2\/users\/1"}],"replies":[{"embeddable":true,"href":"https:\/\/losperiodistas.com.mx\/portal\/wp-json\/wp\/v2\/comments?post=85759"}],"version-history":[{"count":1,"href":"https:\/\/losperiodistas.com.mx\/portal\/wp-json\/wp\/v2\/posts\/85759\/revisions"}],"predecessor-version":[{"id":85761,"href":"https:\/\/losperiodistas.com.mx\/portal\/wp-json\/wp\/v2\/posts\/85759\/revisions\/85761"}],"wp:featuredmedia":[{"embeddable":true,"href":"https:\/\/losperiodistas.com.mx\/portal\/wp-json\/wp\/v2\/media\/85760"}],"wp:attachment":[{"href":"https:\/\/losperiodistas.com.mx\/portal\/wp-json\/wp\/v2\/media?parent=85759"}],"wp:term":[{"taxonomy":"category","embeddable":true,"href":"https:\/\/losperiodistas.com.mx\/portal\/wp-json\/wp\/v2\/categories?post=85759"},{"taxonomy":"post_tag","embeddable":true,"href":"https:\/\/losperiodistas.com.mx\/portal\/wp-json\/wp\/v2\/tags?post=85759"}],"curies":[{"name":"wp","href":"https:\/\/api.w.org\/{rel}","templated":true}]}}