{"id":85756,"date":"2024-09-20T12:19:21","date_gmt":"2024-09-20T17:19:21","guid":{"rendered":"https:\/\/losperiodistas.com.mx\/portal\/?p=85756"},"modified":"2024-09-20T12:19:23","modified_gmt":"2024-09-20T17:19:23","slug":"falso-que-mexico-tenga-la-segunda-moneda-mas-fuerte-en-el-mundo-verificadomx","status":"publish","type":"post","link":"https:\/\/losperiodistas.com.mx\/portal\/falso-que-mexico-tenga-la-segunda-moneda-mas-fuerte-en-el-mundo-verificadomx\/","title":{"rendered":"Falso que M\u00e9xico tenga la segunda moneda m\u00e1s fuerte en el mundo | VerificadoMX"},"content":{"rendered":"\n<figure class=\"wp-block-image size-large\"><img fetchpriority=\"high\" decoding=\"async\" width=\"1024\" height=\"538\" src=\"https:\/\/losperiodistas.com.mx\/portal\/wp-content\/uploads\/2024\/09\/BULOS-2024-09-19T173932.955-1024x538.webp\" alt=\"\" class=\"wp-image-85757\" srcset=\"https:\/\/losperiodistas.com.mx\/portal\/wp-content\/uploads\/2024\/09\/BULOS-2024-09-19T173932.955-1024x538.webp 1024w, https:\/\/losperiodistas.com.mx\/portal\/wp-content\/uploads\/2024\/09\/BULOS-2024-09-19T173932.955-300x158.webp 300w, https:\/\/losperiodistas.com.mx\/portal\/wp-content\/uploads\/2024\/09\/BULOS-2024-09-19T173932.955-768x403.webp 768w, https:\/\/losperiodistas.com.mx\/portal\/wp-content\/uploads\/2024\/09\/BULOS-2024-09-19T173932.955.webp 1200w\" sizes=\"(max-width: 1024px) 100vw, 1024px\" \/><\/figure>\n\n\n\n<p><\/p>\n\n\n\n<p class=\"has-vivid-red-color has-text-color has-link-color has-medium-font-size wp-elements-6b0858992c66fa82ce1138a0dbab28cc\"><strong>Por Leslie Orozco \/ VerificadoMX<\/strong><\/p>\n\n\n\n<p>Durante la conferencia de prensa matutina del presidente,&nbsp;<strong>Ana Elizabeth Garc\u00eda Vilchis<\/strong>, vocera del&nbsp;<a href=\"https:\/\/verificado.com.mx\/?s=quien+es+quien\">Qui\u00e9n es Qui\u00e9n de las Mentiras<\/a>, asegur\u00f3 que el peso mexicano no se ha devaluado, y que es la segunda moneda a nivel mundial con mejor apreciaci\u00f3n, esto es falso.<\/p>\n\n\n\n<p>Reproductor de v\u00eddeo<video width=\"696\" height=\"365\" preload=\"metadata\" src=\"https:\/\/verificado.com.mx\/wp-content\/uploads\/2024\/09\/BULOS-38.mp4?_=1\"><\/video><\/p>\n\n\n\n<p><\/p>\n\n\n\n<p>\u201cEn medios de comunicaci\u00f3n y en redes sociales se dijo que se devaluar\u00eda el peso si se aprobaba la reforma al Poder Judicial, pero no ha sido as\u00ed, como dec\u00eda, el peso es la segunda moneda m\u00e1s apreciada a nivel mundial. Este gobierno ser\u00e1 el primero, despu\u00e9s de m\u00e1s de 50 a\u00f1os, que no se devaluar\u00e1 nuestra moneda\u201d, mencion\u00f3 la vocera el&nbsp;<a href=\"https:\/\/www.gob.mx\/presidencia\/es\/articulos\/version-estenografica-conferencia-de-prensa-del-presidente-andres-manuel-lopez-obrador-del-18-de-septiembre-de-2024?idiom=es\" rel=\"noreferrer noopener\" target=\"_blank\">18 de septiembre de 2024<\/a>.<\/p>\n\n\n\n<p>Garc\u00eda Vilchis afirm\u00f3 que durante la aprobaci\u00f3n de la Reforma Judicial no se depreci\u00f3 el peso mexicano, pero<strong>&nbsp;s\u00ed subi\u00f3 su valor<\/strong>&nbsp;frente al d\u00f3lar los d\u00edas&nbsp;<strong>10 y 11 de septiembre<\/strong>, cuando se discuti\u00f3 la reforma en el Senado.<\/p>\n\n\n\n<p>Durante el \u00faltimo a\u00f1o, la moneda mexicana se depreci\u00f3 frente al d\u00f3lar, y ha fluctuado a lo largo del actual gobierno, su pico m\u00e1s alto fue el 23 de marzo de 2023, como consecuencia del encierro provocado por la pandemia de Covid-19, mientras que su pico m\u00e1s bajo se registr\u00f3 el 8 de abril de 2024 cuando alcanz\u00f3 un valor de&nbsp;<strong>16.33 pesos por d\u00f3lar<\/strong>.<\/p>\n\n\n\n<p>El tipo de cambio se puede ver alterado por diferentes factores nacionales e internacionales, por lo que no se puede estipular que un solo evento puede determinar la apreciaci\u00f3n del peso.<\/p>\n\n\n\n<h3 class=\"wp-block-heading\"><strong>M\u00e9xico no es la segunda moneda m\u00e1s fuerte del mundo<\/strong><\/h3>\n\n\n\n<p>La vocera del \u201cQui\u00e9n es Qui\u00e9n\u201d replic\u00f3 la desinformaci\u00f3n que el presidente&nbsp;<strong>Andr\u00e9s Manuel L\u00f3pez Obrador<\/strong>&nbsp;mencion\u00f3 en su discurso en las conferencias matutinas en marzo de 2023 que la moneda mexicana es la segunda m\u00e1s fuerte del mundo.<\/p>\n\n\n\n<p>De acuerdo con la agencia&nbsp;<a href=\"https:\/\/fbs.com\/fbs-academy\/traders-blog\/the-highest-currencies-in-the-world\" rel=\"noreferrer noopener\" target=\"_blank\">FBS<\/a>, M\u00e9xico no se encuentra en el top 10 de las monedas m\u00e1s fuertes, como se puede ver en el siguiente listado:<\/p>\n\n\n\n<ol class=\"wp-block-list\">\n<li>Dinar kuwait\u00ed<\/li>\n\n\n\n<li>Dinar bahrein\u00ed<\/li>\n\n\n\n<li>Rial oman\u00ed<\/li>\n\n\n\n<li>Dinar jordano<\/li>\n\n\n\n<li>Libra brit\u00e1nica<\/li>\n\n\n\n<li>Libra de Gibraltar<\/li>\n\n\n\n<li>D\u00f3lar de las Islas Caim\u00e1n<\/li>\n\n\n\n<li>Franco suizo<\/li>\n\n\n\n<li>Euro<\/li>\n\n\n\n<li>D\u00f3lar estadounidense<\/li>\n<\/ol>\n\n\n\n<p>En donde M\u00e9xico s\u00ed ocupa la segunda posici\u00f3n, es en el listado de las llamadas&nbsp;<a href=\"https:\/\/verificado.com.mx\/falso-peso-segunda-moneda-mas-fuerte-del-mundo\/\">\u201cdivisas emergentes\u201d<\/a>&nbsp;que m\u00e1s se apreciaron frente al d\u00f3lar en lo que va del 2024, por detr\u00e1s del&nbsp;<strong>rand sudafricano.<\/strong><\/p>\n\n\n\n<p>La fortaleza de una moneda se determina analizando sus tipos de cambio, el producto interno bruto (PIB) nominal per c\u00e1pita, la tasa de inflaci\u00f3n y una serie de otros factores econ\u00f3micos pol\u00edticos.<\/p>\n\n\n\n<p>Como dato curioso, en el peque\u00f1o&nbsp;<strong>principado de&nbsp;<a href=\"https:\/\/es.wikipedia.org\/wiki\/Seborga\" rel=\"noreferrer noopener\" target=\"_blank\">Seborga<\/a><\/strong>, en la frontera entre Italia y Francia, existe una moneda local que solo es reconocida por los bancos regionales y no tiene valor fuera de la micronaci\u00f3n. Para sus 307 ciudadanos, el&nbsp;<strong>luigino de Seborga<\/strong>&nbsp;vale 6 d\u00f3lares estadounidenses. Entonces, si fuera reconocida, ser\u00eda la moneda m\u00e1s fuerte del mundo.<\/p>\n\n\n\n<figure class=\"wp-block-image aligncenter\"><img decoding=\"async\" src=\"https:\/\/i0.wp.com\/verificado.com.mx\/wp-content\/uploads\/2024\/09\/il-principato-di-seborga-batte-anche-le-banconote.jpg?resize=600%2C600&amp;ssl=1\" alt=\"il principato di seborga batte anche le banconote\" class=\"wp-image-29299\" title=\"Falso que M\u00e9xico tenga la segunda moneda m\u00e1s fuerte en el mundo 1\"\/><\/figure>\n\n\n\n<p>Las&nbsp;<strong>\u201ddivisas emergentes\u201d<\/strong>&nbsp;son las que provienen de econom\u00edas altas tasas de crecimiento econ\u00f3mico, mercados de capitales inmaduros, e inestabilidad y volatilidad<\/p>\n\n\n\n<p>Entre ellas, se consideran a las monedas de curso oficial de \u200bArgentina, Brasil, Chile, China, Colombia, Rep\u00fablica Checa, Egipto, Filipinas, Hungr\u00eda, India, Indonesia, Malasia,<strong>&nbsp;M\u00e9xico<\/strong>, Marruecos, Pakist\u00e1n, Per\u00fa, Polonia, Rusia, Sud\u00e1frica, Taiw\u00e1n, Tailandia, Turqu\u00eda y Corea del Sur, catalogadas as\u00ed por el conglomerado financiero<strong>&nbsp;Morgan Stanley<\/strong>.<\/p>\n\n\n\n<h3 class=\"wp-block-heading\"><strong>Recuerda, el peso no se \u201cdeval\u00faa\u201d<\/strong><\/h3>\n\n\n\n<p>Desde el inicio del sexenio, diferentes personajes pol\u00edticos han asegurado que el peso no se ha&nbsp;<strong>\u201cdevaluado<\/strong>\u201d e incluso se utiliza en diversos post de redes sociales, pero este t\u00e9rmino es<strong>&nbsp;incorrecto<\/strong>.<\/p>\n\n\n\n<p>La devaluaci\u00f3n se refiere espec\u00edficamente a una decisi\u00f3n deliberada de un gobierno de reducir el valor de su moneda, mientras que la&nbsp;<strong>depreciaci\u00f3n<\/strong>, por otra parte, es un t\u00e9rmino m\u00e1s amplio que puede ocurrir naturalmente en respuesta a las fuerzas del mercado, la interacci\u00f3n de la oferta y la demanda o como resultado de pol\u00edticas gubernamentales nacionales o mundiales.<\/p>\n\n\n\n<p>Fuente: <a href=\"https:\/\/verificado.com.mx\/falso-mexico-segunda-moneda-mas-fuerte\/\">https:\/\/verificado.com.mx\/falso-mexico-segunda-moneda-mas-fuerte\/<\/a><\/p>\n","protected":false},"excerpt":{"rendered":"<p>Por Leslie Orozco \/ VerificadoMX Durante la conferencia de prensa matutina del presidente,&nbsp;Ana Elizabeth Garc\u00eda Vilchis, vocera del&nbsp;Qui\u00e9n es Qui\u00e9n [&hellip;]<\/p>\n","protected":false},"author":1,"featured_media":85757,"comment_status":"open","ping_status":"open","sticky":false,"template":"","format":"standard","meta":{"site-sidebar-layout":"default","site-content-layout":"","ast-site-content-layout":"default","site-content-style":"default","site-sidebar-style":"default","ast-global-header-display":"","ast-banner-title-visibility":"","ast-main-header-display":"","ast-hfb-above-header-display":"","ast-hfb-below-header-display":"","ast-hfb-mobile-header-display":"","site-post-title":"","ast-breadcrumbs-content":"","ast-featured-img":"","footer-sml-layout":"","theme-transparent-header-meta":"","adv-header-id-meta":"","stick-header-meta":"","header-above-stick-meta":"","header-main-stick-meta":"","header-below-stick-meta":"","astra-migrate-meta-layouts":"default","ast-page-background-enabled":"default","ast-page-background-meta":{"desktop":{"background-color":"var(--ast-global-color-4)","background-image":"","background-repeat":"repeat","background-position":"center center","background-size":"auto","background-attachment":"scroll","background-type":"","background-media":"","overlay-type":"","overlay-color":"","overlay-opacity":"","overlay-gradient":""},"tablet":{"background-color":"","background-image":"","background-repeat":"repeat","background-position":"center center","background-size":"auto","background-attachment":"scroll","background-type":"","background-media":"","overlay-type":"","overlay-color":"","overlay-opacity":"","overlay-gradient":""},"mobile":{"background-color":"","background-image":"","background-repeat":"repeat","background-position":"center center","background-size":"auto","background-attachment":"scroll","background-type":"","background-media":"","overlay-type":"","overlay-color":"","overlay-opacity":"","overlay-gradient":""}},"ast-content-background-meta":{"desktop":{"background-color":"var(--ast-global-color-5)","background-image":"","background-repeat":"repeat","background-position":"center center","background-size":"auto","background-attachment":"scroll","background-type":"","background-media":"","overlay-type":"","overlay-color":"","overlay-opacity":"","overlay-gradient":""},"tablet":{"background-color":"var(--ast-global-color-5)","background-image":"","background-repeat":"repeat","background-position":"center center","background-size":"auto","background-attachment":"scroll","background-type":"","background-media":"","overlay-type":"","overlay-color":"","overlay-opacity":"","overlay-gradient":""},"mobile":{"background-color":"var(--ast-global-color-5)","background-image":"","background-repeat":"repeat","background-position":"center center","background-size":"auto","background-attachment":"scroll","background-type":"","background-media":"","overlay-type":"","overlay-color":"","overlay-opacity":"","overlay-gradient":""}},"footnotes":""},"categories":[8],"tags":[30422,7376,30423,13773,7378],"class_list":["post-85756","post","type-post","status-publish","format-standard","has-post-thumbnail","hentry","category-noticias","tag-agencia-fbs","tag-ana-elizabeth-garcia-vilchis","tag-divisas-emergentes","tag-peso-mexicano","tag-quien-es-quien-en-las-mentiras"],"_links":{"self":[{"href":"https:\/\/losperiodistas.com.mx\/portal\/wp-json\/wp\/v2\/posts\/85756","targetHints":{"allow":["GET"]}}],"collection":[{"href":"https:\/\/losperiodistas.com.mx\/portal\/wp-json\/wp\/v2\/posts"}],"about":[{"href":"https:\/\/losperiodistas.com.mx\/portal\/wp-json\/wp\/v2\/types\/post"}],"author":[{"embeddable":true,"href":"https:\/\/losperiodistas.com.mx\/portal\/wp-json\/wp\/v2\/users\/1"}],"replies":[{"embeddable":true,"href":"https:\/\/losperiodistas.com.mx\/portal\/wp-json\/wp\/v2\/comments?post=85756"}],"version-history":[{"count":1,"href":"https:\/\/losperiodistas.com.mx\/portal\/wp-json\/wp\/v2\/posts\/85756\/revisions"}],"predecessor-version":[{"id":85758,"href":"https:\/\/losperiodistas.com.mx\/portal\/wp-json\/wp\/v2\/posts\/85756\/revisions\/85758"}],"wp:featuredmedia":[{"embeddable":true,"href":"https:\/\/losperiodistas.com.mx\/portal\/wp-json\/wp\/v2\/media\/85757"}],"wp:attachment":[{"href":"https:\/\/losperiodistas.com.mx\/portal\/wp-json\/wp\/v2\/media?parent=85756"}],"wp:term":[{"taxonomy":"category","embeddable":true,"href":"https:\/\/losperiodistas.com.mx\/portal\/wp-json\/wp\/v2\/categories?post=85756"},{"taxonomy":"post_tag","embeddable":true,"href":"https:\/\/losperiodistas.com.mx\/portal\/wp-json\/wp\/v2\/tags?post=85756"}],"curies":[{"name":"wp","href":"https:\/\/api.w.org\/{rel}","templated":true}]}}