{"id":85753,"date":"2024-09-20T11:51:55","date_gmt":"2024-09-20T16:51:55","guid":{"rendered":"https:\/\/losperiodistas.com.mx\/portal\/?p=85753"},"modified":"2024-09-20T11:51:57","modified_gmt":"2024-09-20T16:51:57","slug":"bajan-a-veronica-velez-macuil-como-ponente-de-foro-de-periodismo-e-consulta","status":"publish","type":"post","link":"https:\/\/losperiodistas.com.mx\/portal\/bajan-a-veronica-velez-macuil-como-ponente-de-foro-de-periodismo-e-consulta\/","title":{"rendered":"Bajan a Ver\u00f3nica V\u00e9lez Macuil como ponente de foro de periodismo | e-consulta"},"content":{"rendered":"\n<p class=\"has-medium-font-size\">La exservidora p\u00fablica dictar\u00eda la conferencia \u00abDesaf\u00edos \u00e9ticos y deontol\u00f3gicos del uso de la IA en el periodismo\u00bb<\/p>\n\n\n\n<figure class=\"wp-block-image\"><img decoding=\"async\" src=\"https:\/\/www.e-consulta.com\/_next\/image?url=https%3A%2F%2Ffotos.e-consulta.com%2Fbajan_a_veronica_velez_macuil_como_ponente_de_foro_de_periodismo.jpg&amp;w=1920&amp;q=75\" alt=\"Bajan a Ver\u00f3nica V\u00e9lez Macuil como ponente de foro de periodismo\"\/><figcaption class=\"wp-element-caption\">Foto \/ Gran Angular Agencia<\/figcaption><\/figure>\n\n\n\n<p class=\"has-vivid-red-color has-text-color has-link-color has-medium-font-size wp-elements-056c426f0be2520eb0d1d77a3b41bfa5\"><br><a href=\"https:\/\/www.facebook.com\/sharer\/sharer.php?u=https:\/\/www.e-consulta.com\/nota\/2024-09-20\/gobierno\/bajan-veronica-velez-macuil-como-ponente-de-foro-de-periodismo\" target=\"_blank\" rel=\"noreferrer noopener\"><\/a><a href=\"https:\/\/twitter.com\/intent\/tweet?text=Bajan%20a%20Ver%C3%B3nica%20V%C3%A9lez%20Macuil%20como%20ponente%20de%20foro%20de%20periodismo&amp;url=https:\/\/www.e-consulta.com\/nota\/2024-09-20\/gobierno\/bajan-veronica-velez-macuil-como-ponente-de-foro-de-periodismo&amp;via=e_consulta\" target=\"_blank\" rel=\"noreferrer noopener\"><\/a><a href=\"whatsapp:\/\/send?text=Bajan%20a%20Ver%C3%B3nica%20V%C3%A9lez%20Macuil%20como%20ponente%20de%20foro%20de%20periodismo%20-%20[Leer]%20https:\/\/www.e-consulta.com\/nota\/2024-09-20\/gobierno\/bajan-veronica-velez-macuil-como-ponente-de-foro-de-periodismo\"><\/a><a href=\"\/\/www.e-consulta.com\/nota\/2024-09-20\/gobierno\/bajan-veronica-velez-macuil-como-ponente-de-foro-de-periodismo\" target=\"_blank\" rel=\"noreferrer noopener\"><\/a><strong><a href=\"https:\/\/www.e-consulta.com\/autor\/Manuel%20Cuellar\">Manuel Cuellar<\/a> \/ e-consulta<\/strong><\/p>\n\n\n\n<p>Septiembre 20, 2024<\/p>\n\n\n\n<p>La exdirectora de Comunicaci\u00f3n Social del gobierno de Miguel Barbosa Huerta,&nbsp;<strong><a href=\"https:\/\/www.e-consulta.com\/nota\/2024-09-15\/politica\/zatarain-pedira-comparecencia-de-veronica-velez-por-observaciones-de-ase\" target=\"_blank\" rel=\"noreferrer noopener\">Ver\u00f3nica V\u00e9lez Macuil<\/a><\/strong>, fue&nbsp;<strong>retirada como ponente<\/strong>&nbsp;del foro de \u00abPeriodismo Cient\u00edfico y la Ciencia en los Medios de Comunicaci\u00f3n\u00bb.<\/p>\n\n\n\n<p>Despu\u00e9s de que, durante la noche del&nbsp;<strong>jueves 19 de septiembre<\/strong>&nbsp;se diera a conocer su&nbsp;<strong>participaci\u00f3n en este foro de periodismo<\/strong>, las reacciones en redes sociales no se hicieron esperar.<\/p>\n\n\n\n<figure class=\"wp-block-image\"><img decoding=\"async\" src=\"https:\/\/www.e-consulta.com\/_next\/image?url=https%3A%2F%2Ffotos.e-consulta.com%2Fsite_uploads%2F2024%2Fseptiembre%2F2-bajan_a_veronica_velez_macuil_como_ponente_de_foro_de_periodismo.jpg&amp;w=3840&amp;q=75\" alt=\"Bajan a Ver\u00f3nica V\u00e9lez Macuil como ponente de foro de periodismo\"\/><\/figure>\n\n\n\n<figure class=\"wp-block-image\"><img decoding=\"async\" src=\"https:\/\/www.e-consulta.com\/_next\/image?url=https%3A%2F%2Ffotos.e-consulta.com%2Fsite_uploads%2F2024%2Fseptiembre%2F1-bajan_a_veronica_velez_macuil_como_ponente_de_foro_de_periodismo.jpg&amp;w=3840&amp;q=75\" alt=\"Bajan a Ver\u00f3nica V\u00e9lez Macuil como ponente de foro de periodismo\"\/><\/figure>\n\n\n\n<p>Te puede interesar:<\/p>\n\n\n\n<p><a href=\"https:\/\/www.e-consulta.com\/nota\/2024-09-11\/gobierno\/comunicacion-social-de-barbosa-cometio-posible-dano-patrimonial-por-25-mdp\">Comunicaci\u00f3n Social de Barbosa cometi\u00f3 posible da\u00f1o patrimonial por 25 mdp<\/a><\/p>\n\n\n\n<p>Usuarios recordaron que en su paso como&nbsp;<strong>directora de Comunicaci\u00f3n Social<\/strong>&nbsp;y Agenda Digital del Gobierno del Estado en el&nbsp;<strong>barbosismo<\/strong>, fue&nbsp;<strong>se\u00f1alada por contratar campa\u00f1as negras en contra de periodistas<\/strong>.<\/p>\n\n\n\n<p>Por lo que&nbsp;<strong>calificaron de cinismo<\/strong>&nbsp;tanto la participaci\u00f3n de la exservidora p\u00fablica como a la organizaci\u00f3n por incluirla en este foro.<\/p>\n\n\n\n<p>Tras las cr\u00edticas,&nbsp;<strong>su nombre ya no figura como la sexta conferencista<\/strong>&nbsp;para platicar sobre \u00abDesaf\u00edos \u00e9ticos y deontol\u00f3gicos del uso de la IA en el periodismo\u00bb en este evento que organiz\u00f3 la Benem\u00e9rita Universidad Aut\u00f3noma de Puebla (<strong>BUAP<\/strong>).<\/p>\n\n\n\n<p><strong>ASE detecta presunto da\u00f1o patrimonial por 25.8 mdp en Comunicaci\u00f3n Social<\/strong><\/p>\n\n\n\n<p>Te puede interesar:<\/p>\n\n\n\n<p><a href=\"https:\/\/www.e-consulta.com\/nota\/2024-09-12\/gobierno\/barbosismo-compro-software-en-41-mil-pesos-adobe-dijo-que-vale-15-mil\">Barbosismo compr\u00f3 software en 41 mil pesos; Adobe dijo que vale 15 mil<\/a><\/p>\n\n\n\n<p>Es importante se\u00f1alar que recientemente la Auditor\u00eda Superior del Estado (<strong>ASE<\/strong>), detect\u00f3 un&nbsp;<strong>gasto irregular de 25.8 millones de pesos<\/strong>&nbsp;en la direcci\u00f3n de&nbsp;<strong>Comunicaci\u00f3n Social<\/strong>&nbsp;y Agenda Digital en el periodo de&nbsp;<strong>Ver\u00f3nica V\u00e9lez Macuil<\/strong>.<\/p>\n\n\n\n<p>En este gasto irregular se encuentra&nbsp;<strong>1.2 millones en un estudio de consumo de noticias<\/strong>, un mill\u00f3n por licencias de software VIP de Adobe,&nbsp;<strong>456 mil pesos por limpieza<\/strong>&nbsp;y 119 mil pesos por fotocopias. (MIG)<\/p>\n\n\n\n<p>Fuente: <a href=\"https:\/\/www.e-consulta.com\/nota\/2024-09-20\/gobierno\/bajan-veronica-velez-macuil-como-ponente-de-foro-de-periodismo\">https:\/\/www.e-consulta.com\/nota\/2024-09-20\/gobierno\/bajan-veronica-velez-macuil-como-ponente-de-foro-de-periodismo<\/a><\/p>\n","protected":false},"excerpt":{"rendered":"<p>La exservidora p\u00fablica dictar\u00eda la conferencia \u00abDesaf\u00edos \u00e9ticos y deontol\u00f3gicos del uso de la IA en el periodismo\u00bb Manuel Cuellar [&hellip;]<\/p>\n","protected":false},"author":1,"featured_media":85754,"comment_status":"open","ping_status":"open","sticky":false,"template":"","format":"standard","meta":{"site-sidebar-layout":"default","site-content-layout":"","ast-site-content-layout":"default","site-content-style":"default","site-sidebar-style":"default","ast-global-header-display":"","ast-banner-title-visibility":"","ast-main-header-display":"","ast-hfb-above-header-display":"","ast-hfb-below-header-display":"","ast-hfb-mobile-header-display":"","site-post-title":"","ast-breadcrumbs-content":"","ast-featured-img":"","footer-sml-layout":"","theme-transparent-header-meta":"","adv-header-id-meta":"","stick-header-meta":"","header-above-stick-meta":"","header-main-stick-meta":"","header-below-stick-meta":"","astra-migrate-meta-layouts":"default","ast-page-background-enabled":"default","ast-page-background-meta":{"desktop":{"background-color":"var(--ast-global-color-4)","background-image":"","background-repeat":"repeat","background-position":"center center","background-size":"auto","background-attachment":"scroll","background-type":"","background-media":"","overlay-type":"","overlay-color":"","overlay-opacity":"","overlay-gradient":""},"tablet":{"background-color":"","background-image":"","background-repeat":"repeat","background-position":"center center","background-size":"auto","background-attachment":"scroll","background-type":"","background-media":"","overlay-type":"","overlay-color":"","overlay-opacity":"","overlay-gradient":""},"mobile":{"background-color":"","background-image":"","background-repeat":"repeat","background-position":"center center","background-size":"auto","background-attachment":"scroll","background-type":"","background-media":"","overlay-type":"","overlay-color":"","overlay-opacity":"","overlay-gradient":""}},"ast-content-background-meta":{"desktop":{"background-color":"var(--ast-global-color-5)","background-image":"","background-repeat":"repeat","background-position":"center center","background-size":"auto","background-attachment":"scroll","background-type":"","background-media":"","overlay-type":"","overlay-color":"","overlay-opacity":"","overlay-gradient":""},"tablet":{"background-color":"var(--ast-global-color-5)","background-image":"","background-repeat":"repeat","background-position":"center center","background-size":"auto","background-attachment":"scroll","background-type":"","background-media":"","overlay-type":"","overlay-color":"","overlay-opacity":"","overlay-gradient":""},"mobile":{"background-color":"var(--ast-global-color-5)","background-image":"","background-repeat":"repeat","background-position":"center center","background-size":"auto","background-attachment":"scroll","background-type":"","background-media":"","overlay-type":"","overlay-color":"","overlay-opacity":"","overlay-gradient":""}},"footnotes":""},"categories":[8],"tags":[73,30420,16974,30421],"class_list":["post-85753","post","type-post","status-publish","format-standard","has-post-thumbnail","hentry","category-noticias","tag-miguel-barbosa","tag-periodismo-cientifico-y-la-ciencia-en-los-medios-de-comunicacion","tag-veronica-velez-macuil","tag-veronica-velez-ponente"],"_links":{"self":[{"href":"https:\/\/losperiodistas.com.mx\/portal\/wp-json\/wp\/v2\/posts\/85753","targetHints":{"allow":["GET"]}}],"collection":[{"href":"https:\/\/losperiodistas.com.mx\/portal\/wp-json\/wp\/v2\/posts"}],"about":[{"href":"https:\/\/losperiodistas.com.mx\/portal\/wp-json\/wp\/v2\/types\/post"}],"author":[{"embeddable":true,"href":"https:\/\/losperiodistas.com.mx\/portal\/wp-json\/wp\/v2\/users\/1"}],"replies":[{"embeddable":true,"href":"https:\/\/losperiodistas.com.mx\/portal\/wp-json\/wp\/v2\/comments?post=85753"}],"version-history":[{"count":1,"href":"https:\/\/losperiodistas.com.mx\/portal\/wp-json\/wp\/v2\/posts\/85753\/revisions"}],"predecessor-version":[{"id":85755,"href":"https:\/\/losperiodistas.com.mx\/portal\/wp-json\/wp\/v2\/posts\/85753\/revisions\/85755"}],"wp:featuredmedia":[{"embeddable":true,"href":"https:\/\/losperiodistas.com.mx\/portal\/wp-json\/wp\/v2\/media\/85754"}],"wp:attachment":[{"href":"https:\/\/losperiodistas.com.mx\/portal\/wp-json\/wp\/v2\/media?parent=85753"}],"wp:term":[{"taxonomy":"category","embeddable":true,"href":"https:\/\/losperiodistas.com.mx\/portal\/wp-json\/wp\/v2\/categories?post=85753"},{"taxonomy":"post_tag","embeddable":true,"href":"https:\/\/losperiodistas.com.mx\/portal\/wp-json\/wp\/v2\/tags?post=85753"}],"curies":[{"name":"wp","href":"https:\/\/api.w.org\/{rel}","templated":true}]}}