{"id":85750,"date":"2024-09-20T11:36:14","date_gmt":"2024-09-20T16:36:14","guid":{"rendered":"https:\/\/losperiodistas.com.mx\/portal\/?p=85750"},"modified":"2024-09-20T11:36:18","modified_gmt":"2024-09-20T16:36:18","slug":"amlo-celebra-que-guardia-nacional-se-integre-a-sedena-niega-militarismo-y-represion-forbes","status":"publish","type":"post","link":"https:\/\/losperiodistas.com.mx\/portal\/amlo-celebra-que-guardia-nacional-se-integre-a-sedena-niega-militarismo-y-represion-forbes\/","title":{"rendered":"AMLO celebra que Guardia Nacional se integre a Sedena; niega \u2018militarismo\u2019 y \u2018represi\u00f3n\u2019 | Forbes"},"content":{"rendered":"\n<p class=\"has-medium-font-size\"><em>L\u00f3pez Obrador expres\u00f3 que est\u00e1 &#8216;muy contento y tranquilo&#8217; con el aval de la reforma constitucional, que a\u00fan debe aprobar el Senado, para que la Sedena administre la Guardia Nacional, un cuerpo de seguridad que \u00e9l cre\u00f3 en 2019 con la promesa de mantenerlo civil.<\/em><\/p>\n\n\n\n<figure class=\"wp-block-image\"><img decoding=\"async\" src=\"https:\/\/cdn.forbes.com.mx\/2023\/11\/obrador-640x360.webp\" alt=\"El presidente de M\u00e9xico, Andr\u00e9s Manuel L\u00f3pez Obrador Foto: EFE\/Isaac Esquivel Norma\"\/><figcaption class=\"wp-element-caption\">El presidente de M\u00e9xico, Andr\u00e9s Manuel L\u00f3pez Obrador Foto: EFE\/Isaac Esquivel<\/figcaption><\/figure>\n\n\n\n<p class=\"has-vivid-red-color has-text-color has-link-color has-medium-font-size wp-elements-f4511cbaa76f9a954f916a306c76768d\"><strong>Forbes Staff<\/strong><\/p>\n\n\n\n<p>El presidente Andr\u00e9s Manuel L\u00f3pez Obrador neg\u00f3 este viernes que exista \u201cmilitarismo\u201d y \u201crepresi\u00f3n\u201d con la reforma que aprob\u00f3 este jueves la C\u00e1mara de Diputados para ceder el control de la Guardia Nacional (GN) al Ej\u00e9rcito.<\/p>\n\n\n\n<p>\u201cAcerca de la represi\u00f3n y del militarismo, eso depende de la autoridad civil. En lo nacional, del presidente, ahora de la presidenta, porque de acuerdo a la legislaci\u00f3n, a las leyes de las Fuerzas Armadas, el comandante supremo o la comandanta suprema va a ser la presidenta de la rep\u00fablica\u201d, afirm\u00f3 en su conferencia diaria.<\/p>\n\n\n\n<p>El mandatario expres\u00f3 que est\u00e1 \u201cmuy contento y tranquilo\u201d con el aval de la reforma constitucional, que a\u00fan debe aprobar el Senado, para que la Secretar\u00eda de la Defensa Nacional (Sedena) administre la Guardia Nacional, un cuerpo de seguridad que \u00e9l cre\u00f3 en 2019 con la promesa de mantenerlo civil.<\/p>\n\n\n\n<p>L\u00f3pez Obrador justific\u00f3 que, con un mando militar, habr\u00e1 la \u201cgarant\u00eda\u201d que los 130,000 elementos de la Guardia Nacional y sus 500 cuarteles \u201cvan a permanecer y van a seguir actuando con rectitud\u201d a diferencia de lo ocurrido con la extinta Polic\u00eda Federal, acusada de tener nexos con el crimen organizado.<\/p>\n\n\n\n<p>Legisladores de oposici\u00f3n y organizaciones civiles advirtieron de una militarizaci\u00f3n de todos los \u00e1mbitos del pa\u00eds con esta reforma constitucional porque modifica el art\u00edculo 129 de la Constituci\u00f3n, que ahora limita las funciones militares en tiempos de paz, una norma que no se ha cambiado desde 1857.<\/p>\n\n\n\n<p>Asimismo, cambia el art\u00edculo 21 para eliminar la \u201cgarant\u00eda org\u00e1nica\u201d que obliga a que las instituciones de seguridad p\u00fablica sean de car\u00e1cter civil.<\/p>\n\n\n\n<p>Aunque la Comisi\u00f3n Nacional de los Derechos Humanos (CNDH) ha registrado m\u00e1s de 1,700 quejas contra la Guardia Nacional en su Sistema Nacional de Alerta de Violaci\u00f3n de Derechos Humanos, L\u00f3pez Obrador afirm\u00f3 que el cuerpo de seguridad y las Fuerzas Armadas no cometen abusos.<\/p>\n\n\n\n<p>\u201cHan estado los integrantes de la Guardia Nacional bajo el mando de oficiales de la Secretar\u00eda de la Defensa, no hemos tenido problemas de abuso de autoridad, de violaci\u00f3n de derechos humanos, de masacres cometidas por la Guardia Nacional, la gente aprueba el desempe\u00f1o de la Guardia Nacional\u201d, indic\u00f3.<\/p>\n\n\n\n<p>Las tareas de las Fuerzas Armadas crecieron con L\u00f3pez Obrador, quien asign\u00f3 a los militares tareas de seguridad p\u00fablica, construcci\u00f3n de obras de infraestructura, administraci\u00f3n de aduanas y puertos, y la direcci\u00f3n de empresas del Estado, como el Tren Maya.<\/p>\n\n\n\n<p>El mandatario mostr\u00f3 una encuesta del Instituto Nacional de Estad\u00edstica y Geograf\u00eda (Inegi) que muestra que las tres autoridades con m\u00e1s confianza de la poblaci\u00f3n son la Marina (86.7%), el Ej\u00e9rcito (84.3%) y la Guardia Nacional (77.2%).<\/p>\n\n\n\n<p><em>Con informaci\u00f3n de EFE<\/em><\/p>\n\n\n\n<p>Fuente: <a href=\"https:\/\/www.forbes.com.mx\/amlo-celebra-que-guardia-nacional-se-integre-a-sedena-niega-militarismo-y-represion\/\">https:\/\/www.forbes.com.mx\/amlo-celebra-que-guardia-nacional-se-integre-a-sedena-niega-militarismo-y-represion\/<\/a><\/p>\n","protected":false},"excerpt":{"rendered":"<p>L\u00f3pez Obrador expres\u00f3 que est\u00e1 &#8216;muy contento y tranquilo&#8217; con el aval de la reforma constitucional, que a\u00fan debe aprobar [&hellip;]<\/p>\n","protected":false},"author":1,"featured_media":85751,"comment_status":"open","ping_status":"open","sticky":false,"template":"","format":"standard","meta":{"site-sidebar-layout":"default","site-content-layout":"","ast-site-content-layout":"default","site-content-style":"default","site-sidebar-style":"default","ast-global-header-display":"","ast-banner-title-visibility":"","ast-main-header-display":"","ast-hfb-above-header-display":"","ast-hfb-below-header-display":"","ast-hfb-mobile-header-display":"","site-post-title":"","ast-breadcrumbs-content":"","ast-featured-img":"","footer-sml-layout":"","theme-transparent-header-meta":"","adv-header-id-meta":"","stick-header-meta":"","header-above-stick-meta":"","header-main-stick-meta":"","header-below-stick-meta":"","astra-migrate-meta-layouts":"default","ast-page-background-enabled":"default","ast-page-background-meta":{"desktop":{"background-color":"var(--ast-global-color-4)","background-image":"","background-repeat":"repeat","background-position":"center center","background-size":"auto","background-attachment":"scroll","background-type":"","background-media":"","overlay-type":"","overlay-color":"","overlay-opacity":"","overlay-gradient":""},"tablet":{"background-color":"","background-image":"","background-repeat":"repeat","background-position":"center center","background-size":"auto","background-attachment":"scroll","background-type":"","background-media":"","overlay-type":"","overlay-color":"","overlay-opacity":"","overlay-gradient":""},"mobile":{"background-color":"","background-image":"","background-repeat":"repeat","background-position":"center center","background-size":"auto","background-attachment":"scroll","background-type":"","background-media":"","overlay-type":"","overlay-color":"","overlay-opacity":"","overlay-gradient":""}},"ast-content-background-meta":{"desktop":{"background-color":"var(--ast-global-color-5)","background-image":"","background-repeat":"repeat","background-position":"center center","background-size":"auto","background-attachment":"scroll","background-type":"","background-media":"","overlay-type":"","overlay-color":"","overlay-opacity":"","overlay-gradient":""},"tablet":{"background-color":"var(--ast-global-color-5)","background-image":"","background-repeat":"repeat","background-position":"center center","background-size":"auto","background-attachment":"scroll","background-type":"","background-media":"","overlay-type":"","overlay-color":"","overlay-opacity":"","overlay-gradient":""},"mobile":{"background-color":"var(--ast-global-color-5)","background-image":"","background-repeat":"repeat","background-position":"center center","background-size":"auto","background-attachment":"scroll","background-type":"","background-media":"","overlay-type":"","overlay-color":"","overlay-opacity":"","overlay-gradient":""}},"footnotes":""},"categories":[8],"tags":[199,2127,13130,3262],"class_list":["post-85750","post","type-post","status-publish","format-standard","has-post-thumbnail","hentry","category-noticias","tag-amlo","tag-guardia-nacional","tag-militarismo-mexico","tag-sedena"],"_links":{"self":[{"href":"https:\/\/losperiodistas.com.mx\/portal\/wp-json\/wp\/v2\/posts\/85750","targetHints":{"allow":["GET"]}}],"collection":[{"href":"https:\/\/losperiodistas.com.mx\/portal\/wp-json\/wp\/v2\/posts"}],"about":[{"href":"https:\/\/losperiodistas.com.mx\/portal\/wp-json\/wp\/v2\/types\/post"}],"author":[{"embeddable":true,"href":"https:\/\/losperiodistas.com.mx\/portal\/wp-json\/wp\/v2\/users\/1"}],"replies":[{"embeddable":true,"href":"https:\/\/losperiodistas.com.mx\/portal\/wp-json\/wp\/v2\/comments?post=85750"}],"version-history":[{"count":1,"href":"https:\/\/losperiodistas.com.mx\/portal\/wp-json\/wp\/v2\/posts\/85750\/revisions"}],"predecessor-version":[{"id":85752,"href":"https:\/\/losperiodistas.com.mx\/portal\/wp-json\/wp\/v2\/posts\/85750\/revisions\/85752"}],"wp:featuredmedia":[{"embeddable":true,"href":"https:\/\/losperiodistas.com.mx\/portal\/wp-json\/wp\/v2\/media\/85751"}],"wp:attachment":[{"href":"https:\/\/losperiodistas.com.mx\/portal\/wp-json\/wp\/v2\/media?parent=85750"}],"wp:term":[{"taxonomy":"category","embeddable":true,"href":"https:\/\/losperiodistas.com.mx\/portal\/wp-json\/wp\/v2\/categories?post=85750"},{"taxonomy":"post_tag","embeddable":true,"href":"https:\/\/losperiodistas.com.mx\/portal\/wp-json\/wp\/v2\/tags?post=85750"}],"curies":[{"name":"wp","href":"https:\/\/api.w.org\/{rel}","templated":true}]}}