{"id":85745,"date":"2024-09-20T11:21:33","date_gmt":"2024-09-20T16:21:33","guid":{"rendered":"https:\/\/losperiodistas.com.mx\/portal\/?p=85745"},"modified":"2024-09-20T11:21:35","modified_gmt":"2024-09-20T16:21:35","slug":"el-papa-francisco-pide-a-los-cardenales-trabajar-para-alcanzar-el-deficit-cero-en-la-iglesia-catolica-aci","status":"publish","type":"post","link":"https:\/\/losperiodistas.com.mx\/portal\/el-papa-francisco-pide-a-los-cardenales-trabajar-para-alcanzar-el-deficit-cero-en-la-iglesia-catolica-aci\/","title":{"rendered":"El Papa Francisco pide a los cardenales trabajar para alcanzar el \u201cd\u00e9ficit cero\u201d en la Iglesia Cat\u00f3lica | ACI"},"content":{"rendered":"\n<figure class=\"wp-block-image size-full\"><img fetchpriority=\"high\" decoding=\"async\" width=\"672\" height=\"448\" src=\"https:\/\/losperiodistas.com.mx\/portal\/wp-content\/uploads\/2024\/09\/240509-consignment-and-reading-of-the-bull-of-indiction-for-the-jubilee-2025-and-second-vespers-daniel-ibanez-1-1.webp\" alt=\"\" class=\"wp-image-85746\" srcset=\"https:\/\/losperiodistas.com.mx\/portal\/wp-content\/uploads\/2024\/09\/240509-consignment-and-reading-of-the-bull-of-indiction-for-the-jubilee-2025-and-second-vespers-daniel-ibanez-1-1.webp 672w, https:\/\/losperiodistas.com.mx\/portal\/wp-content\/uploads\/2024\/09\/240509-consignment-and-reading-of-the-bull-of-indiction-for-the-jubilee-2025-and-second-vespers-daniel-ibanez-1-1-300x200.webp 300w\" sizes=\"(max-width: 672px) 100vw, 672px\" \/><figcaption class=\"wp-element-caption\">El Papa Francisco durante la proclamaci\u00f3n de la bula del Jubileo 2025, ante cardenales. | Cr\u00e9dito: Daniel Ib\u00e1\u00f1ez \/ EWTN Noticias.<\/figcaption><\/figure>\n\n\n\n<p class=\"has-vivid-red-color has-text-color has-link-color has-medium-font-size wp-elements-cffcbc01256fdb2cffa240d57da84007\"><strong>Nicol\u00e1s de C\u00e1rdenas \/ ACI Prensa<\/strong><\/p>\n\n\n\n<p>El Papa Francisco ha llamado a los cardenales a trabajar para alcanzar el objetivo del \u201cd\u00e9ficit cero\u201d en la econom\u00eda de la Iglesia Cat\u00f3lica, mediante la reducci\u00f3n de costes, la b\u00fasqueda de recursos externos y generosidad evang\u00e9lica.<\/p>\n\n\n\n<p>En la misiva, fechada el pasado 16 de septiembre y que ha difundido este viernes la Oficina de Prensa del Vaticano, el Papa Francisco recuerda que hace 10 a\u00f1os se comenz\u00f3 a reformar la Curia Romana bajo el esp\u00edritu del principio\u00a0<em>Ecclesia semper reformanda\u00a0<\/em>[La Iglesia siempre reformada. En este tiempo, se\u00f1ala, \u201ca pesar de las dificultades y, a veces de la tentaci\u00f3n del inmovilismo y rigidez ante el cambio, se ha conseguido mucho a lo largo de los a\u00f1os\u201d.<\/p>\n\n\n\n<p>Centrado en la reforma econ\u00f3mica de la Santa Sede \u2014\u201cuno de los temas que m\u00e1s han caracterizado las Congregaciones generales anteriores al C\u00f3nclave\u201d, ha puntualizado\u2014 El Papa Francisco ha reclamado \u201cun esfuerzo adicional por parte de todos para que el \u2018d\u00e9ficit cero\u2019 no sea s\u00f3lo un objetivo te\u00f3rico, sino una meta realmente alcanzable\u201d.&nbsp;<\/p>\n\n\n\n<p>Este objetivo se fundamenta en la toma de conciencia de que \u201clos recursos econ\u00f3micos al servicio de la misi\u00f3n son limitados y deben gestionarse con rigor y seriedad para que no se disipen los esfuerzos de quienes han contribuido al patrimonio de la Santa Sede\u201d.&nbsp;<\/p>\n\n\n\n<p>Junto al objetivo de no endeudarse, el Pont\u00edfice se\u00f1ala \u201cla necesidad de que cada instituci\u00f3n trabaje en la b\u00fasqueda de recursos externos para su misi\u00f3n, dando ejemplo de gesti\u00f3n transparente y responsable al servicio de la Iglesia\u201d.<\/p>\n\n\n\n<p>Por otro lado, el Papa Francisco llama a dar ejemplo \u201cen el frente de la reducci\u00f3n de costes\u201d, procurando evitar \u201clo superfluo\u201d y seleccionando bien las prioridades, \u201cfavoreciendo la colaboraci\u00f3n mutua y las sinergias\u201d.\u00a0<\/p>\n\n\n\n<p>\u201cDebemos ser conscientes de que hoy nos enfrentamos a decisiones estrat\u00e9gicas que debemos tomar con gran responsabilidad, porque estamos llamados a garantizar el futuro de la Misi\u00f3n\u201d, advierte el Pont\u00edfice.&nbsp;<\/p>\n\n\n\n<h2 class=\"wp-block-heading\"><strong>Aprender de la solidaridad familiar<\/strong><\/h2>\n\n\n\n<p>Para alcanzar el objetivo de gestionar mejor los recursos, el Papa Francisco se\u00f1ala que \u201clas Instituciones de la Santa Sede tienen mucho que aprender de la solidaridad de las buenas familias\u201d que se ayudan entre ellas. As\u00ed, \u201clas Instituciones con super\u00e1vit deber\u00edan ayudar a cubrir el d\u00e9ficit general. Esto significa preocuparse por el bien de nuestra comunidad, actuando con generosidad, en el sentido evang\u00e9lico del t\u00e9rmino, como requisito previo para pedir generosidad tambi\u00e9n desde fuera\u201d.<\/p>\n\n\n\n<p>Por \u00faltimo, el papa pide a los cardenales que acojan \u201ceste mensaje con valent\u00eda y esp\u00edritu de servicio\u201d y reclama el apoyo a estas reformas \u201ccon convicci\u00f3n, lealtad y generosidad, contribuyendo proactivamente con vuestros conocimientos y experiencia\u201d.<\/p>\n\n\n\n<p>\u201cCada una de las instituciones de la Santa Sede forma con todas las dem\u00e1s un \u00fanico cuerpo: por tanto, la aut\u00e9ntica colaboraci\u00f3n y cooperaci\u00f3n hacia el \u00fanico objetivo, el bien de la Iglesia, es una exigencia esencial de nuestro servicio\u201d, concluye el Pont\u00edfice.<\/p>\n\n\n\n<p>Fuente: <a href=\"https:\/\/www.aciprensa.com\/noticias\/106917\/el-papa-francisco-pide-a-los-cardenales-trabajar-para-alcanzar-el-deficit-cero\">https:\/\/www.aciprensa.com\/noticias\/106917\/el-papa-francisco-pide-a-los-cardenales-trabajar-para-alcanzar-el-deficit-cero<\/a><\/p>\n","protected":false},"excerpt":{"rendered":"<p>Nicol\u00e1s de C\u00e1rdenas \/ ACI Prensa El Papa Francisco ha llamado a los cardenales a trabajar para alcanzar el objetivo [&hellip;]<\/p>\n","protected":false},"author":1,"featured_media":85746,"comment_status":"open","ping_status":"open","sticky":false,"template":"","format":"standard","meta":{"site-sidebar-layout":"default","site-content-layout":"","ast-site-content-layout":"default","site-content-style":"default","site-sidebar-style":"default","ast-global-header-display":"","ast-banner-title-visibility":"","ast-main-header-display":"","ast-hfb-above-header-display":"","ast-hfb-below-header-display":"","ast-hfb-mobile-header-display":"","site-post-title":"","ast-breadcrumbs-content":"","ast-featured-img":"","footer-sml-layout":"","theme-transparent-header-meta":"","adv-header-id-meta":"","stick-header-meta":"","header-above-stick-meta":"","header-main-stick-meta":"","header-below-stick-meta":"","astra-migrate-meta-layouts":"default","ast-page-background-enabled":"default","ast-page-background-meta":{"desktop":{"background-color":"var(--ast-global-color-4)","background-image":"","background-repeat":"repeat","background-position":"center center","background-size":"auto","background-attachment":"scroll","background-type":"","background-media":"","overlay-type":"","overlay-color":"","overlay-opacity":"","overlay-gradient":""},"tablet":{"background-color":"","background-image":"","background-repeat":"repeat","background-position":"center center","background-size":"auto","background-attachment":"scroll","background-type":"","background-media":"","overlay-type":"","overlay-color":"","overlay-opacity":"","overlay-gradient":""},"mobile":{"background-color":"","background-image":"","background-repeat":"repeat","background-position":"center center","background-size":"auto","background-attachment":"scroll","background-type":"","background-media":"","overlay-type":"","overlay-color":"","overlay-opacity":"","overlay-gradient":""}},"ast-content-background-meta":{"desktop":{"background-color":"var(--ast-global-color-5)","background-image":"","background-repeat":"repeat","background-position":"center center","background-size":"auto","background-attachment":"scroll","background-type":"","background-media":"","overlay-type":"","overlay-color":"","overlay-opacity":"","overlay-gradient":""},"tablet":{"background-color":"var(--ast-global-color-5)","background-image":"","background-repeat":"repeat","background-position":"center center","background-size":"auto","background-attachment":"scroll","background-type":"","background-media":"","overlay-type":"","overlay-color":"","overlay-opacity":"","overlay-gradient":""},"mobile":{"background-color":"var(--ast-global-color-5)","background-image":"","background-repeat":"repeat","background-position":"center center","background-size":"auto","background-attachment":"scroll","background-type":"","background-media":"","overlay-type":"","overlay-color":"","overlay-opacity":"","overlay-gradient":""}},"footnotes":""},"categories":[8],"tags":[30419,30418,196],"class_list":["post-85745","post","type-post","status-publish","format-standard","has-post-thumbnail","hentry","category-noticias","tag-ecclesia-semper-reformanda","tag-economia-vaticano","tag-papa-francisco"],"_links":{"self":[{"href":"https:\/\/losperiodistas.com.mx\/portal\/wp-json\/wp\/v2\/posts\/85745","targetHints":{"allow":["GET"]}}],"collection":[{"href":"https:\/\/losperiodistas.com.mx\/portal\/wp-json\/wp\/v2\/posts"}],"about":[{"href":"https:\/\/losperiodistas.com.mx\/portal\/wp-json\/wp\/v2\/types\/post"}],"author":[{"embeddable":true,"href":"https:\/\/losperiodistas.com.mx\/portal\/wp-json\/wp\/v2\/users\/1"}],"replies":[{"embeddable":true,"href":"https:\/\/losperiodistas.com.mx\/portal\/wp-json\/wp\/v2\/comments?post=85745"}],"version-history":[{"count":1,"href":"https:\/\/losperiodistas.com.mx\/portal\/wp-json\/wp\/v2\/posts\/85745\/revisions"}],"predecessor-version":[{"id":85747,"href":"https:\/\/losperiodistas.com.mx\/portal\/wp-json\/wp\/v2\/posts\/85745\/revisions\/85747"}],"wp:featuredmedia":[{"embeddable":true,"href":"https:\/\/losperiodistas.com.mx\/portal\/wp-json\/wp\/v2\/media\/85746"}],"wp:attachment":[{"href":"https:\/\/losperiodistas.com.mx\/portal\/wp-json\/wp\/v2\/media?parent=85745"}],"wp:term":[{"taxonomy":"category","embeddable":true,"href":"https:\/\/losperiodistas.com.mx\/portal\/wp-json\/wp\/v2\/categories?post=85745"},{"taxonomy":"post_tag","embeddable":true,"href":"https:\/\/losperiodistas.com.mx\/portal\/wp-json\/wp\/v2\/tags?post=85745"}],"curies":[{"name":"wp","href":"https:\/\/api.w.org\/{rel}","templated":true}]}}