{"id":85742,"date":"2024-09-20T09:00:08","date_gmt":"2024-09-20T14:00:08","guid":{"rendered":"https:\/\/losperiodistas.com.mx\/portal\/?p=85742"},"modified":"2024-09-20T09:00:10","modified_gmt":"2024-09-20T14:00:10","slug":"opinion-genaro-garcia-luna-perdio-todo","status":"publish","type":"post","link":"https:\/\/losperiodistas.com.mx\/portal\/opinion-genaro-garcia-luna-perdio-todo\/","title":{"rendered":"Opini\u00f3n | Genaro Garc\u00eda Luna perdi\u00f3 todo"},"content":{"rendered":"\n<figure class=\"wp-block-image size-large\"><img fetchpriority=\"high\" decoding=\"async\" width=\"1024\" height=\"576\" src=\"https:\/\/losperiodistas.com.mx\/portal\/wp-content\/uploads\/2024\/09\/Genaro-Garcia-Luna-perdio-todo-1024x576.webp\" alt=\"\" class=\"wp-image-85743\" srcset=\"https:\/\/losperiodistas.com.mx\/portal\/wp-content\/uploads\/2024\/09\/Genaro-Garcia-Luna-perdio-todo-1024x576.webp 1024w, https:\/\/losperiodistas.com.mx\/portal\/wp-content\/uploads\/2024\/09\/Genaro-Garcia-Luna-perdio-todo-300x169.webp 300w, https:\/\/losperiodistas.com.mx\/portal\/wp-content\/uploads\/2024\/09\/Genaro-Garcia-Luna-perdio-todo-768x432.webp 768w, https:\/\/losperiodistas.com.mx\/portal\/wp-content\/uploads\/2024\/09\/Genaro-Garcia-Luna-perdio-todo.webp 1200w\" sizes=\"(max-width: 1024px) 100vw, 1024px\" \/><\/figure>\n\n\n\n<p><\/p>\n\n\n\n<p class=\"has-vivid-red-color has-text-color has-link-color wp-elements-25a5bbaea526825844669e12dcd7e005\" style=\"font-size:26px\"><strong><em>Por Itandehui Rodr\u00edguez \/ Mon\u00f3logos de M\u00e9nade<\/em><\/strong><\/p>\n\n\n\n<p><a href=\"http:\/\/@Itandehui_RoMa\">@Itandehui_RoMa<\/a><\/p>\n\n\n\n<p>El problema cuando alguien pierde todo, como Genaro Garc\u00eda Luna es que pierde hasta el miedo y \u00e9l ya perdi\u00f3 todo.<\/p>\n\n\n\n<p><a href=\"https:\/\/www.apartadomex.com\/nacional\/cadena-perpetua-para-garcia-luna-fiscalia-de-eu-la-solicita\/61346\/\">La sentencia que solicita el Departamento de Justicia para \u00e9l, es brutal\u2026 \u00a1Cadena perpetua!<\/a><\/p>\n\n\n\n<p>O \u00bfen verdad creen que fue coincidencia que publicara la carta en la que vincula a L\u00f3pez Obrador con el crimen organizado hace un par de d\u00edas?<\/p>\n\n\n\n<p>Esa carta fue la antesala de una serie de dichos \u2014no pruebas\u2014 que seguramente saldr\u00e1n a la luz en el juicio de apelaci\u00f3n que vendr\u00e1 despu\u00e9s de que el juez Brian Cogan de la Corte Federal del Distrito Este en Brooklyn, Nueva York, dicte sentencia el 9 de octubre.<\/p>\n\n\n\n<p>Lo que viene de aqu\u00ed en adelante es que Garc\u00eda Luna \u2014sabiendo que ya no hay esperanza de salir\u2014 atravise por las etapas del duelo y, despu\u00e9s de eso, se decida a negociar para poder evitar terminar sus d\u00edas en la c\u00e1rcel.<\/p>\n\n\n\n<p>Esa negociaci\u00f3n podr\u00eda darse en el juicio de apelaci\u00f3n.<\/p>\n\n\n\n<p>\u00bfC\u00f3mo logras cambiar una sentencia? Ofreciendo algo a cambio.<\/p>\n\n\n\n<p>Ovidio Guzm\u00e1n lo logr\u00f3.<\/p>\n\n\n\n<p>\u00bfQu\u00e9 mejor que ofrecer la cabeza de un presidente?<\/p>\n\n\n\n<p>Justamente la cabeza de ese presidente que promovi\u00f3 una Reforma Judicial que atenta contra los intereses econ\u00f3micos de Estados Unidos.<\/p>\n\n\n\n<p>Esto parece una jugada de tres bandas, \u00bfo no?<\/p>\n\n\n\n<p>Luego del 9 de octubre podremos decir que Genaro Garc\u00eda Luna perdi\u00f3 todo, inclu\u00eddos 5 millones de d\u00f3lares.<\/p>\n\n\n\n<p>Pero eso no es todo, falta otro criminal al que est\u00e1n juzgando tambi\u00e9n en Nueva York.<\/p>\n\n\n\n<p>Un tal Ismael \u2018El Mayo\u2019 Zambada.<\/p>\n\n\n\n<p>\u00c9l est\u00e1 en las mismas circunstancias y va a hablar para conseguir un trato.<\/p>\n\n\n\n<p>\u2018El Mayo\u2019 est\u00e1 enfermo, est\u00e1 viejo y, dicen los que dicen que saben, quiere vivir en paz lo que le queda de vida.<\/p>\n\n\n\n<p>\u00c9l tambi\u00e9n est\u00e1 listo para hablar.<\/p>\n\n\n\n<p>\u00bfQu\u00e9 va a decir?<\/p>\n\n\n\n<p>\u00bfA qui\u00e9n se va a llevar entre \u2018las patas\u2019?<\/p>\n\n\n\n<p>\u00bfVa a confirmar la reuni\u00f3n que supuestamente se llev\u00f3 a cabo entre \u00e9l y un enviado de L\u00f3pez Obrador antes de su victoria de 2018?<\/p>\n\n\n\n<p>\u00bfCuenta con pruebas que corroborar\u00e1n lo dicho por una larga cantidad de informantes que negociaron con las autoridades norteamericanas?<\/p>\n\n\n\n<p>La olla llamada M\u00e9xico no tiene una sola cuchara, tiene dos, una es Genaro Garc\u00eda Luna y la otra es Ismael \u2018El Mayo\u2019 Zambada y ahora, Estados Unidos tiene las piezas completas del rompecabezas.<\/p>\n\n\n\n<p>Genaro Garc\u00eda Luna perdi\u00f3 su poder, buen nombre, prestigio, dinero, libertad y hasta el miedo\u2026 \u00a1Ag\u00e1rrense porque el tsunami ya viene!<\/p>\n","protected":false},"excerpt":{"rendered":"<p>Por Itandehui Rodr\u00edguez \/ Mon\u00f3logos de M\u00e9nade @Itandehui_RoMa El problema cuando alguien pierde todo, como Genaro Garc\u00eda Luna es que [&hellip;]<\/p>\n","protected":false},"author":1,"featured_media":85743,"comment_status":"open","ping_status":"open","sticky":false,"template":"","format":"standard","meta":{"site-sidebar-layout":"default","site-content-layout":"","ast-site-content-layout":"default","site-content-style":"default","site-sidebar-style":"default","ast-global-header-display":"","ast-banner-title-visibility":"","ast-main-header-display":"","ast-hfb-above-header-display":"","ast-hfb-below-header-display":"","ast-hfb-mobile-header-display":"","site-post-title":"","ast-breadcrumbs-content":"","ast-featured-img":"","footer-sml-layout":"","theme-transparent-header-meta":"","adv-header-id-meta":"","stick-header-meta":"","header-above-stick-meta":"","header-main-stick-meta":"","header-below-stick-meta":"","astra-migrate-meta-layouts":"default","ast-page-background-enabled":"default","ast-page-background-meta":{"desktop":{"background-color":"var(--ast-global-color-4)","background-image":"","background-repeat":"repeat","background-position":"center center","background-size":"auto","background-attachment":"scroll","background-type":"","background-media":"","overlay-type":"","overlay-color":"","overlay-opacity":"","overlay-gradient":""},"tablet":{"background-color":"","background-image":"","background-repeat":"repeat","background-position":"center center","background-size":"auto","background-attachment":"scroll","background-type":"","background-media":"","overlay-type":"","overlay-color":"","overlay-opacity":"","overlay-gradient":""},"mobile":{"background-color":"","background-image":"","background-repeat":"repeat","background-position":"center center","background-size":"auto","background-attachment":"scroll","background-type":"","background-media":"","overlay-type":"","overlay-color":"","overlay-opacity":"","overlay-gradient":""}},"ast-content-background-meta":{"desktop":{"background-color":"var(--ast-global-color-5)","background-image":"","background-repeat":"repeat","background-position":"center center","background-size":"auto","background-attachment":"scroll","background-type":"","background-media":"","overlay-type":"","overlay-color":"","overlay-opacity":"","overlay-gradient":""},"tablet":{"background-color":"var(--ast-global-color-5)","background-image":"","background-repeat":"repeat","background-position":"center center","background-size":"auto","background-attachment":"scroll","background-type":"","background-media":"","overlay-type":"","overlay-color":"","overlay-opacity":"","overlay-gradient":""},"mobile":{"background-color":"var(--ast-global-color-5)","background-image":"","background-repeat":"repeat","background-position":"center center","background-size":"auto","background-attachment":"scroll","background-type":"","background-media":"","overlay-type":"","overlay-color":"","overlay-opacity":"","overlay-gradient":""}},"footnotes":""},"categories":[8,22],"tags":[30417,107],"class_list":["post-85742","post","type-post","status-publish","format-standard","has-post-thumbnail","hentry","category-noticias","category-opinion-invitada","tag-denuncias-de-garcia-luna","tag-genaro-garcia-luna"],"_links":{"self":[{"href":"https:\/\/losperiodistas.com.mx\/portal\/wp-json\/wp\/v2\/posts\/85742","targetHints":{"allow":["GET"]}}],"collection":[{"href":"https:\/\/losperiodistas.com.mx\/portal\/wp-json\/wp\/v2\/posts"}],"about":[{"href":"https:\/\/losperiodistas.com.mx\/portal\/wp-json\/wp\/v2\/types\/post"}],"author":[{"embeddable":true,"href":"https:\/\/losperiodistas.com.mx\/portal\/wp-json\/wp\/v2\/users\/1"}],"replies":[{"embeddable":true,"href":"https:\/\/losperiodistas.com.mx\/portal\/wp-json\/wp\/v2\/comments?post=85742"}],"version-history":[{"count":1,"href":"https:\/\/losperiodistas.com.mx\/portal\/wp-json\/wp\/v2\/posts\/85742\/revisions"}],"predecessor-version":[{"id":85744,"href":"https:\/\/losperiodistas.com.mx\/portal\/wp-json\/wp\/v2\/posts\/85742\/revisions\/85744"}],"wp:featuredmedia":[{"embeddable":true,"href":"https:\/\/losperiodistas.com.mx\/portal\/wp-json\/wp\/v2\/media\/85743"}],"wp:attachment":[{"href":"https:\/\/losperiodistas.com.mx\/portal\/wp-json\/wp\/v2\/media?parent=85742"}],"wp:term":[{"taxonomy":"category","embeddable":true,"href":"https:\/\/losperiodistas.com.mx\/portal\/wp-json\/wp\/v2\/categories?post=85742"},{"taxonomy":"post_tag","embeddable":true,"href":"https:\/\/losperiodistas.com.mx\/portal\/wp-json\/wp\/v2\/tags?post=85742"}],"curies":[{"name":"wp","href":"https:\/\/api.w.org\/{rel}","templated":true}]}}