{"id":85735,"date":"2024-09-20T07:33:33","date_gmt":"2024-09-20T12:33:33","guid":{"rendered":"https:\/\/losperiodistas.com.mx\/portal\/?p=85735"},"modified":"2024-09-20T07:33:35","modified_gmt":"2024-09-20T12:33:35","slug":"el-parlamento-europeo-reconoce-a-edmundo-gonzalez-como-presidente-legitimo-de-venezuela-rtve","status":"publish","type":"post","link":"https:\/\/losperiodistas.com.mx\/portal\/el-parlamento-europeo-reconoce-a-edmundo-gonzalez-como-presidente-legitimo-de-venezuela-rtve\/","title":{"rendered":"El Parlamento Europeo reconoce a Edmundo Gonz\u00e1lez como presidente leg\u00edtimo de Venezuela | Rtve"},"content":{"rendered":"\n<ul class=\"wp-block-list\">\n<li>La resoluci\u00f3n ha salido adelante con los votos a favor del Partido Popular Europeo, los ultraconservadores y la extrema derecha<\/li>\n\n\n\n<li class=\"has-medium-font-size\">La Asamblea Nacional de Venezuela, controlada por el chavismo, ha repudiado la decisi\u00f3n de la Euroc\u00e1mara<\/li>\n<\/ul>\n\n\n\n<figure class=\"wp-block-image size-large\"><img fetchpriority=\"high\" decoding=\"async\" width=\"1024\" height=\"576\" src=\"https:\/\/losperiodistas.com.mx\/portal\/wp-content\/uploads\/2024\/09\/descarga-3-1024x576.jpeg\" alt=\"\" class=\"wp-image-85736\" srcset=\"https:\/\/losperiodistas.com.mx\/portal\/wp-content\/uploads\/2024\/09\/descarga-3-1024x576.jpeg 1024w, https:\/\/losperiodistas.com.mx\/portal\/wp-content\/uploads\/2024\/09\/descarga-3-300x169.jpeg 300w, https:\/\/losperiodistas.com.mx\/portal\/wp-content\/uploads\/2024\/09\/descarga-3-768x432.jpeg 768w, https:\/\/losperiodistas.com.mx\/portal\/wp-content\/uploads\/2024\/09\/descarga-3-1536x864.jpeg 1536w, https:\/\/losperiodistas.com.mx\/portal\/wp-content\/uploads\/2024\/09\/descarga-3.jpeg 1600w\" sizes=\"(max-width: 1024px) 100vw, 1024px\" \/><figcaption class=\"wp-element-caption\">Imagen de archivo del candidato presidencial de la oposici\u00f3n venezolana Edmundo Gonz\u00e1lez saludando a sus simpatizantes en Caracas.\u00a0<em>Ariana Cubillos \/ AP<\/em><\/figcaption><\/figure>\n\n\n\n<p class=\"has-vivid-red-color has-text-color has-link-color has-medium-font-size wp-elements-5cfeb9d77ff633d7967ddac1b9ab418b\">AGENCIAS \/ Rtve<\/p>\n\n\n\n<p>El&nbsp;<strong>Parlamento Europeo ha reconocido este jueves al candidato&nbsp;opositor Edmundo Gonz\u00e1lez como \u00abpresidente leg\u00edtimo\u00bb de Venezuela&nbsp;<\/strong>con&nbsp;el voto en contra de los socialdem\u00f3cratas, grupo del PSOE, y la no&nbsp;participaci\u00f3n de los liberales despu\u00e9s de que haya salido adelante la&nbsp;propuesta del Partido Popular Europeo pactada con dos grupos de&nbsp;ultraderecha.&nbsp;<\/p>\n\n\n\n<p>La resoluci\u00f3n, no vinculante, conjunta de los &#8216;populares&#8217;, el grupo de&nbsp;Conservadores y Reformistas que lidera la primera ministra italiana,&nbsp;Giorgia Meloni, y Patriotas, el grupo del primer ministro h\u00fangaro,&nbsp;Viktor Orb\u00e1n, y la l\u00edder de Agrupaci\u00f3n Nacional, Marine Le Pen, en el&nbsp;que se encuadra Vox, ha sido&nbsp;<strong>aprobada con 309 votos a favor, 201 en&nbsp;contra y 12 abstenciones<\/strong>.&nbsp;&nbsp;<\/p>\n\n\n\n<p><img decoding=\"async\" src=\"https:\/\/img2.rtve.es\/v\/16254227?w=1600&amp;preview=01726701765429.jpg\" alt=\"Edmundo Gonz\u00e1lez dice que &quot;firm\u00f3 bajo coacci\u00f3n&quot; un reconocimiento de la victoria de Maduro\"><a href=\"https:\/\/www.rtve.es\/play\/videos\/telediario-2\/edmundo-gonzalez-dice-firmo-bajo-coaccion-reconocimiento-victoria-maduro\/16254227\/\">02.06 min<\/a><\/p>\n\n\n\n<p>Edmundo Gonz\u00e1lez dice que \u00abfirm\u00f3 bajo coacci\u00f3n\u00bb un reconocimiento de la victoria de Maduro<\/p>\n\n\n\n<p>La&nbsp;<strong>iniciativa ha recabado el apoyo de la derecha y la extrema&nbsp;derecha, incluyendo a Vox y Se Acab\u00f3 la Fiesta<\/strong>, mientras que&nbsp;socialdem\u00f3cratas, verdes e izquierda la han rechazado, con el boicot&nbsp;de los liberales a la votaci\u00f3n. De esta forma, los representantes de&nbsp;PSOE, Sumar, Podemos, ERC, BNG y Bildu, han votado en contra en una&nbsp;votaci\u00f3n en la que han participado 522 eurodiputados de los 720 de la&nbsp;Euroc\u00e1mara.&nbsp;<\/p>\n\n\n\n<p><a href=\"https:\/\/www.rtve.es\/noticias\/20240918\/senado-insta-reconocer-edmundo-gonzalez-presidente-venezuela\/16253335.shtml\"><\/a><\/p>\n\n\n\n<figure class=\"wp-block-image\"><a href=\"https:\/\/www.rtve.es\/noticias\/20240918\/senado-insta-reconocer-edmundo-gonzalez-presidente-venezuela\/16253335.shtml\"><img decoding=\"async\" src=\"https:\/\/img.rtve.es\/n\/senado-insta-reconocer-edmundo-gonzalez-presidente-venezuela_16253335.jpg\" alt=\"El Senado aprueba instar al Gobierno a que reconozca a Edmundo Gonz\u00e1lez como presidente electo de Venezuela\"\/><\/a><\/figure>\n\n\n\n<p><a href=\"https:\/\/www.rtve.es\/noticias\/20240918\/senado-insta-reconocer-edmundo-gonzalez-presidente-venezuela\/16253335.shtml\"><\/a><a href=\"https:\/\/www.rtve.es\/noticias\/20240918\/senado-insta-reconocer-edmundo-gonzalez-presidente-venezuela\/16253335.shtml\"><strong>El Senado aprueba instar al Gobierno a que reconozca a Edmundo Gonz\u00e1lez como presidente electo de Venezuela<\/strong><\/a><\/p>\n\n\n\n<p><strong>Este paso sit\u00faa a la Euroc\u00e1mara en la vanguardia del&nbsp;reconocimiento de Gonz\u00e1lez como \u00abpresidente leg\u00edtimo&nbsp;<\/strong>y&nbsp;democr\u00e1ticamente elegido de Venezuela\u00bb y a Mar\u00eda Corina Machado \u00abcomo&nbsp;l\u00edder de las fuerzas democr\u00e1ticas en Venezuela\u00bb.&nbsp;<\/p>\n\n\n\n<p>Pide igualmente a los&nbsp;<strong>actores regionales a que ejerzan \u00abtoda la&nbsp;presi\u00f3n posible\u00bb sobre el r\u00e9gimen de Nicol\u00e1s Maduro&nbsp;<\/strong>para que acepten&nbsp;la voluntad democr\u00e1tica del pueblo venezolano y advierte de un&nbsp;posible \u00abnuevo \u00e9xodo migratorio\u00bb si no se produce un traspaso&nbsp;pac\u00edfico del poder y el restablecimiento de la democracia.&nbsp;&nbsp;<\/p>\n\n\n\n<h2 class=\"wp-block-heading\">El Parlamento venezolano repudia el reconocimiento<\/h2>\n\n\n\n<p>La&nbsp;<strong>Asamblea Nacional de Venezuela, controlada por el chavismo, ha repudiado la decisi\u00f3n de la Euroc\u00e1mara&nbsp;<\/strong>de reconocer al abanderado de la mayor coalici\u00f3n opositora, Edmundo Gonz\u00e1lez Urrutia, como presidente electo en las elecciones del 28 de julio, cuyo resultado oficial dio la victoria al mandatario Nicol\u00e1s Maduro.<\/p>\n\n\n\n<p>Durante una sesi\u00f3n, transmitida por el canal estatal VTV, ha criticado \u00abla \u00edrrita e ileg\u00edtima pr\u00e1ctica del Parlamento Europeo de reconocer Gobiernos ficticios e ilusorios\u00bb y<strong>&nbsp;ha exhortado a que se respete \u00abla decisi\u00f3n del pueblo venezolano\u00bb&nbsp;<\/strong>que \u00abeligi\u00f3\u00bb a Maduro, un resultado que ha sido cuestionado dentro y fuera del pa\u00eds.<\/p>\n\n\n\n<p>Asimismo,&nbsp;<strong>ha instado a \u00ablos europarlamentarios fascistas\u00bb a que abandonen \u00abla fracasada estrategia neocolonialista\u00bb&nbsp;<\/strong>de \u00abcambio de r\u00e9gimen\u00bb en Venezuela, y pidi\u00f3 que se concentren en \u00ablas graves violaciones de derechos humanos que ocurren dentro de sus fronteras\u00bb.<\/p>\n\n\n\n<p>Fuente: <a href=\"https:\/\/www.rtve.es\/noticias\/20240919\/eurocamara-reconoce-edmundo-gonzalez-presidente-legitimo-venezuela\/16254763.shtml\">https:\/\/www.rtve.es\/noticias\/20240919\/eurocamara-reconoce-edmundo-gonzalez-presidente-legitimo-venezuela\/16254763.shtml<\/a><\/p>\n","protected":false},"excerpt":{"rendered":"<p>AGENCIAS \/ Rtve El&nbsp;Parlamento Europeo ha reconocido este jueves al candidato&nbsp;opositor Edmundo Gonz\u00e1lez como \u00abpresidente leg\u00edtimo\u00bb de Venezuela&nbsp;con&nbsp;el voto en [&hellip;]<\/p>\n","protected":false},"author":1,"featured_media":85736,"comment_status":"open","ping_status":"open","sticky":false,"template":"","format":"standard","meta":{"site-sidebar-layout":"default","site-content-layout":"","ast-site-content-layout":"default","site-content-style":"default","site-sidebar-style":"default","ast-global-header-display":"","ast-banner-title-visibility":"","ast-main-header-display":"","ast-hfb-above-header-display":"","ast-hfb-below-header-display":"","ast-hfb-mobile-header-display":"","site-post-title":"","ast-breadcrumbs-content":"","ast-featured-img":"","footer-sml-layout":"","theme-transparent-header-meta":"","adv-header-id-meta":"","stick-header-meta":"","header-above-stick-meta":"","header-main-stick-meta":"","header-below-stick-meta":"","astra-migrate-meta-layouts":"default","ast-page-background-enabled":"default","ast-page-background-meta":{"desktop":{"background-color":"var(--ast-global-color-4)","background-image":"","background-repeat":"repeat","background-position":"center center","background-size":"auto","background-attachment":"scroll","background-type":"","background-media":"","overlay-type":"","overlay-color":"","overlay-opacity":"","overlay-gradient":""},"tablet":{"background-color":"","background-image":"","background-repeat":"repeat","background-position":"center center","background-size":"auto","background-attachment":"scroll","background-type":"","background-media":"","overlay-type":"","overlay-color":"","overlay-opacity":"","overlay-gradient":""},"mobile":{"background-color":"","background-image":"","background-repeat":"repeat","background-position":"center center","background-size":"auto","background-attachment":"scroll","background-type":"","background-media":"","overlay-type":"","overlay-color":"","overlay-opacity":"","overlay-gradient":""}},"ast-content-background-meta":{"desktop":{"background-color":"var(--ast-global-color-5)","background-image":"","background-repeat":"repeat","background-position":"center center","background-size":"auto","background-attachment":"scroll","background-type":"","background-media":"","overlay-type":"","overlay-color":"","overlay-opacity":"","overlay-gradient":""},"tablet":{"background-color":"var(--ast-global-color-5)","background-image":"","background-repeat":"repeat","background-position":"center center","background-size":"auto","background-attachment":"scroll","background-type":"","background-media":"","overlay-type":"","overlay-color":"","overlay-opacity":"","overlay-gradient":""},"mobile":{"background-color":"var(--ast-global-color-5)","background-image":"","background-repeat":"repeat","background-position":"center center","background-size":"auto","background-attachment":"scroll","background-type":"","background-media":"","overlay-type":"","overlay-color":"","overlay-opacity":"","overlay-gradient":""}},"footnotes":""},"categories":[8],"tags":[27948,8288,30414],"class_list":["post-85735","post","type-post","status-publish","format-standard","has-post-thumbnail","hentry","category-noticias","tag-edmundo-gonzalez-urrutia","tag-parlamento-europeo","tag-presidente-legitimo-de-venezuela"],"_links":{"self":[{"href":"https:\/\/losperiodistas.com.mx\/portal\/wp-json\/wp\/v2\/posts\/85735","targetHints":{"allow":["GET"]}}],"collection":[{"href":"https:\/\/losperiodistas.com.mx\/portal\/wp-json\/wp\/v2\/posts"}],"about":[{"href":"https:\/\/losperiodistas.com.mx\/portal\/wp-json\/wp\/v2\/types\/post"}],"author":[{"embeddable":true,"href":"https:\/\/losperiodistas.com.mx\/portal\/wp-json\/wp\/v2\/users\/1"}],"replies":[{"embeddable":true,"href":"https:\/\/losperiodistas.com.mx\/portal\/wp-json\/wp\/v2\/comments?post=85735"}],"version-history":[{"count":1,"href":"https:\/\/losperiodistas.com.mx\/portal\/wp-json\/wp\/v2\/posts\/85735\/revisions"}],"predecessor-version":[{"id":85737,"href":"https:\/\/losperiodistas.com.mx\/portal\/wp-json\/wp\/v2\/posts\/85735\/revisions\/85737"}],"wp:featuredmedia":[{"embeddable":true,"href":"https:\/\/losperiodistas.com.mx\/portal\/wp-json\/wp\/v2\/media\/85736"}],"wp:attachment":[{"href":"https:\/\/losperiodistas.com.mx\/portal\/wp-json\/wp\/v2\/media?parent=85735"}],"wp:term":[{"taxonomy":"category","embeddable":true,"href":"https:\/\/losperiodistas.com.mx\/portal\/wp-json\/wp\/v2\/categories?post=85735"},{"taxonomy":"post_tag","embeddable":true,"href":"https:\/\/losperiodistas.com.mx\/portal\/wp-json\/wp\/v2\/tags?post=85735"}],"curies":[{"name":"wp","href":"https:\/\/api.w.org\/{rel}","templated":true}]}}