{"id":85732,"date":"2024-09-20T07:10:10","date_gmt":"2024-09-20T12:10:10","guid":{"rendered":"https:\/\/losperiodistas.com.mx\/portal\/?p=85732"},"modified":"2024-09-20T07:10:12","modified_gmt":"2024-09-20T12:10:12","slug":"la-iglesia-catolica-lanza-programa-educativo-para-migrantes-al-sur-de-mexico-aci","status":"publish","type":"post","link":"https:\/\/losperiodistas.com.mx\/portal\/la-iglesia-catolica-lanza-programa-educativo-para-migrantes-al-sur-de-mexico-aci\/","title":{"rendered":"La Iglesia Cat\u00f3lica lanza programa educativo para migrantes al sur de M\u00e9xico | ACI"},"content":{"rendered":"\n<figure class=\"wp-block-image size-full\"><img fetchpriority=\"high\" decoding=\"async\" width=\"672\" height=\"448\" src=\"https:\/\/losperiodistas.com.mx\/portal\/wp-content\/uploads\/2024\/09\/ninos-migra19724-1.jpeg\" alt=\"\" class=\"wp-image-85733\" srcset=\"https:\/\/losperiodistas.com.mx\/portal\/wp-content\/uploads\/2024\/09\/ninos-migra19724-1.jpeg 672w, https:\/\/losperiodistas.com.mx\/portal\/wp-content\/uploads\/2024\/09\/ninos-migra19724-1-300x200.jpeg 300w\" sizes=\"(max-width: 672px) 100vw, 672px\" \/><figcaption class=\"wp-element-caption\">Imagen referencial de ni\u00f1os migrates. | Cr\u00e9dito: Annazuc \/ Pixabay<\/figcaption><\/figure>\n\n\n\n<p class=\"has-vivid-red-color has-text-color has-link-color has-medium-font-size wp-elements-e9c2388a79735d8903a364bddb36df64\"><strong>Diego L\u00f3pez Col\u00edn \/ ACI Prensa<\/strong><\/p>\n\n\n\n<p>La Di\u00f3cesis de San Crist\u00f3bal de las Casas, en el estado mexicano de Chiapas, cerca de la frontera con Guatemala, ha lanzado un nuevo proyecto educativo destinado a menores migrantes y desplazados que residen en albergues gestionados por la Iglesia Cat\u00f3lica.<\/p>\n\n\n\n<p>La Hna. Gloria Estela Mur\u00faa Valencia, coordinadora diocesana de Pastoral Social y Movilidad Humana de la Di\u00f3cesis de San Crist\u00f3bal de las Casas, explic\u00f3 que a partir del acompa\u00f1amiento brindado a los migrantes se dieron cuenta de la \u201cimportancia de tender a la educaci\u00f3n formal para las personas en movilidad\u201d.<\/p>\n\n\n\n<p>En entrevista con ACI Prensa, la religiosa explic\u00f3 que para hacer frente a este desaf\u00edo surgi\u00f3 el Programa de Educaci\u00f3n Migrante en el Estado de Chiapas (PEMCH). Este proyecto naci\u00f3 a partir de un convenio firmado el pasado 2 de mayo, con el objetivo de implementar educaci\u00f3n formal en el Servicio Pastoral a Migrantes San Mart\u00edn de Porres (SEPAMI), una casa de acogida operada por la di\u00f3cesis.<\/p>\n\n\n\n<p>La Hna. Mur\u00faa Valencia indic\u00f3 que el PEMCH proporciona un profesional en educaci\u00f3n para atender y dar seguimiento escolar a ni\u00f1os y adolescentes migrantes, basado en el plan de estudios de la Secretar\u00eda de Educaci\u00f3n P\u00fablica (SEP). Emite constancias y calificaciones v\u00e1lidas en todo M\u00e9xico sin importar el estatus migratorio.<\/p>\n\n\n\n<p>Adem\u00e1s de la educaci\u00f3n, se ofrece atenci\u00f3n psicoterap\u00e9utica y actividades extracurriculares, como clases de canto.<\/p>\n\n\n\n<figure class=\"wp-block-image\"><img decoding=\"async\" src=\"https:\/\/www.aciprensa.com\/imagespp\/ninos-migra19724-3.png?w=600\" alt=\"Ni\u00f1os graduados del programa para migrantes. Cr\u00e9dito: Hna. Gloria Estela Mur\u00faa Valencia\"\/><figcaption class=\"wp-element-caption\">Ni\u00f1os graduados del programa para migrantes. Cr\u00e9dito: Hna. Gloria Estela Mur\u00faa Valencia<\/figcaption><\/figure>\n\n\n\n<h4 class=\"wp-block-heading\"><\/h4>\n\n\n\n<h2 class=\"wp-block-heading\"><strong>Educaci\u00f3n para quienes han perdido todo<\/strong><\/h2>\n\n\n\n<p>La Hna. Mur\u00faa Valencia indic\u00f3 que una de las razones para implementar este programa es que, debido a la \u201csalida abrupta\u201d de sus hogares y pa\u00edses de origen por la violencia, muchos migrantes y refugiados no llevan consigo los documentos \u201cque comprueben los estudios realizados\u201d en su pa\u00eds de destino.<\/p>\n\n\n\n<p>Las diferencias ling\u00fc\u00edsticas, as\u00ed como los contenidos hist\u00f3ricos y culturales entre los pa\u00edses de origen y M\u00e9xico tambi\u00e9n \u201cimplica para ellas y ellos nuevos aprendizajes\u201d.<\/p>\n\n\n\n<p>Por otro lado, indic\u00f3 que los ni\u00f1os desplazados en el mismo estado de Chiapas tambi\u00e9n han sufrido las consecuencias de esta violencia.&nbsp;<\/p>\n\n\n\n<p>La Hna. Mur\u00faa Valencia destac\u00f3 que desde hace dos a\u00f1os \u201cse ha agravado la violencia a causa de grupos armados y de la disputa territorial entre c\u00e1rteles del narcotr\u00e1fico en diversas regiones de Chiapas\u201d, lo que ha llevado a la huida de maestros, al cierre de escuelas, al desalojo de comunidades y al desplazamiento forzado de familias enteras.&nbsp;<\/p>\n\n\n\n<p>Los menores del estado \u201chan enfrentado un alto riesgo al encontrarse las escuelas en medio de enfrentamientos y sin acceso a la educaci\u00f3n durante per\u00edodos prolongados\u201d, lament\u00f3.<\/p>\n\n\n\n<p>La religiosa se\u00f1al\u00f3 que el programa busca dialogar con las autoridades para que se garantice el acceso a los centros educativos cercanos a los barrios y colonias donde se encuentran las familias desplazadas, brindando as\u00ed una oportunidad educativa a quienes se encuentran en situaciones de alto riesgo.<\/p>\n\n\n\n<figure class=\"wp-block-image\"><img decoding=\"async\" src=\"https:\/\/www.aciprensa.com\/imagespp\/ninos-migra19724-2.png?w=600\" alt=\"Ni\u00f1os migrantes jugando en un albergue de la Iglesia Cat\u00f3lica. Cr\u00e9dito: Pastoral de Movilidad Humana Arquidi\u00f3cesis Primada de M\u00e9xico\"\/><figcaption class=\"wp-element-caption\">Ni\u00f1os migrantes jugando en un albergue de la Iglesia Cat\u00f3lica. Cr\u00e9dito: Pastoral de Movilidad Humana Arquidi\u00f3cesis Primada de M\u00e9xico<\/figcaption><\/figure>\n\n\n\n<h2 class=\"wp-block-heading\"><strong>Anhelo de seguir aprendiendo<\/strong><\/h2>\n\n\n\n<p>Los ni\u00f1os y adolescentes \u201cenfrentan un rezago educativo debido al abandono de la escuela para emprender el viaje y las dificultades propias de la migraci\u00f3n que les impide tener acceso a la normalidad de los centros de estudio\u201d, se\u00f1al\u00f3.&nbsp;<\/p>\n\n\n\n<p>A pesar de esta situaci\u00f3n, destac\u00f3 que muchas personas expresan un deseo \u201cde aprender, continuar y terminar su escolaridad\u201d, por lo que suelen aprovechar \u201ccualquier oportunidad durante su estancia en los albergues y casas del migrante para seguir aprendiendo y compartiendo sus saberes con otros ni\u00f1os\u201d.<\/p>\n\n\n\n<p>El 17 de julio, 28 menores migrantes y refugiados de varios pa\u00edses recibieron constancias oficiales, y dos ni\u00f1as completaron su educaci\u00f3n primaria. \u201cEstos logros fueron posibles gracias a la labor de los maestros, voluntarios y el apoyo de las familias\u201d, resalt\u00f3 la religiosa.&nbsp;<\/p>\n\n\n\n<p>Fuente: <a href=\"https:\/\/www.aciprensa.com\/noticias\/106911\/iglesia-catolica-lanza-programa-para-ayudar-a-escolarizar-migrantes\">https:\/\/www.aciprensa.com\/noticias\/106911\/iglesia-catolica-lanza-programa-para-ayudar-a-escolarizar-migrantes<\/a><\/p>\n","protected":false},"excerpt":{"rendered":"<p>Diego L\u00f3pez Col\u00edn \/ ACI Prensa La Di\u00f3cesis de San Crist\u00f3bal de las Casas, en el estado mexicano de Chiapas, [&hellip;]<\/p>\n","protected":false},"author":1,"featured_media":85733,"comment_status":"open","ping_status":"open","sticky":false,"template":"","format":"standard","meta":{"site-sidebar-layout":"default","site-content-layout":"","ast-site-content-layout":"default","site-content-style":"default","site-sidebar-style":"default","ast-global-header-display":"","ast-banner-title-visibility":"","ast-main-header-display":"","ast-hfb-above-header-display":"","ast-hfb-below-header-display":"","ast-hfb-mobile-header-display":"","site-post-title":"","ast-breadcrumbs-content":"","ast-featured-img":"","footer-sml-layout":"","theme-transparent-header-meta":"","adv-header-id-meta":"","stick-header-meta":"","header-above-stick-meta":"","header-main-stick-meta":"","header-below-stick-meta":"","astra-migrate-meta-layouts":"default","ast-page-background-enabled":"default","ast-page-background-meta":{"desktop":{"background-color":"var(--ast-global-color-4)","background-image":"","background-repeat":"repeat","background-position":"center center","background-size":"auto","background-attachment":"scroll","background-type":"","background-media":"","overlay-type":"","overlay-color":"","overlay-opacity":"","overlay-gradient":""},"tablet":{"background-color":"","background-image":"","background-repeat":"repeat","background-position":"center center","background-size":"auto","background-attachment":"scroll","background-type":"","background-media":"","overlay-type":"","overlay-color":"","overlay-opacity":"","overlay-gradient":""},"mobile":{"background-color":"","background-image":"","background-repeat":"repeat","background-position":"center center","background-size":"auto","background-attachment":"scroll","background-type":"","background-media":"","overlay-type":"","overlay-color":"","overlay-opacity":"","overlay-gradient":""}},"ast-content-background-meta":{"desktop":{"background-color":"var(--ast-global-color-5)","background-image":"","background-repeat":"repeat","background-position":"center center","background-size":"auto","background-attachment":"scroll","background-type":"","background-media":"","overlay-type":"","overlay-color":"","overlay-opacity":"","overlay-gradient":""},"tablet":{"background-color":"var(--ast-global-color-5)","background-image":"","background-repeat":"repeat","background-position":"center center","background-size":"auto","background-attachment":"scroll","background-type":"","background-media":"","overlay-type":"","overlay-color":"","overlay-opacity":"","overlay-gradient":""},"mobile":{"background-color":"var(--ast-global-color-5)","background-image":"","background-repeat":"repeat","background-position":"center center","background-size":"auto","background-attachment":"scroll","background-type":"","background-media":"","overlay-type":"","overlay-color":"","overlay-opacity":"","overlay-gradient":""}},"footnotes":""},"categories":[8],"tags":[2671,30413,30412,10779],"class_list":["post-85732","post","type-post","status-publish","format-standard","has-post-thumbnail","hentry","category-noticias","tag-chiapas","tag-migrantes-sur-de-mexico","tag-programa-de-educacion-migrante-en-el-estado-de-chiapas","tag-san-cristobal-de-las-casas"],"_links":{"self":[{"href":"https:\/\/losperiodistas.com.mx\/portal\/wp-json\/wp\/v2\/posts\/85732","targetHints":{"allow":["GET"]}}],"collection":[{"href":"https:\/\/losperiodistas.com.mx\/portal\/wp-json\/wp\/v2\/posts"}],"about":[{"href":"https:\/\/losperiodistas.com.mx\/portal\/wp-json\/wp\/v2\/types\/post"}],"author":[{"embeddable":true,"href":"https:\/\/losperiodistas.com.mx\/portal\/wp-json\/wp\/v2\/users\/1"}],"replies":[{"embeddable":true,"href":"https:\/\/losperiodistas.com.mx\/portal\/wp-json\/wp\/v2\/comments?post=85732"}],"version-history":[{"count":1,"href":"https:\/\/losperiodistas.com.mx\/portal\/wp-json\/wp\/v2\/posts\/85732\/revisions"}],"predecessor-version":[{"id":85734,"href":"https:\/\/losperiodistas.com.mx\/portal\/wp-json\/wp\/v2\/posts\/85732\/revisions\/85734"}],"wp:featuredmedia":[{"embeddable":true,"href":"https:\/\/losperiodistas.com.mx\/portal\/wp-json\/wp\/v2\/media\/85733"}],"wp:attachment":[{"href":"https:\/\/losperiodistas.com.mx\/portal\/wp-json\/wp\/v2\/media?parent=85732"}],"wp:term":[{"taxonomy":"category","embeddable":true,"href":"https:\/\/losperiodistas.com.mx\/portal\/wp-json\/wp\/v2\/categories?post=85732"},{"taxonomy":"post_tag","embeddable":true,"href":"https:\/\/losperiodistas.com.mx\/portal\/wp-json\/wp\/v2\/tags?post=85732"}],"curies":[{"name":"wp","href":"https:\/\/api.w.org\/{rel}","templated":true}]}}