{"id":85719,"date":"2024-09-20T06:32:10","date_gmt":"2024-09-20T11:32:10","guid":{"rendered":"https:\/\/losperiodistas.com.mx\/portal\/?p=85719"},"modified":"2024-09-20T06:32:12","modified_gmt":"2024-09-20T11:32:12","slug":"melania-trump-se-enorgullece-y-defiende-sus-desnudos-fotograficos-en-una-nueva-promocion-de-sus-memorias-el-pais","status":"publish","type":"post","link":"https:\/\/losperiodistas.com.mx\/portal\/melania-trump-se-enorgullece-y-defiende-sus-desnudos-fotograficos-en-una-nueva-promocion-de-sus-memorias-el-pais\/","title":{"rendered":"Melania Trump se enorgullece y defiende sus desnudos fotogr\u00e1ficos en una nueva promoci\u00f3n de sus memorias | El Pa\u00eds"},"content":{"rendered":"\n<h2 class=\"wp-block-heading\">La mujer de Donald Trump y ex primera dama de EE UU ha compartido un v\u00eddeo su cuenta de X en el que defiende haber posado desnuda cuando era modelo y critica el revuelo que todav\u00eda provocan esas fotos: \u201c\u00bfEs que ya no podemos apreciar la belleza del cuerpo humano?\u201d<\/h2>\n\n\n\n<figure class=\"wp-block-image size-large\"><img fetchpriority=\"high\" decoding=\"async\" width=\"1024\" height=\"683\" src=\"https:\/\/losperiodistas.com.mx\/portal\/wp-content\/uploads\/2024\/09\/Melania-1024x683.jpeg\" alt=\"\" class=\"wp-image-85720\" srcset=\"https:\/\/losperiodistas.com.mx\/portal\/wp-content\/uploads\/2024\/09\/Melania-1024x683.jpeg 1024w, https:\/\/losperiodistas.com.mx\/portal\/wp-content\/uploads\/2024\/09\/Melania-300x200.jpeg 300w, https:\/\/losperiodistas.com.mx\/portal\/wp-content\/uploads\/2024\/09\/Melania-768x512.jpeg 768w, https:\/\/losperiodistas.com.mx\/portal\/wp-content\/uploads\/2024\/09\/Melania.jpeg 1200w\" sizes=\"(max-width: 1024px) 100vw, 1024px\" \/><figcaption class=\"wp-element-caption\">Melania Trump, en la Convenci\u00f3n Nacional Republicana el 18 de julio de 2024 en Milwaukee (Wisconsin, EE UU). Leon Neal (Getty Images)<\/figcaption><\/figure>\n\n\n\n<p class=\"has-vivid-red-color has-text-color has-link-color has-medium-font-size wp-elements-92e81fc574b65be99e24ba7aaf7a7651\"><strong>AGENCIAS \/ El Pa\u00eds<\/strong><\/p>\n\n\n\n<p>Madrid \/ Miami<\/p>\n\n\n\n<p>La ex primera dama de Estados Unidos&nbsp;<a href=\"https:\/\/elpais.com\/internacional\/elecciones-usa\/2024-07-16\/el-discreto-papel-de-melania-trump-en-la-convencion-ocho-anos-despues-de-plagiar-a-michelle-obama.html\" target=\"_blank\" rel=\"noreferrer noopener\">Melania Trump<\/a>&nbsp;(Novo Mesto, Eslovenia, 54 a\u00f1os) afirma que est\u00e1 orgullosa de haber posado desnuda para fotograf\u00edas cuando era modelo y recuerda a quienes la critican por ello que la \u201ccelebraci\u00f3n de la belleza\u201d forma parte de la cultura. \u201cDeber\u00edamos honrar nuestros cuerpos y abrazar la tradici\u00f3n atemporal de usar el arte como un medio poderoso de autoexpresi\u00f3n\u201d, ha dicho la mujer de Donald Trump (Nueva York, 78 a\u00f1os), quien fue presidente de EE UU de 2017 a 2021 y&nbsp;<a href=\"https:\/\/elpais.com\/us\/2024-09-18\/a-ritmo-de-salsa-donald-trump-coquetea-con-los-votantes-hispanos-kamala-que-mala-eres.html\" target=\"_blank\" rel=\"noreferrer noopener\">por tercera vez busca ser elegido para la Casa Blanca<\/a>&nbsp;en noviembre.&nbsp;<a href=\"https:\/\/x.com\/MELANIATRUMP\/status\/1836375317646086533\" target=\"_blank\" rel=\"noreferrer noopener\">Un v\u00eddeo publicado en su cuenta de X<\/a>&nbsp;este mi\u00e9rcoles 18 de septiembre para promocionar el libro de memorias que publicar\u00e1 en octubre.<\/p>\n\n\n\n<p>\u201c\u00bfEs que ya no podemos apreciar la belleza del cuerpo humano? A lo largo de la historia, los grandes artistas han reverenciado la forma humana, evocando profundas emociones y admiraci\u00f3n\u201d, reflexiona Melania Trump&nbsp;<a href=\"https:\/\/x.com\/MELANIATRUMP\" target=\"_blank\" rel=\"noreferrer noopener\">en la red social en la que tiene 2,8 millones de seguidores<\/a>. Mientras su voz en&nbsp;<em>off&nbsp;<\/em>se hace estas preguntas, en el v\u00eddeo se suceden im\u00e1genes de varias obras de arte del Renacimiento como ejemplo de cuerpos desnudos, incluido el David de Miguel \u00c1ngel,&nbsp;<em>Las grandes ba\u00f1istas&nbsp;<\/em>de Paul C\u00e9zanne o&nbsp;<em>Lady Godiva<\/em>, de John Collier. Eso s\u00ed, sus propias fotos ha preferido no volver a sacarlas a relucir en ese v\u00eddeo.M\u00e1s informaci\u00f3n<\/p>\n\n\n\n<figure class=\"wp-block-image alignleft is-resized\"><a href=\"https:\/\/elpais.com\/gente\/2023-04-16\/melania-trump-la-sonrisa-de-la-esfinge-y-el-hermetismo-por-bandera.html\"><img decoding=\"async\" src=\"https:\/\/imagenes.elpais.com\/resizer\/v2\/EE2VC2MGRRDSNDYKADXD6PREXQ.jpg?auth=4d0b3c97336bd7b15ea426f9284ec71103388c75ad3e410a5f697b512630acbc&amp;width=414&amp;height=311&amp;smart=true\" alt=\"Melania Trump\" style=\"width:256px;height:auto\"\/><\/a><\/figure>\n\n\n\n<p><a href=\"https:\/\/elpais.com\/gente\/2023-04-16\/melania-trump-la-sonrisa-de-la-esfinge-y-el-hermetismo-por-bandera.html#?rel=mas_sumario\">Melania Trump, la sonrisa de la esfinge y el hermetismo por bandera<\/a><\/p>\n\n\n\n<p><\/p>\n\n\n\n<p><\/p>\n\n\n\n<p><\/p>\n\n\n\n<p>La exmodelo eslovena critica as\u00ed el revuelo medi\u00e1tico que producen todav\u00eda las fotograf\u00edas en las que pos\u00f3 sin ropa a finales de los a\u00f1os noventa y comienzos de los 2000 durante su \u00e9poca como modelo. A ra\u00edz de este nuevo v\u00eddeo,&nbsp;<a href=\"https:\/\/edition.cnn.com\/2024\/09\/18\/politics\/melania-trump-nude-modeling\/index.html\" target=\"_blank\" rel=\"noreferrer noopener\">el canal de noticias CNN ha recordado<\/a>&nbsp;que durante la campa\u00f1a de Trump a la presidencia en 2016 las fotograf\u00edas de su esposa desnuda tomadas en 1995, y luego publicadas en una revista francesa para hombres ya desaparecida, fueron usadas para criticar al candidato republicano. En 2000, cinco a\u00f1os antes de casarse con Donald Trump, la revista brit\u00e1nica&nbsp;<em>GQ&nbsp;<\/em>tambi\u00e9n public\u00f3 una portada en la que Melania Knauss (su apellido de soltera) aparec\u00eda desnuda en el avi\u00f3n de Trump.<\/p>\n\n\n\n<figure class=\"wp-block-embed is-type-rich is-provider-twitter wp-block-embed-twitter\"><div class=\"wp-block-embed__wrapper\">\n<blockquote class=\"twitter-tweet\" data-width=\"500\" data-dnt=\"true\"><p lang=\"zxx\" dir=\"ltr\"><a href=\"https:\/\/t.co\/ZCTwZSqZND\">https:\/\/t.co\/ZCTwZSqZND<\/a> <a href=\"https:\/\/t.co\/FH9SRFQeUR\">pic.twitter.com\/FH9SRFQeUR<\/a><\/p>&mdash; MELANIA TRUMP (@MELANIATRUMP) <a href=\"https:\/\/twitter.com\/MELANIATRUMP\/status\/1836375317646086533?ref_src=twsrc%5Etfw\">September 18, 2024<\/a><\/blockquote><script async src=\"https:\/\/platform.twitter.com\/widgets.js\" charset=\"utf-8\"><\/script>\n<\/div><\/figure>\n\n\n\n<p>Las pr\u00f3ximas memorias de la ex primera dama, tituladas&nbsp;<em>Melania&nbsp;<\/em>, salen a la venta el 1 de octubre, todav\u00eda en plena campa\u00f1a electoral. Son \u201cuna historia poderosa e inspiradora de una mujer que ha forjado su propio camino, superando la adversidad y definiendo su excelencia personal\u201d, seg\u00fan la editorial independiente estadounidense Skyhorse Publishing, que las publica. \u201cMelania reflexiona sobre su infancia en Eslovenia, los momentos decisivos que la llevaron al mundo de la alta moda en Europa y Nueva York, y el encuentro fortuito con Donald Trump, que cambi\u00f3 para siempre el curso de su vida. Melania habla abiertamente sobre su noviazgo, su vida bajo los focos y la alegr\u00eda de ser madre. Comparte historias detr\u00e1s de escena de su tiempo en la Casa Blanca, arrojando luz sobre su trabajo de defensa y las causas cercanas a su coraz\u00f3n\u201d, se\u00f1ala un texto de la editorial.<\/p>\n\n\n\n<figure class=\"wp-block-image size-full\"><img decoding=\"async\" width=\"1960\" height=\"2557\" src=\"https:\/\/losperiodistas.com.mx\/portal\/wp-content\/uploads\/2024\/09\/2GRQCD4N25ABNH24DKNMTCGEEE.avif\" alt=\"\" class=\"wp-image-85721\"\/><figcaption class=\"wp-element-caption\">Melania Trump en la portada de la revista &#8216;GQ&#8217; de enero del a\u00f1o 2000.British GQ<\/figcaption><\/figure>\n\n\n\n<p>Melania naci\u00f3 en Eslovenia en 1970 y se convirti\u00f3 en modelo a los 16 a\u00f1os. Conoci\u00f3 a Trump en Manhattan en 1998 y se cas\u00f3 con \u00e9l siete a\u00f1os despu\u00e9s. Tienen un hijo en com\u00fan,&nbsp;<a href=\"https:\/\/elpais.com\/videos\/2024-05-18\/barron-trump-hijo-menor-del-expresidente-donald-trump-pone-un-pie-en-la-politica-estadounidense.html?autoplay=1\" target=\"_blank\" rel=\"noreferrer noopener\">Barron, de 18 a\u00f1os<\/a>. Los dos matrimonios anteriores de Donald Trump tambi\u00e9n fueron con modelos: Ivana Zeln\u00ed\u010dkov\u00e1, con la que tuvo tres hijos (<a href=\"https:\/\/elpais.com\/internacional\/2023-11-08\/ivanka-trump-declara-en-el-juicio-por-fraude-contra-la-familia-que-no-conocia-al-detalle-las-cuentas.html\" target=\"_blank\" rel=\"noreferrer noopener\">Ivanka<\/a>, de 42 a\u00f1os,&nbsp;<a href=\"https:\/\/elpais.com\/internacional\/2023-11-01\/donald-trump-jr-declara-en-el-juicio-por-fraude-contra-el-emporio-familiar-por-inflar-el-valor-de-sus-bienes.html\" target=\"_blank\" rel=\"noreferrer noopener\">Donald Jr<\/a>., de 46, y Eric, de 40) \u2014<a href=\"https:\/\/elpais.com\/gente\/2022-07-14\/muere-ivana-trump-primera-esposa-del-republicano.html\" target=\"_blank\" rel=\"noreferrer noopener\">fallecida en julio de 2022<\/a>\u2014, y Marla Maples, madre de su hija&nbsp;<a href=\"https:\/\/elpais.com\/gente\/2020-08-28\/tiffany-la-hija-de-trump-que-solo-aparece-en-las-ocasiones-especiales.html\" target=\"_blank\" rel=\"noreferrer noopener\">Tiffany&nbsp;<\/a>(30 a\u00f1os).<\/p>\n\n\n\n<p>Por ahora, Melania Trump rara vez se ha unido a la campa\u00f1a electoral de su marido; s\u00ed que<a href=\"https:\/\/elpais.com\/internacional\/elecciones-usa\/2024-07-19\/video-melania-trump-reaparece-en-la-ultima-noche-de-la-convencion-republicana-para-apoyar-a-trump.html?autoplay=1\" target=\"_blank\" rel=\"noreferrer noopener\">&nbsp;hizo una aparici\u00f3n a su lado en el escenario el \u00faltimo d\u00eda de la Convenci\u00f3n Nacional Republicana en julio<\/a>. Tambi\u00e9n son pocas las veces que se pronuncia sobre pol\u00edtica, pero se ha vuelto cada vez m\u00e1s franca en las \u00faltimas semanas, coincidiendo con la inminente publicaci\u00f3n de sus memorias. Antes de defender sus posados desnuda, por ejemplo, comparti\u00f3 un v\u00eddeo tambi\u00e9n en su cuenta de X cuestionando la respuesta de las fuerzas del orden&nbsp;<a href=\"https:\/\/elpais.com\/internacional\/2024-07-14\/video-las-claves-del-atentado-contra-donald-trump-da-la-impresion-de-que-es-un-hombre-invencible.html\" target=\"_blank\" rel=\"noreferrer noopener\">al primer intento de asesinato<\/a>&nbsp;contra Trump el pasado julio \u2015<a href=\"https:\/\/elpais.com\/internacional\/elecciones-usa\/2024-09-16\/el-segundo-intento-de-asesinato-de-donald-trump-conmociona-de-nuevo-la-campana.html\" target=\"_blank\" rel=\"noreferrer noopener\">hubo un segundo intento<\/a>&nbsp;el pasado 15 de septiembre\u2015. \u201cNo puedo evitar preguntarme por qu\u00e9 las fuerzas del orden no detuvieron al tirador antes del discurso\u201d, dec\u00eda a c\u00e1mara&nbsp;<a href=\"https:\/\/x.com\/MELANIATRUMP\/status\/1833476085998063741\" target=\"_blank\" rel=\"noreferrer noopener\">en un v\u00eddeo publicado el 10 de septiembre<\/a>.<\/p>\n\n\n\n<figure class=\"wp-block-embed is-type-rich is-provider-twitter wp-block-embed-twitter\"><div class=\"wp-block-embed__wrapper\">\n<blockquote class=\"twitter-tweet\" data-width=\"500\" data-dnt=\"true\"><p lang=\"zxx\" dir=\"ltr\"><a href=\"https:\/\/t.co\/ZCTwZSqZND\">https:\/\/t.co\/ZCTwZSqZND<\/a> <a href=\"https:\/\/t.co\/KKA6anTEYC\">pic.twitter.com\/KKA6anTEYC<\/a><\/p>&mdash; MELANIA TRUMP (@MELANIATRUMP) <a href=\"https:\/\/twitter.com\/MELANIATRUMP\/status\/1833476085998063741?ref_src=twsrc%5Etfw\">September 10, 2024<\/a><\/blockquote><script async src=\"https:\/\/platform.twitter.com\/widgets.js\" charset=\"utf-8\"><\/script>\n<\/div><\/figure>\n\n\n\n<p><\/p>\n\n\n\n<p>Fuente: <a href=\"https:\/\/elpais.com\/gente\/2024-09-19\/melania-trump-se-enorgullece-y-defiende-sus-desnudos-fotograficos-en-una-nueva-promocion-de-sus-memorias.html\">https:\/\/elpais.com\/gente\/2024-09-19\/melania-trump-se-enorgullece-y-defiende-sus-desnudos-fotograficos-en-una-nueva-promocion-de-sus-memorias.html<\/a><\/p>\n","protected":false},"excerpt":{"rendered":"<p>La mujer de Donald Trump y ex primera dama de EE UU ha compartido un v\u00eddeo su cuenta de X [&hellip;]<\/p>\n","protected":false},"author":1,"featured_media":85720,"comment_status":"open","ping_status":"open","sticky":false,"template":"","format":"standard","meta":{"site-sidebar-layout":"default","site-content-layout":"","ast-site-content-layout":"default","site-content-style":"default","site-sidebar-style":"default","ast-global-header-display":"","ast-banner-title-visibility":"","ast-main-header-display":"","ast-hfb-above-header-display":"","ast-hfb-below-header-display":"","ast-hfb-mobile-header-display":"","site-post-title":"","ast-breadcrumbs-content":"","ast-featured-img":"","footer-sml-layout":"","theme-transparent-header-meta":"","adv-header-id-meta":"","stick-header-meta":"","header-above-stick-meta":"","header-main-stick-meta":"","header-below-stick-meta":"","astra-migrate-meta-layouts":"default","ast-page-background-enabled":"default","ast-page-background-meta":{"desktop":{"background-color":"var(--ast-global-color-4)","background-image":"","background-repeat":"repeat","background-position":"center center","background-size":"auto","background-attachment":"scroll","background-type":"","background-media":"","overlay-type":"","overlay-color":"","overlay-opacity":"","overlay-gradient":""},"tablet":{"background-color":"","background-image":"","background-repeat":"repeat","background-position":"center center","background-size":"auto","background-attachment":"scroll","background-type":"","background-media":"","overlay-type":"","overlay-color":"","overlay-opacity":"","overlay-gradient":""},"mobile":{"background-color":"","background-image":"","background-repeat":"repeat","background-position":"center center","background-size":"auto","background-attachment":"scroll","background-type":"","background-media":"","overlay-type":"","overlay-color":"","overlay-opacity":"","overlay-gradient":""}},"ast-content-background-meta":{"desktop":{"background-color":"var(--ast-global-color-5)","background-image":"","background-repeat":"repeat","background-position":"center center","background-size":"auto","background-attachment":"scroll","background-type":"","background-media":"","overlay-type":"","overlay-color":"","overlay-opacity":"","overlay-gradient":""},"tablet":{"background-color":"var(--ast-global-color-5)","background-image":"","background-repeat":"repeat","background-position":"center center","background-size":"auto","background-attachment":"scroll","background-type":"","background-media":"","overlay-type":"","overlay-color":"","overlay-opacity":"","overlay-gradient":""},"mobile":{"background-color":"var(--ast-global-color-5)","background-image":"","background-repeat":"repeat","background-position":"center center","background-size":"auto","background-attachment":"scroll","background-type":"","background-media":"","overlay-type":"","overlay-color":"","overlay-opacity":"","overlay-gradient":""}},"footnotes":""},"categories":[8],"tags":[30399,30398,18621,30400],"class_list":["post-85719","post","type-post","status-publish","format-standard","has-post-thumbnail","hentry","category-noticias","tag-belleza-cuerpo-humano","tag-desnudos-melania-trump","tag-melania-trump","tag-memorias-melania-trump"],"_links":{"self":[{"href":"https:\/\/losperiodistas.com.mx\/portal\/wp-json\/wp\/v2\/posts\/85719","targetHints":{"allow":["GET"]}}],"collection":[{"href":"https:\/\/losperiodistas.com.mx\/portal\/wp-json\/wp\/v2\/posts"}],"about":[{"href":"https:\/\/losperiodistas.com.mx\/portal\/wp-json\/wp\/v2\/types\/post"}],"author":[{"embeddable":true,"href":"https:\/\/losperiodistas.com.mx\/portal\/wp-json\/wp\/v2\/users\/1"}],"replies":[{"embeddable":true,"href":"https:\/\/losperiodistas.com.mx\/portal\/wp-json\/wp\/v2\/comments?post=85719"}],"version-history":[{"count":1,"href":"https:\/\/losperiodistas.com.mx\/portal\/wp-json\/wp\/v2\/posts\/85719\/revisions"}],"predecessor-version":[{"id":85722,"href":"https:\/\/losperiodistas.com.mx\/portal\/wp-json\/wp\/v2\/posts\/85719\/revisions\/85722"}],"wp:featuredmedia":[{"embeddable":true,"href":"https:\/\/losperiodistas.com.mx\/portal\/wp-json\/wp\/v2\/media\/85720"}],"wp:attachment":[{"href":"https:\/\/losperiodistas.com.mx\/portal\/wp-json\/wp\/v2\/media?parent=85719"}],"wp:term":[{"taxonomy":"category","embeddable":true,"href":"https:\/\/losperiodistas.com.mx\/portal\/wp-json\/wp\/v2\/categories?post=85719"},{"taxonomy":"post_tag","embeddable":true,"href":"https:\/\/losperiodistas.com.mx\/portal\/wp-json\/wp\/v2\/tags?post=85719"}],"curies":[{"name":"wp","href":"https:\/\/api.w.org\/{rel}","templated":true}]}}