{"id":85575,"date":"2024-09-18T22:25:59","date_gmt":"2024-09-19T03:25:59","guid":{"rendered":"http:\/\/losperiodistas.com.mx\/portal\/?p=85575"},"modified":"2024-09-18T22:26:01","modified_gmt":"2024-09-19T03:26:01","slug":"como-afecta-a-la-primera-bajada-de-tasas-de-interes-en-eu","status":"publish","type":"post","link":"https:\/\/losperiodistas.com.mx\/portal\/como-afecta-a-la-primera-bajada-de-tasas-de-interes-en-eu\/","title":{"rendered":"C\u00f3mo afecta a Am\u00e9rica Latina la primera bajada de las tasas de inter\u00e9s en Estados Unidos en 4 a\u00f1os | BBC"},"content":{"rendered":"\n<figure class=\"wp-block-image size-large\"><img fetchpriority=\"high\" decoding=\"async\" width=\"1024\" height=\"612\" src=\"https:\/\/losperiodistas.com.mx\/portal\/wp-content\/uploads\/2024\/09\/Captura-de-pantalla-2024-09-18-211202-1024x612.png\" alt=\"bajada de las tasas de inter\u00e9s en EU\" class=\"wp-image-85576\" srcset=\"https:\/\/losperiodistas.com.mx\/portal\/wp-content\/uploads\/2024\/09\/Captura-de-pantalla-2024-09-18-211202-1024x612.png 1024w, https:\/\/losperiodistas.com.mx\/portal\/wp-content\/uploads\/2024\/09\/Captura-de-pantalla-2024-09-18-211202-300x179.png 300w, https:\/\/losperiodistas.com.mx\/portal\/wp-content\/uploads\/2024\/09\/Captura-de-pantalla-2024-09-18-211202-768x459.png 768w, https:\/\/losperiodistas.com.mx\/portal\/wp-content\/uploads\/2024\/09\/Captura-de-pantalla-2024-09-18-211202.png 1122w\" sizes=\"(max-width: 1024px) 100vw, 1024px\" \/><figcaption class=\"wp-element-caption\">Getty Images<\/figcaption><\/figure>\n\n\n\n<p class=\"has-vivid-red-color has-text-color has-link-color wp-elements-5c6ad6f891a9b4dd5448732c5cfb6014\">Cecilia Barr\u00eda \/ BBC News<\/p>\n\n\n\n<p><strong>Despu\u00e9s de tanta espera, finalmente lleg\u00f3.<\/strong><\/p>\n\n\n\n<p>Por primera vez en cuatro a\u00f1os, la Reserva Federal de Estados Unidos, equivalente al Banco Central, anunci\u00f3 un recorte de las tasas de inter\u00e9s, en este caso del 0,5%.<\/p>\n\n\n\n<p>Con esta decisi\u00f3n, las tasas quedan en un rango entre 4,75% y 5%, una medida considerada como audaz por analistas que hab\u00edan anticipado un recorte, pero ten\u00edan dudas sobre su profundidad.<\/p>\n\n\n\n<p><em>\u201cLos riesgos para alcanzar las metas de empleo e inflaci\u00f3n est\u00e1n aproximadamente equilibrados\u201d<\/em>, se\u00f1al\u00f3 la Reserva Federal (Fed) en su anuncio del recorte.<\/p>\n\n\n\n<p>Se espera que la bajada les de un alivio inmediato a los consumidores con deudas en tarjetas de cr\u00e9dito y a las peque\u00f1as empresas con cr\u00e9ditos dif\u00edciles de pagar.<\/p>\n\n\n\n<p>Tambi\u00e9n se espera que incentive a los estadounidenses a solicitar pr\u00e9stamos para comprar un auto o pedir una hipoteca Y, por el lado de las empresas, que allane el camino para que inicien nuevos proyectos de inversi\u00f3n y contraten m\u00e1s mano de obra, d\u00e1ndole un empuj\u00f3n al crecimiento econ\u00f3mico.<\/p>\n\n\n\n<p><strong>Pero los efectos de la hist\u00f3rica decisi\u00f3n llegar\u00e1n mucho m\u00e1s all\u00e1 de las fronteras de la mayor econom\u00eda del mundo.<\/strong><\/p>\n\n\n\n<p>Las tasas de inter\u00e9s que fija la Fed son una base para los pr\u00e9stamos que otorgan los bancos comerciales.<\/p>\n\n\n\n<p>Durante muchos a\u00f1os, el costo de pedir dinero prestado en ese pa\u00eds estuvo tan bajo, que lleg\u00f3 incluso a bordear el 0% de inter\u00e9s.<\/p>\n\n\n\n<p>Sin embargo, a comienzos de 2022, la Fed decidi\u00f3 comenzar a subir las tasas para controlar la inflaci\u00f3n.<\/p>\n\n\n\n<p>Desde ese momento hasta ahora, la inflaci\u00f3n en Estados Unidos baj\u00f3 sostenidamente, pasando desde un m\u00e1ximo de 9,1% (la mayor en casi cuatro d\u00e9cadas) a un 2,5% en la actualidad.<\/p>\n\n\n\n<p>Con esa estabilidad en los precios, la entidad, dirigida por Jerome Powell, decidi\u00f3 que ya era hora de relajar la pol\u00edtica monetaria, es decir, recortar las tasas de inter\u00e9s.<\/p>\n\n\n\n<figure class=\"wp-block-image size-full\"><img decoding=\"async\" width=\"987\" height=\"553\" src=\"https:\/\/losperiodistas.com.mx\/portal\/wp-content\/uploads\/2024\/09\/Captura-de-pantalla-2024-09-18-212053.png\" alt=\"\" class=\"wp-image-85577\" srcset=\"https:\/\/losperiodistas.com.mx\/portal\/wp-content\/uploads\/2024\/09\/Captura-de-pantalla-2024-09-18-212053.png 987w, https:\/\/losperiodistas.com.mx\/portal\/wp-content\/uploads\/2024\/09\/Captura-de-pantalla-2024-09-18-212053-300x168.png 300w, https:\/\/losperiodistas.com.mx\/portal\/wp-content\/uploads\/2024\/09\/Captura-de-pantalla-2024-09-18-212053-768x430.png 768w\" sizes=\"(max-width: 987px) 100vw, 987px\" \/><\/figure>\n\n\n\n<h2 class=\"wp-block-heading\" id=\"Efectos-en-Am\u00e9rica-Latina\">Efectos en Am\u00e9rica Latina<\/h2>\n\n\n\n<p>Para el resto de las econom\u00edas mundiales, los movimientos de la Fed tienen una gran importancia.<\/p>\n\n\n\n<p><strong>\u201cLo que hace (la Fed) impacta en todo el mundo, especialmente en los pa\u00edses que tienen mucha relaci\u00f3n con la econom\u00eda estadounidense, ya sea por exportaciones o remesas\u201d<\/strong>, le dice a BBC Mundo Gabriela Siller, directora de An\u00e1lisis Econ\u00f3mico del Banco Base, en M\u00e9xico.<\/p>\n\n\n\n<p>Basta con mirar el ejemplo de la econom\u00eda mexicana: el 40% de su Producto Interno Bruto (PIB) se basa en exportaciones, de las cuales cerca de un 80% van a Estados Unidos.<\/p>\n\n\n\n<p>En ese contexto, lo que suceda en EE.UU., afecta directamente a M\u00e9xico y al resto de las naciones latinoamericanas que tienen fuertes v\u00ednculos comerciales con ese pa\u00eds.<\/p>\n\n\n\n<figure class=\"wp-block-image size-large\"><img decoding=\"async\" width=\"1024\" height=\"571\" src=\"https:\/\/losperiodistas.com.mx\/portal\/wp-content\/uploads\/2024\/09\/Captura-de-pantalla-2024-09-18-212134-1024x571.png\" alt=\"\" class=\"wp-image-85578\" srcset=\"https:\/\/losperiodistas.com.mx\/portal\/wp-content\/uploads\/2024\/09\/Captura-de-pantalla-2024-09-18-212134-1024x571.png 1024w, https:\/\/losperiodistas.com.mx\/portal\/wp-content\/uploads\/2024\/09\/Captura-de-pantalla-2024-09-18-212134-300x167.png 300w, https:\/\/losperiodistas.com.mx\/portal\/wp-content\/uploads\/2024\/09\/Captura-de-pantalla-2024-09-18-212134-768x428.png 768w, https:\/\/losperiodistas.com.mx\/portal\/wp-content\/uploads\/2024\/09\/Captura-de-pantalla-2024-09-18-212134.png 1080w\" sizes=\"(max-width: 1024px) 100vw, 1024px\" \/><\/figure>\n\n\n\n<p><strong>\u201cUn recorte en las tasas genera mejores perspectivas hacia adelante\u201d<\/strong>, apunta Siller.<\/p>\n\n\n\n<p>Entre otras cosas, \u201cmejora un poco la expectativa del mercado laboral, la expectativa sobre un mayor flujo de remesas y la expectativa sobre los efectos positivos en las exportaciones\u201d, agrega.<\/p>\n\n\n\n<p>Benjamin Gedan, director del Programa Am\u00e9rica Latina del centro de estudios Wilson Center, explica que las tasas de inter\u00e9s m\u00e1s bajas en Estados Unidos son generalmente bien recibidas en Latinoam\u00e9rica,<strong> \u201cuna regi\u00f3n donde la deuda ha aumentado r\u00e1pidamente en los \u00faltimos a\u00f1os, desviando recursos del gasto p\u00fablico que deb\u00edan ir a la salud, la educaci\u00f3n y la infraestructura\u201d.<\/strong><\/p>\n\n\n\n<p>En los \u00faltimos a\u00f1os, dice en di\u00e1logo con BBC Mundo, los gobernadores de los bancos centrales latinoamericanos \u201cfueron tratados como celebridades\u201d despu\u00e9s de la pandemia, por aumentar las tasas de inter\u00e9s de manera r\u00e1pida y agresiva para controlar la inflaci\u00f3n.<\/p>\n\n\n\n<p>Superada la peor parte de la pandemia, muchos pa\u00edses de la regi\u00f3n comenzaron a bajarlas.<\/p>\n\n\n\n<p>Ahora, con la decisi\u00f3n de la Fed, \u201ctendr\u00e1n m\u00e1s margen para volver a bajar las tasas y enfrentar nuevos desaf\u00edos\u201d, apunta.<\/p>\n\n\n\n<p>Eso es importante, agrega, \u201cporque esta regi\u00f3n necesita urgentemente un est\u00edmulo econ\u00f3mico, despu\u00e9s de una d\u00e9cada de estancamiento\u201d.<\/p>\n\n\n\n<p>Por otro lado, se espera que la decisi\u00f3n de la Fed tambi\u00e9n aumente los precios de las materias primas, un hecho positivo para las principales econom\u00edas sudamericanas.<\/p>\n\n\n\n<figure class=\"wp-block-image size-full\"><img loading=\"lazy\" decoding=\"async\" width=\"987\" height=\"655\" src=\"https:\/\/losperiodistas.com.mx\/portal\/wp-content\/uploads\/2024\/09\/Captura-de-pantalla-2024-09-18-212237.png\" alt=\"\" class=\"wp-image-85579\" srcset=\"https:\/\/losperiodistas.com.mx\/portal\/wp-content\/uploads\/2024\/09\/Captura-de-pantalla-2024-09-18-212237.png 987w, https:\/\/losperiodistas.com.mx\/portal\/wp-content\/uploads\/2024\/09\/Captura-de-pantalla-2024-09-18-212237-300x199.png 300w, https:\/\/losperiodistas.com.mx\/portal\/wp-content\/uploads\/2024\/09\/Captura-de-pantalla-2024-09-18-212237-768x510.png 768w\" sizes=\"(max-width: 987px) 100vw, 987px\" \/><\/figure>\n\n\n\n<h2 class=\"wp-block-heading\" id=\"Se-mueven-los-capitales\">Se mueven los capitales<\/h2>\n\n\n\n<p>En el terreno de las bolsas, se espera que suba la valoraci\u00f3n de las empresas, al mejorar la perspectiva de reactivaci\u00f3n econ\u00f3mica.<\/p>\n\n\n\n<p>Elijah Oliveros-Rosen, economista jefe de mercados emergentes de S&amp;P Global Ratings, explica quelas tasas de inter\u00e9s m\u00e1s bajas en Estados Unidos<strong> tienden a estimular el flujo de capitales hacia mercados emergentes como los latinoamericanos, en busca de mayores rendimientos.<\/strong><\/p>\n\n\n\n<p>A eso se suma que \u201cel mayor crecimiento econ\u00f3mico en los mercados emergentes, es otro factor que atrae las entradas de capital\u201d, le dice el economista a BBC Mundo.<\/p>\n\n\n\n<p>Por el contrario, la percepci\u00f3n de mayores riesgos para el crecimiento econ\u00f3mico en Latinoam\u00e9rica, desalienta las inversiones extranjeras.<\/p>\n\n\n\n<p>Analistas esperan que el hist\u00f3rico recorte de la Fed marque el inicio de una serie bajadas en el costo de los cr\u00e9ditos en los meses que quedan de 2024 y durante el pr\u00f3ximo a\u00f1o.<\/p>\n\n\n\n<p>Fuente: <a href=\"https:\/\/www.bbc.com\/mundo\/articles\/ckg27g8pkd0o\" target=\"_blank\" rel=\"noreferrer noopener\">BBC News<\/a><\/p>\n","protected":false},"excerpt":{"rendered":"<p>Cecilia Barr\u00eda \/ BBC News Despu\u00e9s de tanta espera, finalmente lleg\u00f3. Por primera vez en cuatro a\u00f1os, la Reserva Federal [&hellip;]<\/p>\n","protected":false},"author":1,"featured_media":85576,"comment_status":"open","ping_status":"open","sticky":false,"template":"","format":"standard","meta":{"site-sidebar-layout":"default","site-content-layout":"","ast-site-content-layout":"default","site-content-style":"default","site-sidebar-style":"default","ast-global-header-display":"","ast-banner-title-visibility":"","ast-main-header-display":"","ast-hfb-above-header-display":"","ast-hfb-below-header-display":"","ast-hfb-mobile-header-display":"","site-post-title":"","ast-breadcrumbs-content":"","ast-featured-img":"","footer-sml-layout":"","theme-transparent-header-meta":"","adv-header-id-meta":"","stick-header-meta":"","header-above-stick-meta":"","header-main-stick-meta":"","header-below-stick-meta":"","astra-migrate-meta-layouts":"default","ast-page-background-enabled":"default","ast-page-background-meta":{"desktop":{"background-color":"var(--ast-global-color-4)","background-image":"","background-repeat":"repeat","background-position":"center center","background-size":"auto","background-attachment":"scroll","background-type":"","background-media":"","overlay-type":"","overlay-color":"","overlay-opacity":"","overlay-gradient":""},"tablet":{"background-color":"","background-image":"","background-repeat":"repeat","background-position":"center center","background-size":"auto","background-attachment":"scroll","background-type":"","background-media":"","overlay-type":"","overlay-color":"","overlay-opacity":"","overlay-gradient":""},"mobile":{"background-color":"","background-image":"","background-repeat":"repeat","background-position":"center center","background-size":"auto","background-attachment":"scroll","background-type":"","background-media":"","overlay-type":"","overlay-color":"","overlay-opacity":"","overlay-gradient":""}},"ast-content-background-meta":{"desktop":{"background-color":"var(--ast-global-color-5)","background-image":"","background-repeat":"repeat","background-position":"center center","background-size":"auto","background-attachment":"scroll","background-type":"","background-media":"","overlay-type":"","overlay-color":"","overlay-opacity":"","overlay-gradient":""},"tablet":{"background-color":"var(--ast-global-color-5)","background-image":"","background-repeat":"repeat","background-position":"center center","background-size":"auto","background-attachment":"scroll","background-type":"","background-media":"","overlay-type":"","overlay-color":"","overlay-opacity":"","overlay-gradient":""},"mobile":{"background-color":"var(--ast-global-color-5)","background-image":"","background-repeat":"repeat","background-position":"center center","background-size":"auto","background-attachment":"scroll","background-type":"","background-media":"","overlay-type":"","overlay-color":"","overlay-opacity":"","overlay-gradient":""}},"footnotes":""},"categories":[8],"tags":[25065,6773,30322,30321,26085],"class_list":["post-85575","post","type-post","status-publish","format-standard","has-post-thumbnail","hentry","category-noticias","tag-eua","tag-inflacion","tag-jerome-powell","tag-reserva-federal-de-eu","tag-tasas-de-interes"],"_links":{"self":[{"href":"https:\/\/losperiodistas.com.mx\/portal\/wp-json\/wp\/v2\/posts\/85575","targetHints":{"allow":["GET"]}}],"collection":[{"href":"https:\/\/losperiodistas.com.mx\/portal\/wp-json\/wp\/v2\/posts"}],"about":[{"href":"https:\/\/losperiodistas.com.mx\/portal\/wp-json\/wp\/v2\/types\/post"}],"author":[{"embeddable":true,"href":"https:\/\/losperiodistas.com.mx\/portal\/wp-json\/wp\/v2\/users\/1"}],"replies":[{"embeddable":true,"href":"https:\/\/losperiodistas.com.mx\/portal\/wp-json\/wp\/v2\/comments?post=85575"}],"version-history":[{"count":1,"href":"https:\/\/losperiodistas.com.mx\/portal\/wp-json\/wp\/v2\/posts\/85575\/revisions"}],"predecessor-version":[{"id":85580,"href":"https:\/\/losperiodistas.com.mx\/portal\/wp-json\/wp\/v2\/posts\/85575\/revisions\/85580"}],"wp:featuredmedia":[{"embeddable":true,"href":"https:\/\/losperiodistas.com.mx\/portal\/wp-json\/wp\/v2\/media\/85576"}],"wp:attachment":[{"href":"https:\/\/losperiodistas.com.mx\/portal\/wp-json\/wp\/v2\/media?parent=85575"}],"wp:term":[{"taxonomy":"category","embeddable":true,"href":"https:\/\/losperiodistas.com.mx\/portal\/wp-json\/wp\/v2\/categories?post=85575"},{"taxonomy":"post_tag","embeddable":true,"href":"https:\/\/losperiodistas.com.mx\/portal\/wp-json\/wp\/v2\/tags?post=85575"}],"curies":[{"name":"wp","href":"https:\/\/api.w.org\/{rel}","templated":true}]}}