{"id":8543,"date":"2021-05-29T08:11:16","date_gmt":"2021-05-29T13:11:16","guid":{"rendered":"http:\/\/losperiodistas.com.mx\/portal\/?p=8543"},"modified":"2021-05-30T10:13:32","modified_gmt":"2021-05-30T15:13:32","slug":"alarmante-humillacion-de-e-u-a-a-mexico","status":"publish","type":"post","link":"https:\/\/losperiodistas.com.mx\/portal\/alarmante-humillacion-de-e-u-a-a-mexico\/","title":{"rendered":"\u00a1Alarmante humillaci\u00f3n de  E.U.A. a M\u00e9xico!"},"content":{"rendered":"\n<p><\/p>\n\n\n\n<p><\/p>\n\n\n\n<figure class=\"wp-block-image size-large\"><img fetchpriority=\"high\" decoding=\"async\" width=\"1024\" height=\"643\" src=\"https:\/\/losperiodistas.com.mx\/portal\/wp-content\/uploads\/2021\/05\/Captura-de-Pantalla-2021-05-29-a-las-8.09.51-1024x643.jpg\" alt=\"\" class=\"wp-image-8544\" srcset=\"https:\/\/losperiodistas.com.mx\/portal\/wp-content\/uploads\/2021\/05\/Captura-de-Pantalla-2021-05-29-a-las-8.09.51-1024x643.jpg 1024w, https:\/\/losperiodistas.com.mx\/portal\/wp-content\/uploads\/2021\/05\/Captura-de-Pantalla-2021-05-29-a-las-8.09.51-300x188.jpg 300w, https:\/\/losperiodistas.com.mx\/portal\/wp-content\/uploads\/2021\/05\/Captura-de-Pantalla-2021-05-29-a-las-8.09.51-768x482.jpg 768w, https:\/\/losperiodistas.com.mx\/portal\/wp-content\/uploads\/2021\/05\/Captura-de-Pantalla-2021-05-29-a-las-8.09.51.jpg 1414w\" sizes=\"(max-width: 1024px) 100vw, 1024px\" \/><\/figure>\n\n\n\n<p class=\"has-vivid-cyan-blue-color has-text-color\" style=\"font-size:26px\"><strong><em>Por  Werner G.C. Voigt \/ Juan Carlos Botello <\/em><\/strong><\/p>\n\n\n\n<p>Hace dos semanas, bajo la cabecera \u201c\u00bfEstamos en v\u00edsperas de otra Cat\u00e1strofe?\u201d los autores advertimos de la cr\u00edtica y peligrosa situaci\u00f3n afectando las v\u00edas a\u00e9reas de M\u00e9xico publicada por la Asociaci\u00f3n Internacional de Transporte A\u00e9reo (IATA) tanto como seis aerol\u00edneas internacionales, controladores de vuelo y pilotos profesionales.<br><br>Ante la indiferencia de la 4T frente a esta alarmante situaci\u00f3n, el martes 25 de mayo de 2021 la Administraci\u00f3n Federal de Aviaci\u00f3n de los Estados Unidos (FAA) nos present\u00f3 la factura en hacer p\u00fablico a nivel internacional lo que ya se ven\u00eda esperando desde hace d\u00edas &#8211; la degradaci\u00f3n a Categor\u00eda 2 en materia de seguridad a\u00e9rea. El anuncio de la FAA se hizo despu\u00e9s de que la Secretar\u00eda de Comunicaciones y Transportes (SCT) por medio de la Agencia Federal de Aviaci\u00f3n Civil (AFAC), no cumpliera con los ocho elementos a evaluar durante una auditor\u00eda exhaustiva. 1.&nbsp; Legislaci\u00f3n aeron\u00e1utica, 2.&nbsp; Reglamentos operativos, 3.&nbsp; El sistema de aviaci\u00f3n civil del pa\u00eds, y sus funciones de supervisi\u00f3n de la seguridad operacional, 4.&nbsp; Capacitaci\u00f3n del personal t\u00e9cnico, 5.&nbsp; Orientaci\u00f3n t\u00e9cnica, 6.&nbsp; Herramientas y suministro de informaci\u00f3n para la seguridad, 7.&nbsp; Licencias y certificaciones, autorizaci\u00f3n y aprobaci\u00f3n y 8.&nbsp; Resoluci\u00f3n de problemas de seguridad.<br><br>La FAA lleg\u00f3 a la conclusi\u00f3n que, derivado de las deficiencias encontradas en la auditor\u00eda, M\u00e9xico debe ser degradado a la Categor\u00eda 2.&nbsp; Por lo que respecta a las l\u00edneas a\u00e9reas estadounidenses, \u00e9stas no podr\u00e1n vender boletos con c\u00f3digos compartidos con las empresas a\u00e9reas mexicanas, lo cual afectar\u00e1 especialmente a Aerom\u00e9xico y su alianza con Delta Airlines y de Volaris con su asociaci\u00f3n con Frontier Airlines.<br><br>Ahora bien, seguramente se preguntar\u00e1n: \u00bfComo determina la FAA si un pa\u00eds \u2013 como M\u00e9xico ahora \u2013 es Categor\u00eda 2?&nbsp; Mediante una auditor\u00eda llamada: Evaluaci\u00f3n de Seguridad en la Aviaci\u00f3n Internacional (IASA) la Administraci\u00f3n Federal de Aviaci\u00f3n (FAA) de EUA determina si la supervisi\u00f3n de un pa\u00eds a sus compa\u00f1\u00edas de transporte a\u00e9reo que operan en Estados Unidos cumple con los est\u00e1ndares de seguridad establecidos por la Organizaci\u00f3n de Aviaci\u00f3n Civil Internacional (OACI).<br><br>La evaluaci\u00f3n IASA se enfoca en la capacidad que tiene un&nbsp;<em>pa\u00eds<\/em>&nbsp;\u2013 no de las aerol\u00edneas en lo individual \u2013 para cumplir con las normas internacionales. Seg\u00fan la FAA, M\u00e9xico como pa\u00eds, carece de leyes y reglamentos necesarios para respaldar la certificaci\u00f3n y supervisi\u00f3n de las compa\u00f1\u00edas a\u00e9reas (al menos nos faltan 100 inspectores), tambi\u00e9n carece de experiencia, recursos y organizaci\u00f3n para otorgar licencias (en este contexto cabe mencionar que Rodrigo V\u00e1zquez Colmenares, el brillante director de nuestra AFAC fue despedido en favor de un anciano ex militar, Jorge Arganis, cuya experiencia y prioridades no tienen nada qu\u00e9 ver con la aviaci\u00f3n civil), as\u00ed mismo nuestro pa\u00eds no cuenta con personal t\u00e9cnico y mec\u00e1nico debidamente capacitado y certificado, M\u00e9xico no proporciona una capacitaci\u00f3n adecuada a los controladores de vuelos \u2013 mucho de ellos no hablan ingl\u00e9s \u2013 para garantizar el cumplimiento de las normas internacionales m\u00ednimas referente al manejo de las aerov\u00edas y por \u00faltimo tiene documentaci\u00f3n y registros de certificaci\u00f3n totalmente insuficientes, una supervisi\u00f3n cont\u00ednua inadecuada de las operaciones de los transportes a\u00e9reos. &nbsp;<\/p>\n\n\n\n<p>Las consecuencias de los resultados de la auditor\u00eda son que las aerol\u00edneas con bandera mexicana no podr\u00e1n continuar o expandir sus operaciones a los E.U.A. excepto con aeronaves arrendadas con tripulaci\u00f3n de un transportista estadounidense o tripulaci\u00f3n que tenga certificaci\u00f3n de un pa\u00eds de Categor\u00eda 1 y en este momento nos encontramos en el listado de la categor\u00eda 2 con pa\u00edses como:&nbsp; Bangladesh, Curazao, Ghana, Malasia, Pakist\u00e1n, Tailandia, Antigua, Rep\u00fablica Dominicana, Granada, San Vicente y Venezuela. \u00bfY que dice AMLO?: \u201cM\u00e9xico est\u00e1 cumpliendo con las normas internacionales que deben cumplir las l\u00edneas internacionales y nacionales, se puede probar que no hay ning\u00fan pendiente \u2026 no es un asunto que considere grave.\u201d<br><br>El efecto sobre el turismo en nuestro pa\u00eds va a ser devastador ya que agencias de viajes en EUA y Canad\u00e1 est\u00e1n emitiendo advertencias alarmantes a sus clientes y lo m\u00e1s grave de todo es que se est\u00e1 construyendo el aeropuerto de Santa Luc\u00eda con enormes deficiencias y derroche de dinero s\u00f3lo para convertirse en un aeropuerto dom\u00e9stico d\u00f3nde evidentemente ni se construy\u00f3 el NAICM ni tampoco se va a solucionar el problema del tr\u00e1fico a\u00e9reo y todo esto por los caprichos, a decir de la revista The Economist, de un falso mes\u00edas.<\/p>\n","protected":false},"excerpt":{"rendered":"<p>Por Werner G.C. Voigt \/ Juan Carlos Botello Hace dos semanas, bajo la cabecera \u201c\u00bfEstamos en v\u00edsperas de otra Cat\u00e1strofe?\u201d [&hellip;]<\/p>\n","protected":false},"author":1,"featured_media":8544,"comment_status":"open","ping_status":"open","sticky":false,"template":"","format":"standard","meta":{"site-sidebar-layout":"default","site-content-layout":"","ast-site-content-layout":"default","site-content-style":"default","site-sidebar-style":"default","ast-global-header-display":"","ast-banner-title-visibility":"","ast-main-header-display":"","ast-hfb-above-header-display":"","ast-hfb-below-header-display":"","ast-hfb-mobile-header-display":"","site-post-title":"","ast-breadcrumbs-content":"","ast-featured-img":"","footer-sml-layout":"","theme-transparent-header-meta":"","adv-header-id-meta":"","stick-header-meta":"","header-above-stick-meta":"","header-main-stick-meta":"","header-below-stick-meta":"","astra-migrate-meta-layouts":"default","ast-page-background-enabled":"default","ast-page-background-meta":{"desktop":{"background-color":"var(--ast-global-color-4)","background-image":"","background-repeat":"repeat","background-position":"center center","background-size":"auto","background-attachment":"scroll","background-type":"","background-media":"","overlay-type":"","overlay-color":"","overlay-opacity":"","overlay-gradient":""},"tablet":{"background-color":"","background-image":"","background-repeat":"repeat","background-position":"center center","background-size":"auto","background-attachment":"scroll","background-type":"","background-media":"","overlay-type":"","overlay-color":"","overlay-opacity":"","overlay-gradient":""},"mobile":{"background-color":"","background-image":"","background-repeat":"repeat","background-position":"center center","background-size":"auto","background-attachment":"scroll","background-type":"","background-media":"","overlay-type":"","overlay-color":"","overlay-opacity":"","overlay-gradient":""}},"ast-content-background-meta":{"desktop":{"background-color":"var(--ast-global-color-5)","background-image":"","background-repeat":"repeat","background-position":"center center","background-size":"auto","background-attachment":"scroll","background-type":"","background-media":"","overlay-type":"","overlay-color":"","overlay-opacity":"","overlay-gradient":""},"tablet":{"background-color":"var(--ast-global-color-5)","background-image":"","background-repeat":"repeat","background-position":"center center","background-size":"auto","background-attachment":"scroll","background-type":"","background-media":"","overlay-type":"","overlay-color":"","overlay-opacity":"","overlay-gradient":""},"mobile":{"background-color":"var(--ast-global-color-5)","background-image":"","background-repeat":"repeat","background-position":"center center","background-size":"auto","background-attachment":"scroll","background-type":"","background-media":"","overlay-type":"","overlay-color":"","overlay-opacity":"","overlay-gradient":""}},"footnotes":""},"categories":[20,8],"tags":[1692,1764,1683],"class_list":["post-8543","post","type-post","status-publish","format-standard","has-post-thumbnail","hentry","category-analisis-estrategico","category-noticias","tag-faa","tag-sct","tag-seguridad-aerea-mexico-baja-a-2"],"_links":{"self":[{"href":"https:\/\/losperiodistas.com.mx\/portal\/wp-json\/wp\/v2\/posts\/8543","targetHints":{"allow":["GET"]}}],"collection":[{"href":"https:\/\/losperiodistas.com.mx\/portal\/wp-json\/wp\/v2\/posts"}],"about":[{"href":"https:\/\/losperiodistas.com.mx\/portal\/wp-json\/wp\/v2\/types\/post"}],"author":[{"embeddable":true,"href":"https:\/\/losperiodistas.com.mx\/portal\/wp-json\/wp\/v2\/users\/1"}],"replies":[{"embeddable":true,"href":"https:\/\/losperiodistas.com.mx\/portal\/wp-json\/wp\/v2\/comments?post=8543"}],"version-history":[{"count":1,"href":"https:\/\/losperiodistas.com.mx\/portal\/wp-json\/wp\/v2\/posts\/8543\/revisions"}],"predecessor-version":[{"id":8545,"href":"https:\/\/losperiodistas.com.mx\/portal\/wp-json\/wp\/v2\/posts\/8543\/revisions\/8545"}],"wp:featuredmedia":[{"embeddable":true,"href":"https:\/\/losperiodistas.com.mx\/portal\/wp-json\/wp\/v2\/media\/8544"}],"wp:attachment":[{"href":"https:\/\/losperiodistas.com.mx\/portal\/wp-json\/wp\/v2\/media?parent=8543"}],"wp:term":[{"taxonomy":"category","embeddable":true,"href":"https:\/\/losperiodistas.com.mx\/portal\/wp-json\/wp\/v2\/categories?post=8543"},{"taxonomy":"post_tag","embeddable":true,"href":"https:\/\/losperiodistas.com.mx\/portal\/wp-json\/wp\/v2\/tags?post=8543"}],"curies":[{"name":"wp","href":"https:\/\/api.w.org\/{rel}","templated":true}]}}