{"id":83951,"date":"2024-08-31T11:15:38","date_gmt":"2024-08-31T16:15:38","guid":{"rendered":"https:\/\/losperiodistas.com.mx\/portal\/?p=83951"},"modified":"2024-08-31T11:15:41","modified_gmt":"2024-08-31T16:15:41","slug":"abierto-el-sepulcro-de-santa-teresa-110-anos-despues-el-cuerpo-sigue-incorrupto-abc","status":"publish","type":"post","link":"https:\/\/losperiodistas.com.mx\/portal\/abierto-el-sepulcro-de-santa-teresa-110-anos-despues-el-cuerpo-sigue-incorrupto-abc\/","title":{"rendered":"Abierto el sepulcro de santa Teresa 110 a\u00f1os despu\u00e9s: el cuerpo sigue incorrupto | ABC"},"content":{"rendered":"\n<h2 class=\"wp-block-heading\">Un equipo cient\u00edfico italiano examinar\u00e1 el cuerpo durante cuatro d\u00edas en una investigaci\u00f3n sobre su estado y conservaci\u00f3n<\/h2>\n\n\n\n<figure class=\"wp-block-image size-large\"><img fetchpriority=\"high\" decoding=\"async\" width=\"1024\" height=\"581\" src=\"https:\/\/losperiodistas.com.mx\/portal\/wp-content\/uploads\/2024\/08\/Captura-de-pantalla-2024-08-31-a-las-10.11.17\u202fa.m.-1024x581.png\" alt=\"\" class=\"wp-image-83952\" srcset=\"https:\/\/losperiodistas.com.mx\/portal\/wp-content\/uploads\/2024\/08\/Captura-de-pantalla-2024-08-31-a-las-10.11.17\u202fa.m.-1024x581.png 1024w, https:\/\/losperiodistas.com.mx\/portal\/wp-content\/uploads\/2024\/08\/Captura-de-pantalla-2024-08-31-a-las-10.11.17\u202fa.m.-300x170.png 300w, https:\/\/losperiodistas.com.mx\/portal\/wp-content\/uploads\/2024\/08\/Captura-de-pantalla-2024-08-31-a-las-10.11.17\u202fa.m.-768x436.png 768w, https:\/\/losperiodistas.com.mx\/portal\/wp-content\/uploads\/2024\/08\/Captura-de-pantalla-2024-08-31-a-las-10.11.17\u202fa.m..png 1512w\" sizes=\"(max-width: 1024px) 100vw, 1024px\" \/><figcaption><a href=\"https:\/\/players.brightcove.net\/55814260001\/Bki6qnWf_default\/index.html?videoId=6361150074112\">santa teresa sepulcro<\/a> en <a href=\"http:\/\/www.abc.es\/\/multimedia\/videos\">Videos<\/a><\/figcaption><\/figure>\n\n\n\n<p><a href=\"https:\/\/players.brightcove.net\/55814260001\/Bki6qnWf_default\/index.html?videoId=6361150074112\">https:\/\/players.brightcove.net\/55814260001\/Bki6qnWf_default\/index.html?videoId=6361150074112<\/a><\/p>\n\n\n\n<p><\/p>\n\n\n\n<p><\/p>\n\n\n\n<p class=\"has-vivid-red-color has-text-color has-medium-font-size\"><strong>Montse Serrador \/ ABC<\/strong><\/p>\n\n\n\n<p>Alba de Tormes (Salamanca)<\/p>\n\n\n\n<p>Bajo el espectacular cielo azul de Alba de Tormes lleg\u00f3 la esperada confirmaci\u00f3n: el cuerpo de Santa Teresa de Jes\u00fas sigue incorrupto. Es la primera conclusi\u00f3n a la que han llegado los investigadores&nbsp;<a href=\"https:\/\/www.abc.es\/historia\/desmembrado-repartido-europa-destino-cuerpo-incorrupto-santa-20240828140331-nt.html\">despu\u00e9s de abrir<\/a>&nbsp;a primera hora de la ma\u00f1ana de este mi\u00e9rcoles el sepulcro de la doctora abulense que se custodia en la Bas\u00edlica de la Anunciaci\u00f3n de la localidad en la que falleci\u00f3 en 1582.<\/p>\n\n\n\n<p>A las puertas de la Bas\u00edlica de la Anunciaci\u00f3n, en cuyo interior se encuentra el sepulcro, el postulador general de la Orden del Carmelo Descalzo,<strong>&nbsp;Marco Chiesa<\/strong>, y el prior de Alba de Tormes,&nbsp;<strong>Miguel \u00c1ngel Gonz\u00e1lez<\/strong>, han detallado c\u00f3mo se han desarrollado los trabajos durante toda la ma\u00f1ana para concluir que el estado de conservaci\u00f3n de la Santa es el mismo que el que est\u00e1 documentado, mediante una fotograf\u00eda, en 1914.<\/p>\n\n\n\n<p>Los dos frailes no pod\u00edan ocultar su alegr\u00eda por esta primera comprobaci\u00f3n que ha llevado a se\u00f1alar al padre Chiesa que el aspecto de la m\u00edstica abulense \u00abes el mismo\u00bb que hace m\u00e1s de un siglo. \u00abEn la jornada de hoy se ha abierto el sepulcro de Santa Teresa y hemos comprobado que est\u00e1 en las mismas condiciones que en la \u00faltima apertura de 1914\u00bb, ha insistido el carmelita italiano.<\/p>\n\n\n\n<figure class=\"wp-block-image\"><a href=\"https:\/\/www.abc.es\/sociedad\/apertura-sepulcro-santa-teresa-imagenes-20240828192545-ga.html\"><img decoding=\"async\" src=\"https:\/\/s3.abcstatics.com\/abc\/www\/multimedia\/espana\/2024\/08\/28\/sepulcro-U6021150270096nE--760x427@diario_abc.JPG\" alt=\"El sepulcro de santa Teresa en Alba Tormes poco antes de ser reabierto\"\/><\/a><figcaption>Galer\u00eda.&nbsp;El sepulcro de santa Teresa en Alba Tormes poco antes de ser reabierto&nbsp;OCD Ib\u00e9rica<\/figcaption><\/figure>\n\n\n\n<p>En el camar\u00edn que da cobijo al sepulcro hasta donde llegan miles de peregrinos cada a\u00f1o ya no est\u00e1 la urna de plata ni est\u00e1n el brazo y el coraz\u00f3n que tambi\u00e9n se est\u00e1n estudiando en una estancia contigua, junto con la mano de Santa Teresa que ha llegado expresamente desde Ronda (M\u00e1laga).<\/p>\n\n\n\n<p>El padre Chiesa ha detallado que el objetivo de esta actuaci\u00f3n es \u00ab<strong>comprobar aspectos de la vida de la santa como sus enfermedades y problemas<\/strong>, as\u00ed como el estado de conservaci\u00f3n del cuerpo para ver c\u00f3mo se puede intervenir para conservarlo por los siglos\u00bb. Se trata de \u00abconocer mejor a la santa, su ofrecimiento, sus \u00faltimos a\u00f1os de vida definidos por los dolores\u00bb, ha a\u00f1adido. En este sentido, ha avanzado que \u00abya se ha detectado que&nbsp;<strong>en el pie padec\u00eda espina calc\u00e1rea<\/strong>&nbsp;que le hac\u00eda imposible caminar, pero ella caminaba y lleg\u00f3 a Alba de Tormes y su deseo era proseguir pero era dif\u00edcil f\u00edsicamente\u00bb.<\/p>\n\n\n\n<p>Por su parte, el padre Miguel \u00c1ngel Gonz\u00e1lez ha explicado c\u00f3mo al abrir el sepulcro&nbsp;<strong>se han encontrado cr\u00f3nicas del traslado que se realiz\u00f3 dentro del monasterio en 1754<\/strong>, as\u00ed como muchas fotograf\u00edas que depositaron los vecinos de Alba de Tormes en la apertura de 1914. El carmelita ha reconocido su alegr\u00eda por c\u00f3mo se encuentra el cuerpo de Santa Teresa, aunque ha matizado que lo esperaban dado que el coraz\u00f3n y el brazo, que tambi\u00e9n est\u00e1n en la villa salmantina, se puede comprobar que est\u00e1n incorruptos.<\/p>\n\n\n\n<p>El prior de Alba de Tormes ha confesado a ABC que han&nbsp;<strong>vivido la ma\u00f1ana con mucha \u00abintensidad espiritual y emoci\u00f3n\u00bb<\/strong>, pero tambi\u00e9n \u00abcon mucha tranquilidad y serenidad\u00bb. Junto al cuerpo de la doctora de la Iglesia, la comunidad carmelita ha depositado muchas de las peticiones que han recibido durante estos d\u00edas, desde personales relacionadas con las enfermedades, hasta de gran calado porque \u00abcomo dec\u00eda la Santa, no son tiempos de tratar con Dios negocios de poca importancia\u00bb, reflexion\u00f3 el fraile.<\/p>\n\n\n\n<h3 class=\"wp-block-heading\">Urna de plata<\/h3>\n\n\n\n<p>A primera hora de la ma\u00f1ana de este mi\u00e9rcoles la comunidad de Madres Carmelitas Descalzas junto con el Postulador General de la Orden, los miembros del tribunal eclesi\u00e1stico y un reducido grupo de religiosos \u00abhemos trasladado con austeridad y solemnidad los relicarios al lugar habilitado para el estudio. Lo hemos hecho cantando el Te Deum con el coraz\u00f3n lleno de emoci\u00f3n\u00bb, ha se\u00f1alado el padre Miguel \u00c1ngel Gonz\u00e1lez.<\/p>\n\n\n\n<p>Primero se ha retirado la losa de m\u00e1rmol que hay en el sepulcro para poder sacar la urna de plata. Una vez en la sala habilitada para lo estudios y ya solo con el equipo m\u00e9dico cient\u00edfico y los miembros del tribunal eclesi\u00e1stico se ha abierto con las diez llaves que se necesitan, tres de las cuales est\u00e1n depositadas en Roma.<\/p>\n\n\n\n<p>El proceso para la apertura del sepulcro lo inici\u00f3 en agosto de 2022 el prior de Alba de Tormes y que cuenta con el benepl\u00e1cito del Vaticano y el papa Francisco. La actuaci\u00f3n contar\u00e1 con tres fases. La primera, que se prolongar\u00e1 hasta el pr\u00f3ximo d\u00eda 31 del mismo mes, ha supuesto la llegada a Alba de un equipo m\u00e9dico-cient\u00edfico encabezado por el prestigioso profesor Luigi Capasso con la participaci\u00f3n de dos colaboradores suyos. En los trabajos tambi\u00e9n participan los orfebres salmantinos&nbsp;<strong>Ignacio Manzano y Constantino Mart\u00edn<\/strong>&nbsp;para la conservaci\u00f3n de los objetos preciosos.Noticia Relacionada<\/p>\n\n\n\n<figure class=\"wp-block-image\"><a href=\"https:\/\/www.abc.es\/espana\/castilla-leon\/sepulcro-santa-teresa-reabrira-110-anos-despues-20240820205311-nt.html#vca=modulo-rel-uno&amp;vso=abc&amp;vmc=noticias-rel&amp;vli=espana\"><img decoding=\"async\" src=\"https:\/\/s1.abcstatics.com\/abc\/www\/multimedia\/espana\/2024\/08\/20\/sepulcrosantateresa-U41136051286Hdo-366x256@diario_abc.jpg\" alt=\"El sepulcro de Santa Teresa se reabrir\u00e1 110 a\u00f1os despu\u00e9s para el estudio de sus reliquias\"\/><\/a><\/figure>\n\n\n\n<h3 class=\"wp-block-heading\"><a href=\"https:\/\/www.abc.es\/espana\/castilla-leon\/sepulcro-santa-teresa-reabrira-110-anos-despues-20240820205311-nt.html#vca=modulo-rel-uno&amp;vso=abc&amp;vmc=noticias-rel&amp;vli=espana\">El sepulcro de Santa Teresa se reabrir\u00e1 110 a\u00f1os despu\u00e9s para el estudio de sus reliquias<\/a><\/h3>\n\n\n\n<p>ABC<\/p>\n\n\n\n<p>Desde el 28 de agosto y durante tres d\u00edas, un equipo especializado realizar\u00e1 fotograf\u00edas y radiograf\u00edas que despu\u00e9s se estudiar\u00e1n en Italia<\/p>\n\n\n\n<p>Posteriormente, se realizar\u00e1n los trabajos de reconocimiento visual, toma de fotograf\u00edas y radiograf\u00edas por parte de un equipo especializado y de \u00faltima generaci\u00f3n de Madrid, que estar\u00e1 dirigido por el&nbsp;<strong>doctor Jos\u00e9 Antonio Ruiz<\/strong>, de la empresa SSMRX. Adem\u00e1s, se aprovechar\u00e1 para realizar la adecuada limpieza de los relicarios. Concluida esta fase inicial, se cerrar\u00e1n los relicarios y se llevar\u00e1 nuevamente al Carmelo de Ronda la reliquia de la mano de la Santa.<\/p>\n\n\n\n<p>En la segunda fase, se estudiar\u00e1n todos los elementos tomados en los laboratorios de Italia por parte del equipo de m\u00e9dicos y cient\u00edficos participantes. El tiempo estimado es de varios meses y, a su finalizaci\u00f3n, se publicar\u00e1n los resultados del estudio y las conclusiones cient\u00edficas.<\/p>\n\n\n\n<p>M\u00c1S INFORMACI\u00d3N<\/p>\n\n\n\n<ul class=\"wp-block-list\"><li><a href=\"https:\/\/www.abc.es\/historia\/desmembrado-repartido-europa-destino-cuerpo-incorrupto-santa-20240828140331-nt.html#vca=modulo&amp;vso=abc&amp;vmc=noticias-rel&amp;vli=espana\">El sepulcro de Santa Teresa, a la luz tras 110 a\u00f1os: la historia de un cuerpo incorrupto repartido<\/a><\/li><li><a href=\"https:\/\/www.abc.es\/archivo\/abci-tesoros-guerra-civil-rara-obsesion-franco-mano-amputada-cadaver-santa-teresa-202104160208_noticia.html#vca=modulo&amp;vso=abc&amp;vmc=noticias-rel&amp;vli=espana\">La rara obsesi\u00f3n de Franco por la mano amputada del cad\u00e1ver de Santa Teresa<\/a><\/li><\/ul>\n\n\n\n<p>Por \u00faltimo, en Alba de Tormes, se propondr\u00e1n algunas intervenciones para la mejor conservaci\u00f3n del cuerpo y de las reliquias, traslad\u00e1ndose de nuevo la\u00a0<a href=\"https:\/\/www.abc.es\/archivo\/abci-tesoros-guerra-civil-rara-obsesion-franco-mano-amputada-cadaver-santa-teresa-202104160208_noticia.html\">reliquia de la mano<\/a>\u00a0de Santa Teresa a este municipio. Se cerrar\u00e1n y se sellar\u00e1n el sepulcro y los relicarios con la ayuda de los orfebres, asegurando la conservaci\u00f3n de las reliquias, y participar\u00e1 en el proceso el tribunal nombrado el 1 de agosto por el obispo de Salamanca,\u00a0<strong>Jos\u00e9 Luis Retana<\/strong>, y que est\u00e1 conformado por el delegado episcopal,\u00a0<strong>Francisco S\u00e1nchez Oreja<\/strong>, el prior de Alba de Tormes,\u00a0<strong>Miguel \u00c1ngel Gonz\u00e1lez<\/strong>, y la superiora de las Hijas de la Caridad de Alba de Tormes,<strong>\u00a0Remigia Bl\u00e1zquez<\/strong>.<\/p>\n\n\n\n<p>Fuente: <a href=\"https:\/\/www.abc.es\/espana\/castilla-leon\/cuerpo-santa-teresa-sigue-incorrupto-20240828145344-nt.html#\">https:\/\/www.abc.es\/espana\/castilla-leon\/cuerpo-santa-teresa-sigue-incorrupto-20240828145344-nt.html#<\/a><\/p>\n","protected":false},"excerpt":{"rendered":"<p>Un equipo cient\u00edfico italiano examinar\u00e1 el cuerpo durante cuatro d\u00edas en una investigaci\u00f3n sobre su estado y conservaci\u00f3n https:\/\/players.brightcove.net\/55814260001\/Bki6qnWf_default\/index.html?videoId=6361150074112 Montse [&hellip;]<\/p>\n","protected":false},"author":1,"featured_media":83952,"comment_status":"open","ping_status":"open","sticky":false,"template":"","format":"standard","meta":{"site-sidebar-layout":"default","site-content-layout":"","ast-site-content-layout":"default","site-content-style":"default","site-sidebar-style":"default","ast-global-header-display":"","ast-banner-title-visibility":"","ast-main-header-display":"","ast-hfb-above-header-display":"","ast-hfb-below-header-display":"","ast-hfb-mobile-header-display":"","site-post-title":"","ast-breadcrumbs-content":"","ast-featured-img":"","footer-sml-layout":"","theme-transparent-header-meta":"","adv-header-id-meta":"","stick-header-meta":"","header-above-stick-meta":"","header-main-stick-meta":"","header-below-stick-meta":"","astra-migrate-meta-layouts":"default","ast-page-background-enabled":"default","ast-page-background-meta":{"desktop":{"background-color":"var(--ast-global-color-4)","background-image":"","background-repeat":"repeat","background-position":"center center","background-size":"auto","background-attachment":"scroll","background-type":"","background-media":"","overlay-type":"","overlay-color":"","overlay-opacity":"","overlay-gradient":""},"tablet":{"background-color":"","background-image":"","background-repeat":"repeat","background-position":"center center","background-size":"auto","background-attachment":"scroll","background-type":"","background-media":"","overlay-type":"","overlay-color":"","overlay-opacity":"","overlay-gradient":""},"mobile":{"background-color":"","background-image":"","background-repeat":"repeat","background-position":"center center","background-size":"auto","background-attachment":"scroll","background-type":"","background-media":"","overlay-type":"","overlay-color":"","overlay-opacity":"","overlay-gradient":""}},"ast-content-background-meta":{"desktop":{"background-color":"var(--ast-global-color-5)","background-image":"","background-repeat":"repeat","background-position":"center center","background-size":"auto","background-attachment":"scroll","background-type":"","background-media":"","overlay-type":"","overlay-color":"","overlay-opacity":"","overlay-gradient":""},"tablet":{"background-color":"var(--ast-global-color-5)","background-image":"","background-repeat":"repeat","background-position":"center center","background-size":"auto","background-attachment":"scroll","background-type":"","background-media":"","overlay-type":"","overlay-color":"","overlay-opacity":"","overlay-gradient":""},"mobile":{"background-color":"var(--ast-global-color-5)","background-image":"","background-repeat":"repeat","background-position":"center center","background-size":"auto","background-attachment":"scroll","background-type":"","background-media":"","overlay-type":"","overlay-color":"","overlay-opacity":"","overlay-gradient":""}},"footnotes":""},"categories":[8],"tags":[29490,29408],"class_list":["post-83951","post","type-post","status-publish","format-standard","has-post-thumbnail","hentry","category-noticias","tag-cuerpo-incorrupto","tag-santa-teresa-de-jesus"],"_links":{"self":[{"href":"https:\/\/losperiodistas.com.mx\/portal\/wp-json\/wp\/v2\/posts\/83951","targetHints":{"allow":["GET"]}}],"collection":[{"href":"https:\/\/losperiodistas.com.mx\/portal\/wp-json\/wp\/v2\/posts"}],"about":[{"href":"https:\/\/losperiodistas.com.mx\/portal\/wp-json\/wp\/v2\/types\/post"}],"author":[{"embeddable":true,"href":"https:\/\/losperiodistas.com.mx\/portal\/wp-json\/wp\/v2\/users\/1"}],"replies":[{"embeddable":true,"href":"https:\/\/losperiodistas.com.mx\/portal\/wp-json\/wp\/v2\/comments?post=83951"}],"version-history":[{"count":1,"href":"https:\/\/losperiodistas.com.mx\/portal\/wp-json\/wp\/v2\/posts\/83951\/revisions"}],"predecessor-version":[{"id":83953,"href":"https:\/\/losperiodistas.com.mx\/portal\/wp-json\/wp\/v2\/posts\/83951\/revisions\/83953"}],"wp:featuredmedia":[{"embeddable":true,"href":"https:\/\/losperiodistas.com.mx\/portal\/wp-json\/wp\/v2\/media\/83952"}],"wp:attachment":[{"href":"https:\/\/losperiodistas.com.mx\/portal\/wp-json\/wp\/v2\/media?parent=83951"}],"wp:term":[{"taxonomy":"category","embeddable":true,"href":"https:\/\/losperiodistas.com.mx\/portal\/wp-json\/wp\/v2\/categories?post=83951"},{"taxonomy":"post_tag","embeddable":true,"href":"https:\/\/losperiodistas.com.mx\/portal\/wp-json\/wp\/v2\/tags?post=83951"}],"curies":[{"name":"wp","href":"https:\/\/api.w.org\/{rel}","templated":true}]}}