{"id":83948,"date":"2024-08-31T10:28:51","date_gmt":"2024-08-31T15:28:51","guid":{"rendered":"https:\/\/losperiodistas.com.mx\/portal\/?p=83948"},"modified":"2024-08-31T10:28:53","modified_gmt":"2024-08-31T15:28:53","slug":"brasil-amanece-sin-la-red-social-x-tras-decision-de-la-corte-suprema-efe","status":"publish","type":"post","link":"https:\/\/losperiodistas.com.mx\/portal\/brasil-amanece-sin-la-red-social-x-tras-decision-de-la-corte-suprema-efe\/","title":{"rendered":"Brasil amanece sin la red social X tras decisi\u00f3n de la Corte Suprema | EFE"},"content":{"rendered":"\n<figure class=\"wp-block-image size-large\"><img fetchpriority=\"high\" decoding=\"async\" width=\"1024\" height=\"683\" src=\"https:\/\/losperiodistas.com.mx\/portal\/wp-content\/uploads\/2024\/08\/Brasil-X1-1024x683.jpeg\" alt=\"\" class=\"wp-image-83949\" srcset=\"https:\/\/losperiodistas.com.mx\/portal\/wp-content\/uploads\/2024\/08\/Brasil-X1-1024x683.jpeg 1024w, https:\/\/losperiodistas.com.mx\/portal\/wp-content\/uploads\/2024\/08\/Brasil-X1-300x200.jpeg 300w, https:\/\/losperiodistas.com.mx\/portal\/wp-content\/uploads\/2024\/08\/Brasil-X1-768x512.jpeg 768w, https:\/\/losperiodistas.com.mx\/portal\/wp-content\/uploads\/2024\/08\/Brasil-X1-1536x1024.jpeg 1536w, https:\/\/losperiodistas.com.mx\/portal\/wp-content\/uploads\/2024\/08\/Brasil-X1.jpeg 1761w\" sizes=\"(max-width: 1024px) 100vw, 1024px\" \/><figcaption>Fotograf\u00eda de un celular que muestra la aplicaci\u00f3n de la red social X momentos despu\u00e9s de haber dejado de funcionar en Brasil debido a un bloqueo impuesto por el Supremo Tribunal Federal, el 30 de agosto de 2024, en Sao Paulo (Brasil). EFE\/ Isaac Fontana<\/figcaption><\/figure>\n\n\n\n<p class=\"has-vivid-red-color has-text-color has-medium-font-size\"><strong>EFE<\/strong><\/p>\n\n\n\n<p>Agosto 31 2024<\/p>\n\n\n\n<p>R\u00edo de Janeiro (EFE).- La red social X comenz\u00f3 a ser suspendida en Brasil este s\u00e1bado despu\u00e9s de que las principales operadoras del pa\u00eds acataran la decisi\u00f3n de un magistrado de la Corte Suprema de Justicia ante el incumplimiento de \u201c\u00f3rdenes judiciales\u201d impuestas a la plataforma.<\/p>\n\n\n\n<p>Desde la madrugada de este s\u00e1bado clientes de Vivo, Claro y Oi, las principales operadoras del pa\u00eds, reportaron la ca\u00edda de la red social, a la que tampoco pudo acceder EFE.<\/p>\n\n\n\n<h2 class=\"wp-block-heading\" id=\"h-que-sucede-ahora-en-brasil-con-x\">\u00bfQu\u00e9 sucede ahora en Brasil con X?<\/h2>\n\n\n\n<p>La suspensi\u00f3n la orden\u00f3 el viernes&nbsp;<a href=\"https:\/\/efe.com\/economia\/2024-08-30\/la-corte-suprema-de-brasil-ordena-la-suspension-de-x\/\">el magistrado Alexandre de Moraes<\/a>, despu\u00e9s de que el magnate Elon Musk, propietario de X, incumpliera la orden de nombrar, en un plazo de 24 horas, un representante legal de la plataforma en Brasil.<\/p>\n\n\n\n<p>En su dictamen, el juez orden\u00f3 a la Agencia Nacional de Telecomunicaciones (Anatel, \u00f3rgano regulador) adoptar \u201cinmediatamente todas las medidas necesarias\u201d para hacer efectiva la decisi\u00f3n contra la red social \u201cen todo el territorio nacional\u201d.<\/p>\n\n\n\n<figure class=\"wp-block-image\"><img decoding=\"async\" src=\"https:\/\/i0.wp.com\/efe.com\/wp-content\/uploads\/2024\/08\/Brasil-X2.jpg?resize=980%2C654&amp;ssl=1\" alt=\"Fotograf\u00eda de un celular que muestra la aplicaci\u00f3n de la red social X momentos despu\u00e9s de haber dejado de funcionar en Brasil debido a un bloqueo impuesto por el Supremo Tribunal Federal, el 30 de agosto de 2024, en Sao Paulo (Brasil). EFE\/ Isaac Fontana\" class=\"wp-image-1311583\"\/><figcaption>Fotograf\u00eda de un celular que muestra la aplicaci\u00f3n de la red social X momentos despu\u00e9s de haber dejado de funcionar en Brasil debido a un bloqueo impuesto por el Supremo Tribunal Federal, el 30 de agosto de 2024, en Sao Paulo (Brasil). EFE\/ Isaac Fontana<\/figcaption><\/figure>\n\n\n\n<p>El magistrado adem\u00e1s determin\u00f3 multas diarias de 50.000 reales (casi 9.000 d\u00f3lares o 8.064 euros) a quienes intentaran acceder a la red social mediante el Virtual Private Network (VPN), una herramienta que crea una conexi\u00f3n segura entre un dispositivo e internet y que se utiliza para proteger la privacidad en l\u00ednea.<\/p>\n\n\n\n<p>Inicialmente, De Moraes tambi\u00e9n hab\u00eda ordenado a Apple y Google adoptar trabas para impedir el uso del VPN por los sistemas iOS y Android, adem\u00e1s de eliminarla de sus tiendas virtuales, pero luego suspendi\u00f3 esa orden ante la posibilidad de que \u201cX Brasil\u201d se pronuncie y decida cumplir \u201cplenamente\u201d las \u00f3rdenes judiciales.<\/p>\n\n\n\n<p>La suspensi\u00f3n del servicio, sin embargo, no se dio de forma instant\u00e1nea pues, seg\u00fan Anatel, existen unos 20.000 operadores en el pa\u00eds que deben impedir el acceso de los clientes a todos los servidores de la red social.<\/p>\n\n\n\n<h2 class=\"wp-block-heading\" id=\"h-en-la-mira-de-la-justicia\">En la mira de la Justicia<\/h2>\n\n\n\n<p>La sentencia se enmarca dentro de una investigaci\u00f3n por la difusi\u00f3n de noticias falsas en la que figura el empresario sudafricano bajo la sospecha de haber cometido delitos de obstrucci\u00f3n a la justicia, organizaci\u00f3n criminal e incitaci\u00f3n al crimen.<\/p>\n\n\n\n<p>De Moraes afirm\u00f3 que tom\u00f3 esa determinaci\u00f3n por \u201cel incumplimiento de \u00f3rdenes judiciales\u201d por parte de X y por la \u201ctentativa de no someterse al ordenamiento jur\u00eddico brasile\u00f1o\u201d con la intenci\u00f3n de \u201cinstituir un ambiente de total impunidad y de tierra sin ley\u201d.<\/p>\n\n\n\n<p>En este sentido, orden\u00f3 la suspensi\u00f3n \u201cinmediata\u201d hasta que \u201csean cumplidas\u201d todas las \u00f3rdenes judiciales y pagadas las multas millonarias impuestas a X.<\/p>\n\n\n\n<figure class=\"wp-block-embed is-type-rich is-provider-twitter wp-block-embed-twitter\"><div class=\"wp-block-embed__wrapper\">\n<blockquote class=\"twitter-tweet\" data-width=\"500\" data-dnt=\"true\"><p lang=\"en\" dir=\"ltr\">\ud835\udd4f is the most used news source in Brazil. It is what the people want. <br><br>Now, the tyrant de Voldemort is crushing the people\u2019s right to free speech. <a href=\"https:\/\/t.co\/gR8aq3JzzU\">https:\/\/t.co\/gR8aq3JzzU<\/a><\/p>&mdash; Elon Musk (@elonmusk) <a href=\"https:\/\/twitter.com\/elonmusk\/status\/1829778143449698764?ref_src=twsrc%5Etfw\">August 31, 2024<\/a><\/blockquote><script async src=\"https:\/\/platform.twitter.com\/widgets.js\" charset=\"utf-8\"><\/script>\n<\/div><\/figure>\n\n\n\n<p>Los problemas comenzaron meses atr\u00e1s, despu\u00e9s de que el juez ordenara la eliminaci\u00f3n de una serie de perfiles por supuestamente desinformar y Musk se negara a hacerlo, acusando al juez de actuar sin un motivo aparente.<\/p>\n\n\n\n<p>La suspensi\u00f3n de la red social estar\u00e1 activa hasta que \u201cse cumplan\u201d todas las \u00f3rdenes judiciales y pagadas las multas millonarias impuestas a X.<\/p>\n\n\n\n<p>Brasil es uno de los pa\u00edses del mundo con m\u00e1s usuarios activos de X, con unos 20 millones.<\/p>\n\n\n\n<p>Esta no es la primera vez que la Justicia brasile\u00f1a determina la suspensi\u00f3n de una red social. Ya ocurri\u00f3 con YouTube (2007), WhatsApp (2015 y 2016) y Telegram (2023) por falta de colaboraci\u00f3n en diversas investigaciones judiciales.<\/p>\n\n\n\n<p>Fuente: <a href=\"https:\/\/efe.com\/economia\/2024-08-31\/brasil-bloqueo-red-social-x\/\">https:\/\/efe.com\/economia\/2024-08-31\/brasil-bloqueo-red-social-x\/<\/a><\/p>\n","protected":false},"excerpt":{"rendered":"<p>EFE Agosto 31 2024 R\u00edo de Janeiro (EFE).- La red social X comenz\u00f3 a ser suspendida en Brasil este s\u00e1bado [&hellip;]<\/p>\n","protected":false},"author":1,"featured_media":83949,"comment_status":"open","ping_status":"open","sticky":false,"template":"","format":"standard","meta":{"site-sidebar-layout":"default","site-content-layout":"","ast-site-content-layout":"default","site-content-style":"default","site-sidebar-style":"default","ast-global-header-display":"","ast-banner-title-visibility":"","ast-main-header-display":"","ast-hfb-above-header-display":"","ast-hfb-below-header-display":"","ast-hfb-mobile-header-display":"","site-post-title":"","ast-breadcrumbs-content":"","ast-featured-img":"","footer-sml-layout":"","theme-transparent-header-meta":"","adv-header-id-meta":"","stick-header-meta":"","header-above-stick-meta":"","header-main-stick-meta":"","header-below-stick-meta":"","astra-migrate-meta-layouts":"default","ast-page-background-enabled":"default","ast-page-background-meta":{"desktop":{"background-color":"var(--ast-global-color-4)","background-image":"","background-repeat":"repeat","background-position":"center center","background-size":"auto","background-attachment":"scroll","background-type":"","background-media":"","overlay-type":"","overlay-color":"","overlay-opacity":"","overlay-gradient":""},"tablet":{"background-color":"","background-image":"","background-repeat":"repeat","background-position":"center center","background-size":"auto","background-attachment":"scroll","background-type":"","background-media":"","overlay-type":"","overlay-color":"","overlay-opacity":"","overlay-gradient":""},"mobile":{"background-color":"","background-image":"","background-repeat":"repeat","background-position":"center center","background-size":"auto","background-attachment":"scroll","background-type":"","background-media":"","overlay-type":"","overlay-color":"","overlay-opacity":"","overlay-gradient":""}},"ast-content-background-meta":{"desktop":{"background-color":"var(--ast-global-color-5)","background-image":"","background-repeat":"repeat","background-position":"center center","background-size":"auto","background-attachment":"scroll","background-type":"","background-media":"","overlay-type":"","overlay-color":"","overlay-opacity":"","overlay-gradient":""},"tablet":{"background-color":"var(--ast-global-color-5)","background-image":"","background-repeat":"repeat","background-position":"center center","background-size":"auto","background-attachment":"scroll","background-type":"","background-media":"","overlay-type":"","overlay-color":"","overlay-opacity":"","overlay-gradient":""},"mobile":{"background-color":"var(--ast-global-color-5)","background-image":"","background-repeat":"repeat","background-position":"center center","background-size":"auto","background-attachment":"scroll","background-type":"","background-media":"","overlay-type":"","overlay-color":"","overlay-opacity":"","overlay-gradient":""}},"footnotes":""},"categories":[8],"tags":[29489,2757],"class_list":["post-83948","post","type-post","status-publish","format-standard","has-post-thumbnail","hentry","category-noticias","tag-brasil-sin-x","tag-elon-musk"],"_links":{"self":[{"href":"https:\/\/losperiodistas.com.mx\/portal\/wp-json\/wp\/v2\/posts\/83948","targetHints":{"allow":["GET"]}}],"collection":[{"href":"https:\/\/losperiodistas.com.mx\/portal\/wp-json\/wp\/v2\/posts"}],"about":[{"href":"https:\/\/losperiodistas.com.mx\/portal\/wp-json\/wp\/v2\/types\/post"}],"author":[{"embeddable":true,"href":"https:\/\/losperiodistas.com.mx\/portal\/wp-json\/wp\/v2\/users\/1"}],"replies":[{"embeddable":true,"href":"https:\/\/losperiodistas.com.mx\/portal\/wp-json\/wp\/v2\/comments?post=83948"}],"version-history":[{"count":1,"href":"https:\/\/losperiodistas.com.mx\/portal\/wp-json\/wp\/v2\/posts\/83948\/revisions"}],"predecessor-version":[{"id":83950,"href":"https:\/\/losperiodistas.com.mx\/portal\/wp-json\/wp\/v2\/posts\/83948\/revisions\/83950"}],"wp:featuredmedia":[{"embeddable":true,"href":"https:\/\/losperiodistas.com.mx\/portal\/wp-json\/wp\/v2\/media\/83949"}],"wp:attachment":[{"href":"https:\/\/losperiodistas.com.mx\/portal\/wp-json\/wp\/v2\/media?parent=83948"}],"wp:term":[{"taxonomy":"category","embeddable":true,"href":"https:\/\/losperiodistas.com.mx\/portal\/wp-json\/wp\/v2\/categories?post=83948"},{"taxonomy":"post_tag","embeddable":true,"href":"https:\/\/losperiodistas.com.mx\/portal\/wp-json\/wp\/v2\/tags?post=83948"}],"curies":[{"name":"wp","href":"https:\/\/api.w.org\/{rel}","templated":true}]}}