{"id":83945,"date":"2024-08-31T10:04:22","date_gmt":"2024-08-31T15:04:22","guid":{"rendered":"https:\/\/losperiodistas.com.mx\/portal\/?p=83945"},"modified":"2024-08-31T10:04:24","modified_gmt":"2024-08-31T15:04:24","slug":"hay-muchas-cosas-mal-en-la-casa-del-dragon-afirma-su-creador-george-r-r-martin-forbes","status":"publish","type":"post","link":"https:\/\/losperiodistas.com.mx\/portal\/hay-muchas-cosas-mal-en-la-casa-del-dragon-afirma-su-creador-george-r-r-martin-forbes\/","title":{"rendered":"Hay muchas cosas \u2018mal\u2019 en \u2018La Casa del Drag\u00f3n\u2019, afirma su creador George R.R. Martin | Forbes"},"content":{"rendered":"\n<p class=\"has-medium-font-size\"><em>El autor del libro que inspir\u00f3 la exitosa serie no parece satisfecho con la direcci\u00f3n que tom\u00f3 el programa semanas despu\u00e9s de marcar su segundo final de temporada.<\/em><\/p>\n\n\n\n<figure class=\"wp-block-image\"><img decoding=\"async\" src=\"https:\/\/cdn.forbes.com.mx\/2024\/08\/La-Casa-del-Dragon-640x360.webp\" alt=\"La-Casa-del-Drag\u00f3n\"\/><figcaption>Foto: Max<\/figcaption><\/figure>\n\n\n\n<p><a href=\"https:\/\/www.forbes.com.mx\/author\/mary-whitfill-roeloffs\/\">Mary Whitfill Roeloffs<\/a> \/ Forbes<\/p>\n\n\n\n<p>El autor del libro que inspir\u00f3 la exitosa serie de televisi\u00f3n&nbsp;<em>La Casa del Drag\u00f3n<\/em>&nbsp;de HBO, y que cre\u00f3 el universo m\u00e1s amplio de<em>Game of Thrones<\/em>, no parece satisfecho con la direcci\u00f3n que tom\u00f3 el programa semanas despu\u00e9s de marcar su segundo final de temporada y el punto medio de la producci\u00f3n.<\/p>\n\n\n\n<p>George R.R. Martin acudi\u00f3 a su blog&nbsp;este viernes para decir que escribir\u00e1 una publicaci\u00f3n futura \u201csobre todo lo que sali\u00f3 mal con&nbsp;<em>La Casa del Drag\u00f3n<\/em>\u201c, pero no entr\u00f3 en detalles sobre qu\u00e9 es lo que espec\u00edficamente no le gusta de la serie o cu\u00e1ndo lo har\u00eda.<\/p>\n\n\n\n<p>Martin aparece como creador de la serie&nbsp;<em>La Casa del Drag\u00f3n<\/em>&nbsp;junto a Ryan Condal y es productor ejecutivo del programa, pero no est\u00e1 claro hasta qu\u00e9 punto est\u00e1 involucrado en las decisiones de la trama u otras elecciones.<\/p>\n\n\n\n<p>La serie, que tendr\u00e1&nbsp;cuatro temporadas&nbsp;antes de terminar, est\u00e1 basada en el libro de Martin de 2018,&nbsp;<em>Fire &amp; Blood<\/em>, pero los fan\u00e1ticos \u00e1vidos se apresuraron a se\u00f1alar todas las&nbsp;diferencias&nbsp;que existen entre la producci\u00f3n y su material original.<\/p>\n\n\n\n<p class=\"has-cyan-bluish-gray-background-color has-background\"><strong><em>Lee:&nbsp;<a href=\"https:\/\/www.forbes.com.mx\/la-casa-del-dragon-terminara-despues-de-la-temporada-4\/\">\u2018La Casa del Drag\u00f3n\u2019 terminar\u00e1 despu\u00e9s de la temporada 4<\/a><\/em><\/strong><\/p>\n\n\n\n<p>La segunda temporada, que dur\u00f3 solo ocho episodios, termin\u00f3 momentos antes de una secuencia de acci\u00f3n muy esperada y retras\u00f3 la esperada Batalla del Es\u00f3fago hasta la temporada 3.<\/p>\n\n\n\n<p>Martin publica regularmente en su&nbsp;blog de WordPress \u201cNot A Blog\u201d desde 2005. Sus reflexiones abarcan desde la NFL hasta la pol\u00edtica y los acontecimientos locales cerca de su hogar en Nuevo M\u00e9xico, y el blog se autodenomina \u201cel \u00fanico lugar para la comunicaci\u00f3n oficial de George R.R. Martin\u201d.<\/p>\n\n\n\n<p><em>La Casa del Drag\u00f3n<\/em>&nbsp;debut\u00f3 por primera vez en HBO en el verano de 2022 y la temporada 2 se emiti\u00f3 este a\u00f1o. El programa se centra en la rivalidad entre los herederos percibidos del Trono de Hierro: Rhaenyra Targaryen y sus medio hermanos, Aegon II y Aemond Targaryen.<\/p>\n\n\n\n<p>El final de la temporada 2 de&nbsp;<em>La Casa del Drag\u00f3n<\/em>&nbsp;fue visto por&nbsp;8.9 millones de personas&nbsp;cuando debut\u00f3 a principios de agosto, un 14% m\u00e1s que la audiencia del estreno de la temporada. Condal confirm\u00f3 durante una conferencia de prensa d\u00edas despu\u00e9s del final que lo m\u00e1s probable es que haya dos temporadas m\u00e1s del popular programa antes de que salga del aire.<\/p>\n\n\n\n<p>La pr\u00f3xima entrega de la serie se est\u00e1 escribiendo y entrar\u00e1 en producci\u00f3n a \u201cprincipios de 2025\u201d, coment\u00f3 Condal.<\/p>\n\n\n\n<p><strong><em><a href=\"https:\/\/www.forbes.com\/sites\/maryroeloffs\/2024\/08\/30\/house-of-the-dragon-creator-george-rr-martin-says-theres-a-lot-wrong-with-hit-series\/\">Este art\u00edculo fue publicado originalmente en Forbes US\u00a0<\/a><\/em><\/strong><\/p>\n\n\n\n<p>Fuente: <a href=\"https:\/\/www.forbes.com.mx\/hay-muchas-cosas-mal-en-la-casa-del-dragon-afirma-su-creador-george-r-r-martin\/\">https:\/\/www.forbes.com.mx\/hay-muchas-cosas-mal-en-la-casa-del-dragon-afirma-su-creador-george-r-r-martin\/<\/a><\/p>\n","protected":false},"excerpt":{"rendered":"<p>El autor del libro que inspir\u00f3 la exitosa serie no parece satisfecho con la direcci\u00f3n que tom\u00f3 el programa semanas [&hellip;]<\/p>\n","protected":false},"author":1,"featured_media":83946,"comment_status":"open","ping_status":"open","sticky":false,"template":"","format":"standard","meta":{"site-sidebar-layout":"default","site-content-layout":"","ast-site-content-layout":"default","site-content-style":"default","site-sidebar-style":"default","ast-global-header-display":"","ast-banner-title-visibility":"","ast-main-header-display":"","ast-hfb-above-header-display":"","ast-hfb-below-header-display":"","ast-hfb-mobile-header-display":"","site-post-title":"","ast-breadcrumbs-content":"","ast-featured-img":"","footer-sml-layout":"","theme-transparent-header-meta":"","adv-header-id-meta":"","stick-header-meta":"","header-above-stick-meta":"","header-main-stick-meta":"","header-below-stick-meta":"","astra-migrate-meta-layouts":"default","ast-page-background-enabled":"default","ast-page-background-meta":{"desktop":{"background-color":"var(--ast-global-color-4)","background-image":"","background-repeat":"repeat","background-position":"center center","background-size":"auto","background-attachment":"scroll","background-type":"","background-media":"","overlay-type":"","overlay-color":"","overlay-opacity":"","overlay-gradient":""},"tablet":{"background-color":"","background-image":"","background-repeat":"repeat","background-position":"center center","background-size":"auto","background-attachment":"scroll","background-type":"","background-media":"","overlay-type":"","overlay-color":"","overlay-opacity":"","overlay-gradient":""},"mobile":{"background-color":"","background-image":"","background-repeat":"repeat","background-position":"center center","background-size":"auto","background-attachment":"scroll","background-type":"","background-media":"","overlay-type":"","overlay-color":"","overlay-opacity":"","overlay-gradient":""}},"ast-content-background-meta":{"desktop":{"background-color":"var(--ast-global-color-5)","background-image":"","background-repeat":"repeat","background-position":"center center","background-size":"auto","background-attachment":"scroll","background-type":"","background-media":"","overlay-type":"","overlay-color":"","overlay-opacity":"","overlay-gradient":""},"tablet":{"background-color":"var(--ast-global-color-5)","background-image":"","background-repeat":"repeat","background-position":"center center","background-size":"auto","background-attachment":"scroll","background-type":"","background-media":"","overlay-type":"","overlay-color":"","overlay-opacity":"","overlay-gradient":""},"mobile":{"background-color":"var(--ast-global-color-5)","background-image":"","background-repeat":"repeat","background-position":"center center","background-size":"auto","background-attachment":"scroll","background-type":"","background-media":"","overlay-type":"","overlay-color":"","overlay-opacity":"","overlay-gradient":""}},"footnotes":""},"categories":[8],"tags":[29488,29487,12059],"class_list":["post-83945","post","type-post","status-publish","format-standard","has-post-thumbnail","hentry","category-noticias","tag-george-r-r-martin","tag-impresisiones-de-la-casa-del-dragon","tag-la-casa-del-dragon"],"_links":{"self":[{"href":"https:\/\/losperiodistas.com.mx\/portal\/wp-json\/wp\/v2\/posts\/83945","targetHints":{"allow":["GET"]}}],"collection":[{"href":"https:\/\/losperiodistas.com.mx\/portal\/wp-json\/wp\/v2\/posts"}],"about":[{"href":"https:\/\/losperiodistas.com.mx\/portal\/wp-json\/wp\/v2\/types\/post"}],"author":[{"embeddable":true,"href":"https:\/\/losperiodistas.com.mx\/portal\/wp-json\/wp\/v2\/users\/1"}],"replies":[{"embeddable":true,"href":"https:\/\/losperiodistas.com.mx\/portal\/wp-json\/wp\/v2\/comments?post=83945"}],"version-history":[{"count":1,"href":"https:\/\/losperiodistas.com.mx\/portal\/wp-json\/wp\/v2\/posts\/83945\/revisions"}],"predecessor-version":[{"id":83947,"href":"https:\/\/losperiodistas.com.mx\/portal\/wp-json\/wp\/v2\/posts\/83945\/revisions\/83947"}],"wp:featuredmedia":[{"embeddable":true,"href":"https:\/\/losperiodistas.com.mx\/portal\/wp-json\/wp\/v2\/media\/83946"}],"wp:attachment":[{"href":"https:\/\/losperiodistas.com.mx\/portal\/wp-json\/wp\/v2\/media?parent=83945"}],"wp:term":[{"taxonomy":"category","embeddable":true,"href":"https:\/\/losperiodistas.com.mx\/portal\/wp-json\/wp\/v2\/categories?post=83945"},{"taxonomy":"post_tag","embeddable":true,"href":"https:\/\/losperiodistas.com.mx\/portal\/wp-json\/wp\/v2\/tags?post=83945"}],"curies":[{"name":"wp","href":"https:\/\/api.w.org\/{rel}","templated":true}]}}