{"id":83939,"date":"2024-08-31T09:43:03","date_gmt":"2024-08-31T14:43:03","guid":{"rendered":"https:\/\/losperiodistas.com.mx\/portal\/?p=83939"},"modified":"2024-08-31T09:43:06","modified_gmt":"2024-08-31T14:43:06","slug":"dia-internacional-de-la-solidaridad-did","status":"publish","type":"post","link":"https:\/\/losperiodistas.com.mx\/portal\/dia-internacional-de-la-solidaridad-did\/","title":{"rendered":"D\u00eda Internacional de la Solidaridad | DID"},"content":{"rendered":"\n<div class=\"wp-block-image\"><figure class=\"alignright size-full is-resized\"><img fetchpriority=\"high\" decoding=\"async\" src=\"https:\/\/losperiodistas.com.mx\/portal\/wp-content\/uploads\/2024\/08\/08-31_dia-internacional-solidaridad.jpg\" alt=\"\" class=\"wp-image-83940\" width=\"466\" height=\"310\" srcset=\"https:\/\/losperiodistas.com.mx\/portal\/wp-content\/uploads\/2024\/08\/08-31_dia-internacional-solidaridad.jpg 305w, https:\/\/losperiodistas.com.mx\/portal\/wp-content\/uploads\/2024\/08\/08-31_dia-internacional-solidaridad-300x200.jpg 300w\" sizes=\"(max-width: 466px) 100vw, 466px\" \/><\/figure><\/div>\n\n\n\n<p><\/p>\n\n\n\n<p class=\"has-vivid-red-color has-text-color has-medium-font-size\"><strong>REDACCI\u00d3N D\u00cdA INTERNACIONAL DE<\/strong><\/p>\n\n\n\n<p><strong>El 31 de agosto de cada a\u00f1o se celebra el D\u00eda Internacional de la Solidaridad<\/strong>. Se eligi\u00f3 esta fecha en honor al movimiento social polaco&nbsp;<em>Solidaridad<\/em>, que fue representado en 1980 por el gremio sindical&nbsp;<em>\u00abSolidarno\u015b\u0107\u00bb<\/em>.<\/p>\n\n\n\n<p>Este movimiento fue uno de los tantos responsables de la ca\u00edda del muro de Berl\u00edn. Es m\u00e1s, uno de sus dirigentes, Lech Walesa, fue consagrado con el Premio Nobel de la Paz gracias a que promovi\u00f3 los ideales de la solidaridad no solo en su pa\u00eds de origen sino por todo el planeta.<\/p>\n\n\n\n<p>Si bien esta celebraci\u00f3n tiene una trayectoria larga, existe otra fecha decretada oficialmente por la UNESCO denominada\u00a0<a href=\"https:\/\/www.diainternacionalde.com\/ficha\/dia-internacional-solidaridad-humana\" target=\"_blank\" rel=\"noreferrer noopener\"><strong>D\u00eda Internacional de la Solidaridad Humana<\/strong><\/a>, y que se celebra el 20 de diciembre.<\/p>\n\n\n\n<h2 class=\"wp-block-heading\" id=\"resTit_1\">El objetivo principal del D\u00eda Internacional de la Solidaridad<\/h2>\n\n\n\n<p>El prop\u00f3sito de este d\u00eda no ha variado mucho desde que se fundara el partido sindical. En realidad, se basa en un principio b\u00e1sico que es el de la ayuda mutua o el ser solidarios con los otros.<\/p>\n\n\n\n<p>Seg\u00fan el mismo Walesa, solo en la medida en que todos nos ayudemos y trabajemos por una causa com\u00fan que proporcione el mayor bienestar a todos, en esa misma medida viviremos en un mundo mucho m\u00e1s pac\u00edfico, enriquecedor y pr\u00f3spero para cada naci\u00f3n, pueblo o individuo.<\/p>\n\n\n\n<figure class=\"wp-block-embed is-type-video is-provider-youtube wp-block-embed-youtube wp-embed-aspect-16-9 wp-has-aspect-ratio\"><div class=\"wp-block-embed__wrapper\">\n<iframe title=\"Marta abri\u00f3 las puertas de su casa a los venezolanos\" width=\"500\" height=\"281\" src=\"https:\/\/www.youtube.com\/embed\/7SFpHh6C_nk?feature=oembed\" frameborder=\"0\" allow=\"accelerometer; autoplay; clipboard-write; encrypted-media; gyroscope; picture-in-picture; web-share\" referrerpolicy=\"strict-origin-when-cross-origin\" allowfullscreen><\/iframe>\n<\/div><figcaption><em>El ejemplo de Marta, una colombiana que ayuda a los venezolanos que atraviesan las altas monta\u00f1as de Colombia en busca de seguridad<\/em><\/figcaption><\/figure>\n\n\n\n<h2 class=\"wp-block-heading\" id=\"resTit_3\">\u00bfC\u00f3mo celebrar el D\u00eda Internacional de la Solidaridad?<\/h2>\n\n\n\n<p>Para celebrar este d\u00eda, primero hay que ser conscientes de cu\u00e1les son las verdaderas necesidades de nuestra comunidad, ciudad o pa\u00eds.<\/p>\n\n\n\n<p>Seg\u00fan la misma ONU, este d\u00eda no posee un programa fijo. Cada pa\u00eds o pueblo, es libre de celebrarlo como mejor se adapte a las necesidades de sus habitantes. Lo que no se debe perder de vista es que toda actividad debe reflejar un esp\u00edritu solidario propiciado por el deseo del bien com\u00fan.<\/p>\n\n\n\n<p>Entre las actividades que m\u00e1s se suelen realizar para conmemorar el D\u00eda Internacional de la Solidaridad est\u00e1n las siguientes:<\/p>\n\n\n\n<ul class=\"wp-block-list\"><li>Dar de comer a los m\u00e1s desfavorecidos.<\/li><li>Recolectar ropa para los pobres.<\/li><li>Realizar actividades de recreaci\u00f3n y esparcimiento en zonas p\u00fablicas.<\/li><li>Ayudar a los ni\u00f1os y las personas de la tercera edad de la zona en la que se vive.<\/li><li>Realizar jornadas de salud completamente gratuitas.<\/li><\/ul>\n\n\n\n<p>Realmente celebrar este d\u00eda es bastante sencillo, solo basta con interesarse un poco en las personas del entorno y plantear alguna actividad que de una soluci\u00f3n a sus necesidades m\u00e1s b\u00e1sicas.<\/p>\n\n\n\n<p>Fuente: <a href=\"https:\/\/www.diainternacionalde.com\/ficha\/dia-internacional-solidaridad\">https:\/\/www.diainternacionalde.com\/ficha\/dia-internacional-solidaridad<\/a><\/p>\n","protected":false},"excerpt":{"rendered":"<p>REDACCI\u00d3N D\u00cdA INTERNACIONAL DE El 31 de agosto de cada a\u00f1o se celebra el D\u00eda Internacional de la Solidaridad. Se [&hellip;]<\/p>\n","protected":false},"author":1,"featured_media":83940,"comment_status":"open","ping_status":"open","sticky":false,"template":"","format":"standard","meta":{"site-sidebar-layout":"default","site-content-layout":"","ast-site-content-layout":"default","site-content-style":"default","site-sidebar-style":"default","ast-global-header-display":"","ast-banner-title-visibility":"","ast-main-header-display":"","ast-hfb-above-header-display":"","ast-hfb-below-header-display":"","ast-hfb-mobile-header-display":"","site-post-title":"","ast-breadcrumbs-content":"","ast-featured-img":"","footer-sml-layout":"","theme-transparent-header-meta":"","adv-header-id-meta":"","stick-header-meta":"","header-above-stick-meta":"","header-main-stick-meta":"","header-below-stick-meta":"","astra-migrate-meta-layouts":"default","ast-page-background-enabled":"default","ast-page-background-meta":{"desktop":{"background-color":"var(--ast-global-color-4)","background-image":"","background-repeat":"repeat","background-position":"center center","background-size":"auto","background-attachment":"scroll","background-type":"","background-media":"","overlay-type":"","overlay-color":"","overlay-opacity":"","overlay-gradient":""},"tablet":{"background-color":"","background-image":"","background-repeat":"repeat","background-position":"center center","background-size":"auto","background-attachment":"scroll","background-type":"","background-media":"","overlay-type":"","overlay-color":"","overlay-opacity":"","overlay-gradient":""},"mobile":{"background-color":"","background-image":"","background-repeat":"repeat","background-position":"center center","background-size":"auto","background-attachment":"scroll","background-type":"","background-media":"","overlay-type":"","overlay-color":"","overlay-opacity":"","overlay-gradient":""}},"ast-content-background-meta":{"desktop":{"background-color":"var(--ast-global-color-5)","background-image":"","background-repeat":"repeat","background-position":"center center","background-size":"auto","background-attachment":"scroll","background-type":"","background-media":"","overlay-type":"","overlay-color":"","overlay-opacity":"","overlay-gradient":""},"tablet":{"background-color":"var(--ast-global-color-5)","background-image":"","background-repeat":"repeat","background-position":"center center","background-size":"auto","background-attachment":"scroll","background-type":"","background-media":"","overlay-type":"","overlay-color":"","overlay-opacity":"","overlay-gradient":""},"mobile":{"background-color":"var(--ast-global-color-5)","background-image":"","background-repeat":"repeat","background-position":"center center","background-size":"auto","background-attachment":"scroll","background-type":"","background-media":"","overlay-type":"","overlay-color":"","overlay-opacity":"","overlay-gradient":""}},"footnotes":""},"categories":[8],"tags":[29482,29484,29483,2807],"class_list":["post-83939","post","type-post","status-publish","format-standard","has-post-thumbnail","hentry","category-noticias","tag-dia-internacional-de-la-solidaridad-humana","tag-lech-walesa","tag-solidarnosc","tag-unesco"],"_links":{"self":[{"href":"https:\/\/losperiodistas.com.mx\/portal\/wp-json\/wp\/v2\/posts\/83939","targetHints":{"allow":["GET"]}}],"collection":[{"href":"https:\/\/losperiodistas.com.mx\/portal\/wp-json\/wp\/v2\/posts"}],"about":[{"href":"https:\/\/losperiodistas.com.mx\/portal\/wp-json\/wp\/v2\/types\/post"}],"author":[{"embeddable":true,"href":"https:\/\/losperiodistas.com.mx\/portal\/wp-json\/wp\/v2\/users\/1"}],"replies":[{"embeddable":true,"href":"https:\/\/losperiodistas.com.mx\/portal\/wp-json\/wp\/v2\/comments?post=83939"}],"version-history":[{"count":1,"href":"https:\/\/losperiodistas.com.mx\/portal\/wp-json\/wp\/v2\/posts\/83939\/revisions"}],"predecessor-version":[{"id":83941,"href":"https:\/\/losperiodistas.com.mx\/portal\/wp-json\/wp\/v2\/posts\/83939\/revisions\/83941"}],"wp:featuredmedia":[{"embeddable":true,"href":"https:\/\/losperiodistas.com.mx\/portal\/wp-json\/wp\/v2\/media\/83940"}],"wp:attachment":[{"href":"https:\/\/losperiodistas.com.mx\/portal\/wp-json\/wp\/v2\/media?parent=83939"}],"wp:term":[{"taxonomy":"category","embeddable":true,"href":"https:\/\/losperiodistas.com.mx\/portal\/wp-json\/wp\/v2\/categories?post=83939"},{"taxonomy":"post_tag","embeddable":true,"href":"https:\/\/losperiodistas.com.mx\/portal\/wp-json\/wp\/v2\/tags?post=83939"}],"curies":[{"name":"wp","href":"https:\/\/api.w.org\/{rel}","templated":true}]}}