{"id":83936,"date":"2024-08-31T09:26:51","date_gmt":"2024-08-31T14:26:51","guid":{"rendered":"https:\/\/losperiodistas.com.mx\/portal\/?p=83936"},"modified":"2024-08-31T09:26:53","modified_gmt":"2024-08-31T14:26:53","slug":"corrupcion-los-dichos-falsos-en-el-spot-de-amlo-para-el-6-informe-verificado-mx","status":"publish","type":"post","link":"https:\/\/losperiodistas.com.mx\/portal\/corrupcion-los-dichos-falsos-en-el-spot-de-amlo-para-el-6-informe-verificado-mx\/","title":{"rendered":"Corrupci\u00f3n: los dichos falsos en el spot de AMLO para el 6\u00b0 Informe | Verificado MX"},"content":{"rendered":"\n<figure class=\"wp-block-image size-large\"><img fetchpriority=\"high\" decoding=\"async\" width=\"1024\" height=\"538\" src=\"https:\/\/losperiodistas.com.mx\/portal\/wp-content\/uploads\/2024\/08\/cover-editoriales-81-1024x538.jpeg\" alt=\"\" class=\"wp-image-83937\" srcset=\"https:\/\/losperiodistas.com.mx\/portal\/wp-content\/uploads\/2024\/08\/cover-editoriales-81-1024x538.jpeg 1024w, https:\/\/losperiodistas.com.mx\/portal\/wp-content\/uploads\/2024\/08\/cover-editoriales-81-300x158.jpeg 300w, https:\/\/losperiodistas.com.mx\/portal\/wp-content\/uploads\/2024\/08\/cover-editoriales-81-768x403.jpeg 768w, https:\/\/losperiodistas.com.mx\/portal\/wp-content\/uploads\/2024\/08\/cover-editoriales-81.jpeg 1200w\" sizes=\"(max-width: 1024px) 100vw, 1024px\" \/><\/figure>\n\n\n\n<p><\/p>\n\n\n\n<p class=\"has-vivid-red-color has-text-color has-medium-font-size\"><strong>Por Debanhi Soto \/ Verificado MX<\/strong><\/p>\n\n\n\n<p>Como parte de la promoci\u00f3n a su \u00faltimo&nbsp;<a href=\"https:\/\/verificado.com.mx\/falso-no-corrupcion-amlo-6-informe\/#\">&nbsp;informe<\/a>&nbsp;de gobierno,&nbsp;<strong>Andr\u00e9s Manuel L\u00f3pez Obrador<\/strong>&nbsp;public\u00f3 una serie de spots informativos en los que comparte sus \u201clogros\u201d en distintas materias.<\/p>\n\n\n\n<p>En el \u00e1mbito de&nbsp;<strong>combate a la corrupci\u00f3n<\/strong>, el presidente afirm\u00f3 en un video publicado el 28 de agosto que en su gobierno no ocurrieron actos deshonestos. No obstante s\u00ed se presentaron casos y la poblaci\u00f3n tiene una imagen general de que la corrupci\u00f3n no se ha exterminado.<\/p>\n\n\n\n<p><a href=\"https:\/\/verificado.com.mx\/\">Verificado<\/a>, analiz\u00f3 las frases factuales expresadas por L\u00f3pez Obrador y estos son los resultados:<\/p>\n\n\n\n<h3 class=\"wp-block-heading\"><strong>Casos de corrupci\u00f3n involucran a la familia de L\u00f3pez Obrador<\/strong><\/h3>\n\n\n\n<p>El presidente se\u00f1al\u00f3 que en su administraci\u00f3n no se presentaron casos de corrupci\u00f3n. Sin embargo, en esta administraci\u00f3n se han registrado esc\u00e1ndalos, algunos de los cuales involucran a la familia de L\u00f3pez Obrador<\/p>\n\n\n\n<blockquote class=\"wp-block-quote is-layout-flow wp-block-quote-is-layout-flow\"><p>\u201cFuncion\u00f3 la econom\u00eda moral. No hubo corrupci\u00f3n, no hubo lujos en el gobierno\u201d coment\u00f3 Andr\u00e9s Manuel L\u00f3pez Obrador en un spot publicado el 28 de agosto.&nbsp;<\/p><\/blockquote>\n\n\n\n<p>Sin embargo, el 20 de agosto de 2020 se filtraron videos de&nbsp;<a href=\"https:\/\/contralacorrupcion.mx\/tablero-de-la-impunidad\/familiares-de-amlo\/\" rel=\"noreferrer noopener\" target=\"_blank\">P\u00edo L\u00f3pez Obrador<\/a>&nbsp;(hermano del presidente) recibiendo dinero de<strong>&nbsp;David Le\u00f3n Romero<\/strong>, quien era coordinador de Log\u00edstica de L\u00f3pez Obrador y despu\u00e9s fue Coordinador Nacional de Protecci\u00f3n Civil.&nbsp;<\/p>\n\n\n\n<p>Presuntamente los recursos que recibi\u00f3 P\u00edo L\u00f3pez Obrador, fueron usados para financiar la campa\u00f1a de AMLO, seg\u00fan detall\u00f3 una investigaci\u00f3n de&nbsp;<strong>Mexicanos Contra la Corrupci\u00f3n y la Impunidad<\/strong>&nbsp;(MCCI).<\/p>\n\n\n\n<p>Y aunque el 24 de agosto de 2020 la&nbsp;<a href=\"https:\/\/www.gob.mx\/fgr\/prensa\/comunicado-fgr-518-22-la-fiscalia-especializada-en-materia-de-delitos-electorales-de-la-fiscalia-general-de-la-republica-informa\" rel=\"noreferrer noopener\" target=\"_blank\">Fiscal\u00eda General de la Rep\u00fablica<\/a>&nbsp;abri\u00f3 una carpeta de investigaci\u00f3n por delitos de operaciones con recursos de procedencia il\u00edcita, delitos electorales y delitos relacionados con actos de corrupci\u00f3n; dos a\u00f1os m\u00e1s tarde el 24 de octubre de 2022 la FGR determin\u00f3 el no ejercicio de la acci\u00f3n penal y cerr\u00f3 el caso.<\/p>\n\n\n\n<p>Algo similar ocurri\u00f3 con&nbsp;<strong>Mart\u00edn Jes\u00fas L\u00f3pez Obrador<\/strong>, otro hermano del presidente a quien en un video filtrado tambi\u00e9n se le registr\u00f3 recibiendo dinero en efectivo de David Le\u00f3n Romero, para supuestamente financiar la campa\u00f1a presidencial de Andr\u00e9s Manuel en 2018.<\/p>\n\n\n\n<p>Se presentaron quejas y denuncias ante el Instituto Nacional Electoral y la FGR, no obstante, no hubo avances en la investigaci\u00f3n del caso.<\/p>\n\n\n\n<h3 class=\"wp-block-heading\"><strong>El caso de SEGALMEX<\/strong><\/h3>\n\n\n\n<p>Tampoco se puede olvidar el desfalco de&nbsp;<a href=\"https:\/\/verificado.com.mx\/segalmex-gobierno-reserva-informacion-corrupcion\/\">SEGALMEX<\/a>&nbsp;como otro gran esc\u00e1ndalo de corrupci\u00f3n de la presente administraci\u00f3n.&nbsp;<strong>Seguridad Alimentaria Mexicana<\/strong>&nbsp;(SEGALMEX) es un organismo descentralizado que \u201cbusca la autosuficiencia alimentaria y fomentar el desarrollo econ\u00f3mico y social del pa\u00eds\u201d.<\/p>\n\n\n\n<p>Pero, en 2019 la&nbsp;<a href=\"https:\/\/www.asf.gob.mx\/Trans\/Informes\/IR2019b\/Documentos\/Auditorias\/2019_0284_a.pdf\" rel=\"noreferrer noopener\" target=\"_blank\">Auditor\u00eda Superior de la Federaci\u00f3n<\/a>&nbsp;(ASF) alert\u00f3 sobre anomal\u00edas en el gasto administrativo correspondientes a&nbsp;<strong>mil 148 millones de peso<\/strong>s. Adem\u00e1s en otros rubros de gasto, la ASF encontr\u00f3&nbsp;<strong>6 mil millones de pesos<\/strong>&nbsp;con anomal\u00edas en 2019 y&nbsp;<strong>3 mil 500 millones de pesos<\/strong>&nbsp;en 2020.<\/p>\n\n\n\n<p>Aunque, fuentes de la&nbsp;<a href=\"https:\/\/animalpolitico.com\/politica\/caso-segalmex-desvio-nomina-ilegal\" rel=\"noreferrer noopener\" target=\"_blank\">Fiscal\u00eda General de la Rep\u00fablica<\/a>&nbsp;indican que hay otros casos de desv\u00edo, con los cuales el monto presuntamente desviado aumentar\u00eda hasta&nbsp;<strong>17 mil millones de pesos.<\/strong><\/p>\n\n\n\n<p>Sobre el caso SEGALMEX, en 2023 se giraron \u00f3rdenes de aprehensi\u00f3n contra&nbsp;<strong>22 personas<\/strong>&nbsp;vinculadas al desfalco seg\u00fan lo dieron a conocer<a href=\"https:\/\/politica.expansion.mx\/mexico\/2023\/03\/09\/fgr-obtiene-ordenes-de-aprehension-contra-22-involucrados-en-el-caso-segalmex\" rel=\"noreferrer noopener\" target=\"_blank\">&nbsp;medios de comunicaci\u00f3n.<\/a><\/p>\n\n\n\n<h3 class=\"wp-block-heading\"><strong>Familiares de L\u00f3pez Obrador viven con lujos<\/strong><\/h3>\n\n\n\n<p>Andr\u00e9s Manuel L\u00f3pez Obrador ha pregonado en m\u00faltiples ocasiones la&nbsp;<strong>austeridad<\/strong>&nbsp;como pilar de su gobierno. No obstante, en&nbsp;<a href=\"https:\/\/contralacorrupcion.mx\/asi-vive-en-houston-el-hijo-mayor-de-amlo\/\" rel=\"noreferrer noopener\" target=\"_blank\">2022<\/a>&nbsp;se dio a conocer que&nbsp;<strong>Jos\u00e9 Ram\u00f3n L\u00f3pez Beltr\u00e1n<\/strong>, hijo del presidente habitaba una vivienda de lujo con valor cercano al&nbsp;<strong>mill\u00f3n de d\u00f3lares<\/strong>&nbsp;en Conroe, Texas.<\/p>\n\n\n\n<p>La casa en la que habitaban L\u00f3pez Beltr\u00e1n y su esposa&nbsp;<strong>Carolyn Adams<\/strong>&nbsp;es conocida como&nbsp;<a href=\"https:\/\/contralacorrupcion.mx\/cuentasclaras\/las-nuevas-revelaciones-de-la-casa-gris\/\" rel=\"noreferrer noopener\" target=\"_blank\">\u201cLa Casa Gris\u201d<\/a>&nbsp;y era propiedad de un alto directivo de&nbsp;<strong>Baker Hughes<\/strong>, una compa\u00f1\u00eda petrolera con la que el gobierno mexicano tiene contratos vigentes por m\u00e1s de&nbsp;<strong>151 millones de d\u00f3lares<\/strong>.<\/p>\n\n\n\n<p>En 2021, L\u00f3pez Beltr\u00e1n y Adams se mudaron a otra residencia registrada como propiedad de Carolyn Adams con un valor estimado de entre<strong>&nbsp;628 mil y 948 mil 475 d\u00f3lares<\/strong>. Adem\u00e1s en la investigaci\u00f3n de MCCI y Latinus se revel\u00f3 que Jos\u00e9 Ram\u00f3n L\u00f3pez Beltr\u00e1n manejaba una camioneta con valor equivalente a&nbsp;<strong>1.4 millones de pesos<\/strong>.<\/p>\n\n\n\n<h3 class=\"wp-block-heading\"><strong>Poblaci\u00f3n mexicana percibe corrupci\u00f3n<\/strong><\/h3>\n\n\n\n<p>La&nbsp;<a href=\"https:\/\/contralacorrupcion.mx\/encuesta-mcci-2024\/\" rel=\"noreferrer noopener\" target=\"_blank\">Encuesta Nacional sobre Corrupci\u00f3n e Impunidad&nbsp;<\/a>publicada por MCCI el 20 de agosto de 12024 establece que&nbsp;<strong>8 de cada 10 personas<\/strong>&nbsp;consideran que suceden actos de corrupci\u00f3n con mucha frecuencia en el pa\u00eds.&nbsp;<\/p>\n\n\n\n<p>Asimismo en 2024, la corrupci\u00f3n fue el&nbsp;<strong>segundo problema m\u00e1s importante para la poblaci\u00f3n mexicana,<\/strong>&nbsp;solo superado por la inseguridad y el 56% de la muestra de la encuesta percibe que en los \u00faltimos 12 meses la corrupci\u00f3n del pa\u00eds<strong>&nbsp;ha aumentado<\/strong>.<\/p>\n\n\n\n<p>Usando otra fuente, la&nbsp;<strong>Encuesta Nacional de Calidad e Impacto Gubernamental<\/strong>&nbsp;(ENCIG) del INEGI indica que el&nbsp;<strong>83.1%<\/strong>&nbsp;de las y los mexicanos consideran que los actos de corrupci\u00f3n son frecuentes o muy frecuentes.<\/p>\n\n\n\n<p>Aunque la ENCIG documenta una reducci\u00f3n en la percepci\u00f3n de corrupci\u00f3n en el sexenio de L\u00f3pez Obrador ya que pas\u00f3 de 91.1 en 2017 a 83.1 en 2023, no se puede asegurar que \u201cno hubo corrupci\u00f3n\u201d como dijo el presidente.<\/p>\n\n\n\n<p>Fuente: <a href=\"https:\/\/verificado.com.mx\/falso-no-corrupcion-amlo-6-informe\/\">https:\/\/verificado.com.mx\/falso-no-corrupcion-amlo-6-informe\/<\/a><\/p>\n","protected":false},"excerpt":{"rendered":"<p>Por Debanhi Soto \/ Verificado MX Como parte de la promoci\u00f3n a su \u00faltimo&nbsp;&nbsp;informe&nbsp;de gobierno,&nbsp;Andr\u00e9s Manuel L\u00f3pez Obrador&nbsp;public\u00f3 una serie [&hellip;]<\/p>\n","protected":false},"author":1,"featured_media":83937,"comment_status":"open","ping_status":"open","sticky":false,"template":"","format":"standard","meta":{"site-sidebar-layout":"default","site-content-layout":"","ast-site-content-layout":"default","site-content-style":"default","site-sidebar-style":"default","ast-global-header-display":"","ast-banner-title-visibility":"","ast-main-header-display":"","ast-hfb-above-header-display":"","ast-hfb-below-header-display":"","ast-hfb-mobile-header-display":"","site-post-title":"","ast-breadcrumbs-content":"","ast-featured-img":"","footer-sml-layout":"","theme-transparent-header-meta":"","adv-header-id-meta":"","stick-header-meta":"","header-above-stick-meta":"","header-main-stick-meta":"","header-below-stick-meta":"","astra-migrate-meta-layouts":"default","ast-page-background-enabled":"default","ast-page-background-meta":{"desktop":{"background-color":"var(--ast-global-color-4)","background-image":"","background-repeat":"repeat","background-position":"center center","background-size":"auto","background-attachment":"scroll","background-type":"","background-media":"","overlay-type":"","overlay-color":"","overlay-opacity":"","overlay-gradient":""},"tablet":{"background-color":"","background-image":"","background-repeat":"repeat","background-position":"center center","background-size":"auto","background-attachment":"scroll","background-type":"","background-media":"","overlay-type":"","overlay-color":"","overlay-opacity":"","overlay-gradient":""},"mobile":{"background-color":"","background-image":"","background-repeat":"repeat","background-position":"center center","background-size":"auto","background-attachment":"scroll","background-type":"","background-media":"","overlay-type":"","overlay-color":"","overlay-opacity":"","overlay-gradient":""}},"ast-content-background-meta":{"desktop":{"background-color":"var(--ast-global-color-5)","background-image":"","background-repeat":"repeat","background-position":"center center","background-size":"auto","background-attachment":"scroll","background-type":"","background-media":"","overlay-type":"","overlay-color":"","overlay-opacity":"","overlay-gradient":""},"tablet":{"background-color":"var(--ast-global-color-5)","background-image":"","background-repeat":"repeat","background-position":"center center","background-size":"auto","background-attachment":"scroll","background-type":"","background-media":"","overlay-type":"","overlay-color":"","overlay-opacity":"","overlay-gradient":""},"mobile":{"background-color":"var(--ast-global-color-5)","background-image":"","background-repeat":"repeat","background-position":"center center","background-size":"auto","background-attachment":"scroll","background-type":"","background-media":"","overlay-type":"","overlay-color":"","overlay-opacity":"","overlay-gradient":""}},"footnotes":""},"categories":[8],"tags":[29481,3560,2030,27926],"class_list":["post-83936","post","type-post","status-publish","format-standard","has-post-thumbnail","hentry","category-noticias","tag-corrupcion-sexenio-amlo","tag-pio-lopez-obrador","tag-segalmex","tag-verificadomx-2"],"_links":{"self":[{"href":"https:\/\/losperiodistas.com.mx\/portal\/wp-json\/wp\/v2\/posts\/83936","targetHints":{"allow":["GET"]}}],"collection":[{"href":"https:\/\/losperiodistas.com.mx\/portal\/wp-json\/wp\/v2\/posts"}],"about":[{"href":"https:\/\/losperiodistas.com.mx\/portal\/wp-json\/wp\/v2\/types\/post"}],"author":[{"embeddable":true,"href":"https:\/\/losperiodistas.com.mx\/portal\/wp-json\/wp\/v2\/users\/1"}],"replies":[{"embeddable":true,"href":"https:\/\/losperiodistas.com.mx\/portal\/wp-json\/wp\/v2\/comments?post=83936"}],"version-history":[{"count":1,"href":"https:\/\/losperiodistas.com.mx\/portal\/wp-json\/wp\/v2\/posts\/83936\/revisions"}],"predecessor-version":[{"id":83938,"href":"https:\/\/losperiodistas.com.mx\/portal\/wp-json\/wp\/v2\/posts\/83936\/revisions\/83938"}],"wp:featuredmedia":[{"embeddable":true,"href":"https:\/\/losperiodistas.com.mx\/portal\/wp-json\/wp\/v2\/media\/83937"}],"wp:attachment":[{"href":"https:\/\/losperiodistas.com.mx\/portal\/wp-json\/wp\/v2\/media?parent=83936"}],"wp:term":[{"taxonomy":"category","embeddable":true,"href":"https:\/\/losperiodistas.com.mx\/portal\/wp-json\/wp\/v2\/categories?post=83936"},{"taxonomy":"post_tag","embeddable":true,"href":"https:\/\/losperiodistas.com.mx\/portal\/wp-json\/wp\/v2\/tags?post=83936"}],"curies":[{"name":"wp","href":"https:\/\/api.w.org\/{rel}","templated":true}]}}