{"id":83933,"date":"2024-08-31T09:19:16","date_gmt":"2024-08-31T14:19:16","guid":{"rendered":"https:\/\/losperiodistas.com.mx\/portal\/?p=83933"},"modified":"2024-08-31T09:19:18","modified_gmt":"2024-08-31T14:19:18","slug":"ovidio-guzman-entra-al-programa-de-testigos-protegidos-informa-fuente-de-la-dea-el-universal","status":"publish","type":"post","link":"https:\/\/losperiodistas.com.mx\/portal\/ovidio-guzman-entra-al-programa-de-testigos-protegidos-informa-fuente-de-la-dea-el-universal\/","title":{"rendered":"Ovidio Guzm\u00e1n entra al programa de testigos protegidos, informa fuente de la DEA | El Universal"},"content":{"rendered":"\n<h2 class=\"wp-block-heading\">El caso no se presentar\u00e1 al p\u00fablico porque se calific\u00f3 como clasificado<\/h2>\n\n\n\n<p><img fetchpriority=\"high\" decoding=\"async\" width=\"1100\" height=\"666\" src=\"https:\/\/www.eluniversal.com.mx\/resizer\/v2\/P7JJUROLJJFZPP5WNJGVXVBAUY.jpg?auth=fb836193683613469986a7b02a5c03bff99d52e5cf2652273d98f9af95c3b609&amp;smart=true&amp;width=1100&amp;height=666\" alt=\"Ovidio Guzm\u00e1n L\u00f3pez &quot;El Rat\u00f3n&quot; aparece como ya no bajo custodia del Bur\u00f3 Federal de Prisiones (BOP). Foto: EL UNIVERSAL\">Ovidio Guzm\u00e1n L\u00f3pez \u00abEl Rat\u00f3n\u00bb aparece como ya no bajo custodia del Bur\u00f3 Federal de Prisiones (BOP). <\/p>\n\n\n\n<p>Max Aub<a href=\"https:\/\/www.eluniversal.com.mx\/autores\/max-aub\/\"> \/ El Universal<\/a><\/p>\n\n\n\n<p>Una fuente de la Administraci\u00f3n de Control de Drogas (<a href=\"https:\/\/www.eluniversal.com.mx\/tendencias\/osiel-cardenas-guillen-el-es-el-exlider-del-cartel-del-golfo-y-fundador-de-los-zetas-que-fue-liberado-en-eu\/\" target=\"_blank\" rel=\"noreferrer noopener\"><strong>DEA<\/strong><\/a>, por sus siglas en ingl\u00e9s) inform\u00f3 a&nbsp;<strong>EL UNIVERSAL&nbsp;<\/strong>que&nbsp;<a href=\"https:\/\/www.eluniversal.com.mx\/nacion\/vinculan-a-ovidio-guzman-el-raton-con-el-caso-del-presunto-secuestro-de-el-mayo-zambada\/\" target=\"_blank\" rel=\"noreferrer noopener\"><strong>Ovidio Guzm\u00e1n<\/strong><\/a>, hijo de Joaqu\u00edn \u00abEl Chapo\u00bb Guzm\u00e1n, entr\u00f3 al&nbsp;<strong>programa de testigos protegidos<\/strong>&nbsp;bajo el resguardo (custodia) de los US Marshals y a\u00f1adi\u00f3 que no ser\u00e1 presentado p\u00fablicamente, pues su caso es clasificado.<\/p>\n\n\n\n<p>Guzm\u00e1n L\u00f3pez, \u00abEl Rat\u00f3n\u00bb, aparece como ya no bajo custodia del Bur\u00f3 Federal de Prisiones (BOP). En su ficha del BOP sale como \u00abreleased\u00bb desde el 23 de julio pasado, fecha desde la que se desconoce su ubicaci\u00f3n. Una fuente del Departamento de Justicia confirm\u00f3 a EFE que el otrora l\u00edder de &#8216;Los Chapitos&#8217; sigue bajo la custodia estadounidense y que su pr\u00f3xima cita ante la justicia est\u00e1 programada para el pr\u00f3ximo 1 de octubre en el tribunal de Distrito Norte de Illinois.<\/p>\n\n\n\n<p>El&nbsp;<strong>15 de septiembre de 2023<\/strong>, en pleno D\u00eda de la independencia de M\u00e9xico, el gobierno del presidente Andr\u00e9s Manuel L\u00f3pez Obrador<a href=\"https:\/\/www.eluniversal.com.mx\/nacion\/ovidio-guzman-sigue-en-custodia-en-eu-dice-ken-salazar-tras-arresto-de-el-mayo-zambada-e-hijo-de-el-chapo\/\" target=\"_blank\" rel=\"noreferrer noopener\"><strong>extradit\u00f3 a Estados Unidos<\/strong><\/a>&nbsp;a Guzm\u00e1n L\u00f3pez, para ser presentado ante una Corte de IIIinois, por delitos de tr\u00e1fico de coca\u00edna, metanfetaminas y marihuana.Play Videohttps:\/\/imasdk.googleapis.com\/js\/core\/bridge3.663.0_en.html#goog_1279068220<\/p>\n\n\n\n<p>Ovidio Guzm\u00e1n,&nbsp;<a href=\"https:\/\/www.eluniversal.com.mx\/nacion\/los-chapitos-acordaron-con-eu-entrega-de-joaquin-guzman-para-beneficiar-a-ovidio-rosa-icela-rodriguez\/\" target=\"_blank\" rel=\"noreferrer noopener\"><strong>l\u00edder de \u00abLos Chapitos\u00bb<\/strong><\/a>, fue detenido en M\u00e9xico el 5 de enero de 2023. Estuvo recluido en el Centro Correccional Metropolitano de Chicago, Illinois, y el 18 de marzo pasado la jueza Sharon Johnson Coleman le ley\u00f3 los cargos de que se le acusa.<\/p>\n\n\n\n<p class=\"has-cyan-bluish-gray-background-color has-background\"><strong>Lee tambi\u00e9n\u00a0<\/strong><a href=\"https:\/\/www.eluniversal.com.mx\/nacion\/vinculan-a-ovidio-guzman-el-raton-con-el-caso-del-presunto-secuestro-de-el-mayo-zambada\/\"><strong>FGR vincula a Ovidio Guzm\u00e1n con el presunto secuestro de \u00abEl Mayo\u00bb; desconoce ubicaci\u00f3n del hijo de \u00abEl Chapo\u00bb<\/strong><\/a><\/p>\n\n\n\n<p>El abogado de Ovidio es el mismo que el de su padre, \u00abEl Chapo\u00bb, exl\u00edder del&nbsp;<a href=\"https:\/\/www.eluniversal.com.mx\/nacion\/esta-tranquilo-sinaloa-afirma-gobernador-rocha-moya-tras-enfrentamientos-del-ejercito-con-criminales\/\" target=\"_blank\" rel=\"noreferrer noopener\"><strong>C\u00e1rtel de Sinaloa<\/strong><\/a>: Jeffrey Lichtman. Guzm\u00e1n Loera fue condenado a cadena perpetua, que cumple en la prisi\u00f3n de m\u00e1xima seguridad ADX en Florence, en Colorado.<\/p>\n\n\n\n<p>Los cargos contra Ovidio en Estados Unidos son igualmente graves: conspiraci\u00f3n para importar drogas, conspiraci\u00f3n para distribuir drogas, participaci\u00f3n en una empresa criminal continua, lavado de dinero y posesi\u00f3n de arma de fuego, entre otros. Ovidio se declar\u00f3&nbsp;<strong>no culpable&nbsp;<\/strong>de las acusaciones en su contra. Adem\u00e1s, su involucramiento en la distribuci\u00f3n de&nbsp;<a href=\"https:\/\/www.eluniversal.com.mx\/nacion\/en-bc-el-semaforo-rastrea-drogas-en-los-muertos\/\" target=\"_blank\" rel=\"noreferrer noopener\"><strong>fentanilo<\/strong><\/a>, que en 2022 caus\u00f3 la muerte de casi 80 mil personas en Estados Unidos, lo coloca en una posici\u00f3n m\u00e1s dif\u00edcil, con el gobierno de Estados Unidos tratando de enviar el mensaje de que quienes est\u00e1n causando la muerte de decenas de miles de ciudadanos pagar\u00e1n el precio.<\/p>\n\n\n\n<p>Una&nbsp;<strong>nueva audiencia&nbsp;<\/strong>en el caso de Ovidio est\u00e1 programada para el&nbsp;<strong>1 de octubre&nbsp;<\/strong>pr\u00f3ximo.<\/p>\n\n\n\n<p class=\"has-cyan-bluish-gray-background-color has-background\"><strong>Lee tambi\u00e9n&nbsp;<\/strong><a href=\"https:\/\/www.eluniversal.com.mx\/mundo\/osiel-cardenas-guillen-exlider-del-cartel-del-golfo-y-fundador-de-los-zetas-sale-de-prision-en-estados-unidos\/\" target=\"_blank\" rel=\"noreferrer noopener\"><strong>Osiel C\u00e1rdenas Guill\u00e9n, exl\u00edder del C\u00e1rtel del Golfo y fundador de Los Zetas, sale de prisi\u00f3n en Estados Unidos<\/strong><\/a><\/p>\n\n\n\n<h2 class=\"wp-block-heading\">Vinculan a \u00abEl Rat\u00f3n\u00bb con caso de \u00abEl Mayo\u00bb Zambada<\/h2>\n\n\n\n<p>Este jueves, la Fiscal\u00eda General de la Rep\u00fablica (<strong>FGR<\/strong>) vincul\u00f3 a\u00a0<a href=\"https:\/\/www.eluniversal.com.mx\/nacion\/amlo-avala-que-joaquin-y-ovidio-guzman-negocien-con-autoridades-de-eu-sentencias-favorables\/\" target=\"_blank\" rel=\"noreferrer noopener\"><strong>Ovidio Guzm\u00e1n L\u00f3pez<\/strong><\/a>con el caso del presunto secuestro del capo del\u00a0<a href=\"https:\/\/www.eluniversal.com.mx\/nacion\/amlo-y-claudia-sheinbaum-muestran-respaldo-a-gobernador-de-sinaloa-a-un-mes-de-la-detencion-de-el-mayo-zambada\/\" target=\"_blank\" rel=\"noreferrer noopener\"><strong>C\u00e1rtel de Sinaloa<\/strong><\/a>, Ismael Zambada Garc\u00eda,\u00a0<strong>\u00abEl Mayo\u00bb<\/strong>, ya que, inform\u00f3, dos d\u00edas antes de los hechos ocurridos en julio, el hijo de\u00a0<strong>Joaqu\u00edn Guzm\u00e1n Loera<\/strong>\u00a0fue sacado de la prisi\u00f3n en la que estaba preso en los Estados Unidos.<\/p>\n\n\n\n<p>La FGR revel\u00f3 que obtuvo \u00abdatos probatorios de una secuencia cronol\u00f3gica, la cual se inicia con la excarcelaci\u00f3n de Ovidio \u201cG\u201d, de una prisi\u00f3n de alta seguridad del sistema carcelario estadounidense, en fecha 23 de julio de 2024, (dos d\u00edas antes del presunto secuestro de Ismael \u201cN\u201d); desconoci\u00e9ndose, hasta ese momento, cu\u00e1l es el estatus actual de dicha persona y su ubicaci\u00f3n dentro del territorio norteamericano\u00bb.<\/p>\n\n\n\n<p>El d\u00eda de la captura de \u00abEl Mayo\u00bb, la Agencia Federal de Prisiones (BOP) de Estados Unidos mostraba en su sistema que ya no estaba bajo su custodia Ovidio Guzm\u00e1n, detenido por M\u00e9xico y extraditado a Estados Unidos en 2023 por ser uno de los mayores presuntos responsables del\u00a0<a href=\"https:\/\/www.eluniversal.com.mx\/opinion\/carlos-loret-de-mola\/caso-mayo-zambada-el-gobierno-mexicano-sabia-todo\/\" target=\"_blank\" rel=\"noreferrer noopener\"><strong>tr\u00e1fico de fentanilo<\/strong><\/a>\u00a0hacia Norteam\u00e9rica.<\/p>\n\n\n\n<p>Fuente: <a href=\"https:\/\/www.eluniversal.com.mx\/mundo\/ovidio-guzman-entra-al-programa-de-testigos-protegidos-informa-la-dea\/\">https:\/\/www.eluniversal.com.mx\/mundo\/ovidio-guzman-entra-al-programa-de-testigos-protegidos-informa-la-dea\/<\/a><\/p>\n","protected":false},"excerpt":{"rendered":"<p>El caso no se presentar\u00e1 al p\u00fablico porque se calific\u00f3 como clasificado Ovidio Guzm\u00e1n L\u00f3pez \u00abEl Rat\u00f3n\u00bb aparece como ya [&hellip;]<\/p>\n","protected":false},"author":1,"featured_media":83934,"comment_status":"open","ping_status":"open","sticky":false,"template":"","format":"standard","meta":{"site-sidebar-layout":"default","site-content-layout":"","ast-site-content-layout":"default","site-content-style":"default","site-sidebar-style":"default","ast-global-header-display":"","ast-banner-title-visibility":"","ast-main-header-display":"","ast-hfb-above-header-display":"","ast-hfb-below-header-display":"","ast-hfb-mobile-header-display":"","site-post-title":"","ast-breadcrumbs-content":"","ast-featured-img":"","footer-sml-layout":"","theme-transparent-header-meta":"","adv-header-id-meta":"","stick-header-meta":"","header-above-stick-meta":"","header-main-stick-meta":"","header-below-stick-meta":"","astra-migrate-meta-layouts":"default","ast-page-background-enabled":"default","ast-page-background-meta":{"desktop":{"background-color":"var(--ast-global-color-4)","background-image":"","background-repeat":"repeat","background-position":"center center","background-size":"auto","background-attachment":"scroll","background-type":"","background-media":"","overlay-type":"","overlay-color":"","overlay-opacity":"","overlay-gradient":""},"tablet":{"background-color":"","background-image":"","background-repeat":"repeat","background-position":"center center","background-size":"auto","background-attachment":"scroll","background-type":"","background-media":"","overlay-type":"","overlay-color":"","overlay-opacity":"","overlay-gradient":""},"mobile":{"background-color":"","background-image":"","background-repeat":"repeat","background-position":"center center","background-size":"auto","background-attachment":"scroll","background-type":"","background-media":"","overlay-type":"","overlay-color":"","overlay-opacity":"","overlay-gradient":""}},"ast-content-background-meta":{"desktop":{"background-color":"var(--ast-global-color-5)","background-image":"","background-repeat":"repeat","background-position":"center center","background-size":"auto","background-attachment":"scroll","background-type":"","background-media":"","overlay-type":"","overlay-color":"","overlay-opacity":"","overlay-gradient":""},"tablet":{"background-color":"var(--ast-global-color-5)","background-image":"","background-repeat":"repeat","background-position":"center center","background-size":"auto","background-attachment":"scroll","background-type":"","background-media":"","overlay-type":"","overlay-color":"","overlay-opacity":"","overlay-gradient":""},"mobile":{"background-color":"var(--ast-global-color-5)","background-image":"","background-repeat":"repeat","background-position":"center center","background-size":"auto","background-attachment":"scroll","background-type":"","background-media":"","overlay-type":"","overlay-color":"","overlay-opacity":"","overlay-gradient":""}},"footnotes":""},"categories":[8],"tags":[2917,29480],"class_list":["post-83933","post","type-post","status-publish","format-standard","has-post-thumbnail","hentry","category-noticias","tag-ovidio-guzman","tag-testigos-protegidos-dea"],"_links":{"self":[{"href":"https:\/\/losperiodistas.com.mx\/portal\/wp-json\/wp\/v2\/posts\/83933","targetHints":{"allow":["GET"]}}],"collection":[{"href":"https:\/\/losperiodistas.com.mx\/portal\/wp-json\/wp\/v2\/posts"}],"about":[{"href":"https:\/\/losperiodistas.com.mx\/portal\/wp-json\/wp\/v2\/types\/post"}],"author":[{"embeddable":true,"href":"https:\/\/losperiodistas.com.mx\/portal\/wp-json\/wp\/v2\/users\/1"}],"replies":[{"embeddable":true,"href":"https:\/\/losperiodistas.com.mx\/portal\/wp-json\/wp\/v2\/comments?post=83933"}],"version-history":[{"count":1,"href":"https:\/\/losperiodistas.com.mx\/portal\/wp-json\/wp\/v2\/posts\/83933\/revisions"}],"predecessor-version":[{"id":83935,"href":"https:\/\/losperiodistas.com.mx\/portal\/wp-json\/wp\/v2\/posts\/83933\/revisions\/83935"}],"wp:featuredmedia":[{"embeddable":true,"href":"https:\/\/losperiodistas.com.mx\/portal\/wp-json\/wp\/v2\/media\/83934"}],"wp:attachment":[{"href":"https:\/\/losperiodistas.com.mx\/portal\/wp-json\/wp\/v2\/media?parent=83933"}],"wp:term":[{"taxonomy":"category","embeddable":true,"href":"https:\/\/losperiodistas.com.mx\/portal\/wp-json\/wp\/v2\/categories?post=83933"},{"taxonomy":"post_tag","embeddable":true,"href":"https:\/\/losperiodistas.com.mx\/portal\/wp-json\/wp\/v2\/tags?post=83933"}],"curies":[{"name":"wp","href":"https:\/\/api.w.org\/{rel}","templated":true}]}}