{"id":83927,"date":"2024-08-31T08:54:27","date_gmt":"2024-08-31T13:54:27","guid":{"rendered":"https:\/\/losperiodistas.com.mx\/portal\/?p=83927"},"modified":"2024-08-31T08:54:29","modified_gmt":"2024-08-31T13:54:29","slug":"olga-sanchez-cordero-va-por-cambios-en-reforma-al-poder-judicial-la-lista","status":"publish","type":"post","link":"https:\/\/losperiodistas.com.mx\/portal\/olga-sanchez-cordero-va-por-cambios-en-reforma-al-poder-judicial-la-lista\/","title":{"rendered":"Olga S\u00e1nchez Cordero va por cambios en reforma al Poder Judicial | La-Lista"},"content":{"rendered":"\n<p class=\"has-medium-font-size\">Las modificaciones se centrar\u00e1n en la idoneidad de perfiles para la elecci\u00f3n por voto popular de jueces y magistrados.<\/p>\n\n\n\n<figure class=\"wp-block-image size-large\"><img fetchpriority=\"high\" decoding=\"async\" width=\"1024\" height=\"576\" src=\"https:\/\/losperiodistas.com.mx\/portal\/wp-content\/uploads\/2024\/08\/olga-sanchez-cordero-fiscales-gobernadores-iniciativa-1024x576.jpeg\" alt=\"\" class=\"wp-image-83928\" srcset=\"https:\/\/losperiodistas.com.mx\/portal\/wp-content\/uploads\/2024\/08\/olga-sanchez-cordero-fiscales-gobernadores-iniciativa-1024x576.jpeg 1024w, https:\/\/losperiodistas.com.mx\/portal\/wp-content\/uploads\/2024\/08\/olga-sanchez-cordero-fiscales-gobernadores-iniciativa-300x169.jpeg 300w, https:\/\/losperiodistas.com.mx\/portal\/wp-content\/uploads\/2024\/08\/olga-sanchez-cordero-fiscales-gobernadores-iniciativa-768x432.jpeg 768w, https:\/\/losperiodistas.com.mx\/portal\/wp-content\/uploads\/2024\/08\/olga-sanchez-cordero-fiscales-gobernadores-iniciativa.jpeg 1280w\" sizes=\"(max-width: 1024px) 100vw, 1024px\" \/><figcaption>Fotograf\u00eda: Twitter<\/figcaption><\/figure>\n\n\n\n<p class=\"has-vivid-red-color has-text-color has-medium-font-size\"><strong>Redacci\u00f3n La-Lista<\/strong><\/p>\n\n\n\n<p>La diputada y exministra,&nbsp;<strong>Olga S\u00e1nchez Cordero,&nbsp;<\/strong>propuso modificaciones a la&nbsp;<strong>reforma al Poder Judicial<\/strong>&nbsp;impulsada por el presidente Andr\u00e9s Manuel L\u00f3pez Obrador (AMLO).<\/p>\n\n\n\n<p>El mandatario envi\u00f3 un paquete de&nbsp;<strong>20 iniciativas<\/strong>. Del total, 19 ya fueron aprobadas, entre ellas, los cambios al Poder Judicial que mantienen en paro indefinido de labores a sus integrantes porque propone la elecci\u00f3n por voto popular de jueces y magistrados, lo que deja del lado ex\u00e1menes profesionales.<\/p>\n\n\n\n<p><strong><a target=\"_blank\" href=\"https:\/\/la-lista.com\/entretenimiento\/accidente-reparto-quien-es-quien-en-la-serie-de-netflix\" rel=\"noreferrer noopener\"><em>Accidente<\/em>reparto: qui\u00e9n es qui\u00e9n en la serie de Netflix<\/a><\/strong><a target=\"_blank\" href=\"https:\/\/la-lista.com\/entretenimiento\/accidente-reparto-quien-es-quien-en-la-serie-de-netflix\" rel=\"noreferrer noopener\">Leer mas<\/a><\/p>\n\n\n\n<p>Tambi\u00e9n ha generado advertencias internacionales que llevaron al titular del Ejecutivo a \u201cpausar\u201d las relaciones con las embajadas de Estados Unidos (EU) y Canad\u00e1.<\/p>\n\n\n\n<p>La Comisi\u00f3n de Puntos Constitucionales de la C\u00e1mara de Diputados aval\u00f3 el dictamen de la reforma con 22 votos a favor y 17 en contra con m\u00e1s de cien modificaciones. Queda pendiente su an\u00e1lisis en el Pleno de la pr\u00f3xima legislatura que iniciar\u00e1 el 1 de septiembre con el cambio de gobierno.<\/p>\n\n\n\n<p>Previo a este paso, Movimiento Regeneraci\u00f3n Nacional (Morena) conform\u00f3 un grupo para acordar los cambios que propondr\u00e1n.<\/p>\n\n\n\n<p>Al salir de su&nbsp;<a href=\"https:\/\/comunicacionsocial.diputados.gob.mx\/index.php\/notilegis\/informan-olga-sanchez-y-leonel-godoy-que-este-viernes-se-reunio-grupo-de-trabajo-para-revisar-el-dictamen-de-reforma-constitucional-al-poder-judicial\" target=\"_blank\" rel=\"noreferrer noopener\">primera reuni\u00f3n<\/a>, la diputada Olga S\u00e1nchez Cordero neg\u00f3 que est\u00e9n a favor de quitar la elecci\u00f3n de integrantes del Poder Judicial por voto popular sino que afinan los requisitos y perfiles de los nombres que estar\u00e1n en las urnas.<\/p>\n\n\n\n<p>\u201cLo que puedo estar muy tranquila es que (las modificaciones) est\u00e1n puestas en raz\u00f3n y son para mejorar. Los m\u00e1s importantes son los requisitos de idoneidad, el perfil de quienes van a ir a las urnas\u201d, explic\u00f3.<\/p>\n\n\n\n<p><strong><a target=\"_blank\" href=\"https:\/\/la-lista.com\/entretenimiento\/nadie-nos-va-a-extranar-reparto-quien-es-quien-en-la-serie-de-prime-video\" rel=\"noreferrer noopener\">Nadie nos va a extra\u00f1ar: Qui\u00e9n es qui\u00e9n en el reparto de la serie de Prime Video<\/a><\/strong><a target=\"_blank\" href=\"https:\/\/la-lista.com\/entretenimiento\/nadie-nos-va-a-extranar-reparto-quien-es-quien-en-la-serie-de-prime-video\" rel=\"noreferrer noopener\">Leer mas<\/a><\/p>\n\n\n\n<p>Riter\u00f3 que \u201cson irreductibles dos cuestiones en la reforma: la desaparici\u00f3n del Consejo de la Judicatura Federal (CJF) y la sustituci\u00f3n por un tribunal de disciplina y un \u00f3rgano administrativo independiente, as\u00ed como la elecci\u00f3n de jueces, pues lo que queremos ver es qui\u00e9nes van a llegar a ser electos\u201d.<\/p>\n\n\n\n<p>El diputado Leonel Godoy Rangel enfatiz\u00f3 que pese a las diversas propuestas, Morena votar\u00e1 en unidad.<\/p>\n\n\n\n<p>\u201cVamos a ir todos juntos. Hay unas propuestas, como las de la diputada Olga S\u00e1nchez Cordero y de la diputada Irma Juan Carlos, que tienen que ver con el tema de la pluriculturalidad y de los pueblos ind\u00edgenas. Entonces, hay varias propuestas sobre la mesa y las vamos a revisar. La idea es que nos escuchemos, debatamos, tengamos una sola propuesta\u201d, ahond\u00f3.<\/p>\n\n\n\n<figure class=\"wp-block-embed is-type-video is-provider-youtube wp-block-embed-youtube wp-embed-aspect-16-9 wp-has-aspect-ratio\"><div class=\"wp-block-embed__wrapper\">\n<iframe title=\"Ent. | Dips. Leonel Godoy Rangel y  Olga S\u00e1nchez Cordero | Morena LXVI Legislatura |  30\/08\/2024\" width=\"500\" height=\"281\" src=\"https:\/\/www.youtube.com\/embed\/uMKXYFfybZ0?feature=oembed\" frameborder=\"0\" allow=\"accelerometer; autoplay; clipboard-write; encrypted-media; gyroscope; picture-in-picture; web-share\" referrerpolicy=\"strict-origin-when-cross-origin\" allowfullscreen><\/iframe>\n<\/div><\/figure>\n\n\n\n<p><\/p>\n\n\n\n<p>Fuente: <a href=\"https:\/\/la-lista.com\/poder\/olga-sanchez-cordero-va-por-cambios-en-reforma-al-poder-judicial\">https:\/\/la-lista.com\/poder\/olga-sanchez-cordero-va-por-cambios-en-reforma-al-poder-judicial<\/a><\/p>\n","protected":false},"excerpt":{"rendered":"<p>Las modificaciones se centrar\u00e1n en la idoneidad de perfiles para la elecci\u00f3n por voto popular de jueces y magistrados. Redacci\u00f3n [&hellip;]<\/p>\n","protected":false},"author":1,"featured_media":83928,"comment_status":"open","ping_status":"open","sticky":false,"template":"","format":"standard","meta":{"site-sidebar-layout":"default","site-content-layout":"","ast-site-content-layout":"default","site-content-style":"default","site-sidebar-style":"default","ast-global-header-display":"","ast-banner-title-visibility":"","ast-main-header-display":"","ast-hfb-above-header-display":"","ast-hfb-below-header-display":"","ast-hfb-mobile-header-display":"","site-post-title":"","ast-breadcrumbs-content":"","ast-featured-img":"","footer-sml-layout":"","theme-transparent-header-meta":"","adv-header-id-meta":"","stick-header-meta":"","header-above-stick-meta":"","header-main-stick-meta":"","header-below-stick-meta":"","astra-migrate-meta-layouts":"default","ast-page-background-enabled":"default","ast-page-background-meta":{"desktop":{"background-color":"var(--ast-global-color-4)","background-image":"","background-repeat":"repeat","background-position":"center center","background-size":"auto","background-attachment":"scroll","background-type":"","background-media":"","overlay-type":"","overlay-color":"","overlay-opacity":"","overlay-gradient":""},"tablet":{"background-color":"","background-image":"","background-repeat":"repeat","background-position":"center center","background-size":"auto","background-attachment":"scroll","background-type":"","background-media":"","overlay-type":"","overlay-color":"","overlay-opacity":"","overlay-gradient":""},"mobile":{"background-color":"","background-image":"","background-repeat":"repeat","background-position":"center center","background-size":"auto","background-attachment":"scroll","background-type":"","background-media":"","overlay-type":"","overlay-color":"","overlay-opacity":"","overlay-gradient":""}},"ast-content-background-meta":{"desktop":{"background-color":"var(--ast-global-color-5)","background-image":"","background-repeat":"repeat","background-position":"center center","background-size":"auto","background-attachment":"scroll","background-type":"","background-media":"","overlay-type":"","overlay-color":"","overlay-opacity":"","overlay-gradient":""},"tablet":{"background-color":"var(--ast-global-color-5)","background-image":"","background-repeat":"repeat","background-position":"center center","background-size":"auto","background-attachment":"scroll","background-type":"","background-media":"","overlay-type":"","overlay-color":"","overlay-opacity":"","overlay-gradient":""},"mobile":{"background-color":"var(--ast-global-color-5)","background-image":"","background-repeat":"repeat","background-position":"center center","background-size":"auto","background-attachment":"scroll","background-type":"","background-media":"","overlay-type":"","overlay-color":"","overlay-opacity":"","overlay-gradient":""}},"footnotes":""},"categories":[8],"tags":[29474,3354,26193,29475],"class_list":["post-83927","post","type-post","status-publish","format-standard","has-post-thumbnail","hentry","category-noticias","tag-jueces-eleccion-popular","tag-olga-sanchez-cordero","tag-reforma-judicial","tag-requisitos-de-idoneidad"],"_links":{"self":[{"href":"https:\/\/losperiodistas.com.mx\/portal\/wp-json\/wp\/v2\/posts\/83927","targetHints":{"allow":["GET"]}}],"collection":[{"href":"https:\/\/losperiodistas.com.mx\/portal\/wp-json\/wp\/v2\/posts"}],"about":[{"href":"https:\/\/losperiodistas.com.mx\/portal\/wp-json\/wp\/v2\/types\/post"}],"author":[{"embeddable":true,"href":"https:\/\/losperiodistas.com.mx\/portal\/wp-json\/wp\/v2\/users\/1"}],"replies":[{"embeddable":true,"href":"https:\/\/losperiodistas.com.mx\/portal\/wp-json\/wp\/v2\/comments?post=83927"}],"version-history":[{"count":1,"href":"https:\/\/losperiodistas.com.mx\/portal\/wp-json\/wp\/v2\/posts\/83927\/revisions"}],"predecessor-version":[{"id":83929,"href":"https:\/\/losperiodistas.com.mx\/portal\/wp-json\/wp\/v2\/posts\/83927\/revisions\/83929"}],"wp:featuredmedia":[{"embeddable":true,"href":"https:\/\/losperiodistas.com.mx\/portal\/wp-json\/wp\/v2\/media\/83928"}],"wp:attachment":[{"href":"https:\/\/losperiodistas.com.mx\/portal\/wp-json\/wp\/v2\/media?parent=83927"}],"wp:term":[{"taxonomy":"category","embeddable":true,"href":"https:\/\/losperiodistas.com.mx\/portal\/wp-json\/wp\/v2\/categories?post=83927"},{"taxonomy":"post_tag","embeddable":true,"href":"https:\/\/losperiodistas.com.mx\/portal\/wp-json\/wp\/v2\/tags?post=83927"}],"curies":[{"name":"wp","href":"https:\/\/api.w.org\/{rel}","templated":true}]}}